{"id":35483,"date":"2015-11-19T08:17:17","date_gmt":"2015-11-19T08:17:17","guid":{"rendered":"https:\/\/350.org\/de\/?p=35483"},"modified":"2023-09-28T11:02:10","modified_gmt":"2023-09-28T11:02:10","slug":"von-den-philippinen-an-paris-unser-ueberleben-ist-nicht-verhandelbar","status":"publish","type":"post","link":"https:\/\/350.org\/de\/von-den-philippinen-an-paris-unser-ueberleben-ist-nicht-verhandelbar\/","title":{"rendered":"Von den Philippinen an Paris: Unser \u00dcberleben ist nicht verhandelbar"},"content":{"rendered":"<p><a href=\"https:\/\/350.org\/philippines-to-paris-our-survival-is-not-negotiable\/\">von Chuck Baclagon, 20. Oktober 2015<\/a><\/p>\n<p><em>Dieser Text wurde netterweise vonDanny Gronmaier, Dora-Maria Sonderhoff und Lori Randall \u00fcbersetzt und von Melanie Mattauch\u00a0Korrektur gelesen.<\/em><\/p>\n<p>&nbsp;<\/p>\n<p>Oft stellen wir uns unter einem Wochenende Freizeit mit Freunden und Familie vor.<\/p>\n<p>Das Gegenteil war jedoch der Fall f\u00fcr die Einwohner von Nord Luzon in den Philippinen, als sie ihr Wochenende damit verbrachten, f\u00fcr die Sicherheit ihrer Freunde und Familien zu sorgen, als der Taifun Koppu (Lando) der Kategorie 4 \u00fcber das Land hereinbrach und weitreichende \u00dcberflutungen und St\u00fcrme zur Folge hatte.<\/p>\n<p>Der Taifun <a href=\"https:\/\/www.weather.com\/storms\/typhoon\/news\/typhoon-koppu-lando-philippines-impacts\">erreichte Casiguran auf der Insel Luzon am Sonntag<\/a> mit einer Windgeschwindigkeit von bis zu 200 km\/h. Laut Berichten z\u00e4hlten zu den am st\u00e4rksten betroffenen Gegenden die \u00f6stlich gelegene K\u00fcstenstadt Baler, wo betr\u00e4chtlicher Schaden an Geb\u00e4uden entstand, und die ca. 100 km n\u00f6rdlich von Manila im Inland gelegene Stadt Cabanatuan, wo es ausgedehnte \u00dcberflutungen gab und mehrere Rettungsaktionen n\u00f6tig wurden.<\/p>\n<p>Am Montag stellte sich heraus, dass Koppu 12 Todesopfer und mehrere Vermisste gefordert, 16.000 obdachlos gemacht und Stromausf\u00e4lle in ganzen Provinzen verursacht hat. In Nueva Ecija, nahe der Stadt Cabanatuan ertranken <a href=\"https:\/\/www.rappler.com\/move-ph\/issues\/disasters\/109866-typhoon-lando-two-farmers-die-saving-carabaos-cabanatuan-city\">zwei \u00e4ltere Bauern<\/a>, Mario Abesamis, 54, und Pedro Tuarez, 65, in den Fluten, als sie versuchten, ihre Wasserb\u00fcffel zu retten.<\/p>\n<p>F\u00fcr die philippinischen Einsatzorgane sind Taifunopfer, die ihr Leben aufs Spiel setzen, um ihre Tiere zu retten, eine immer wieder auftretende Herausforderung. Wasserb\u00fcffel, Carabaos genannt, sind mehr als nur Haustiere f\u00fcr die Bauern; sie sind quasi Familienmitglieder, spielen sie doch als Arbeitstiere eine entscheidende Rolle in der Landwirtschaft und f\u00fcr den Lebensunterhalt.<\/p>\n<div class=\"storify\"><iframe loading=\"lazy\" src=\"\/\/storify.com\/350dotorg\/typhoon-koppu-lando-hitting-the-philippines\/embed?header=false&amp;border=false\" width=\"100%\" height=\"450\" frameborder=\"no\"><\/iframe><script src=\"\/\/storify.com\/350dotorg\/typhoon-koppu-lando-hitting-the-philippines.js?header=false&amp;border=false\"><\/script><noscript>[<a href=\"\/\/storify.com\/350dotorg\/typhoon-koppu-lando-hitting-the-philippines\" target=\"_blank\" rel=\"noopener noreferrer\">View the story &#8222;Typhoon Koppu\/Lando Hitting the Philippines&#8220; on Storify<\/a>]<\/noscript><\/div>\n<p>&nbsp;<\/p>\n<p><strong>Hilfsaufruf<\/strong><\/p>\n<p>Die philippinische Regierung, Hilfs- und humanit\u00e4re Organisationen sind angesichts der Zerst\u00f6rungen durch Taifun Koppu \u00fcberfordert und bitten daher um Unterst\u00fctzung durch Freiwillige und um Sachspenden.<br \/>\nAls \u00dcberlebenshilfe f\u00fcr odachlose Familien, die in Notlagern untergebracht sind, werden derzeit vor allem Nahrung, Medizin, Wasser und Hygieneartikel ben\u00f6tigt.<\/p>\n<p><a href=\"https:\/\/www.facebook.com\/CDRC1984\/photos\/a.10150266561280612.543365.231904500611\/10156107649330612\/?type=1&amp;theater\">Klick hier, um das Citizens\u2019 Disaster Response Center [B\u00fcrgernotfall-Einsatzzentrum] im Einsatz f\u00fcr die bed\u00fcrftigsten und schw\u00e4chsten Mitglieder der Bev\u00f6lkerung zu unterst\u00fctzen<\/a>.<\/p>\n<p><strong>Drastische Aktionen f\u00fcr den Klimaschutz dringend notwendig <\/strong><\/p>\n<p>Die best\u00e4ndig zunehmenden und intensiver werdenden St\u00fcrme, die im vergangenen Jahrzehnt Chaos und Zerst\u00f6rung in den Philippinen verursacht haben, sind eindeutige Zeichen daf\u00fcr, dass die Welt sich ver\u00e4ndert hat, und dass das Drohbild von extremen Wetterereignissen f\u00fcr viele Menschen zu einem <a href=\"https:\/\/www.washingtonpost.com\/news\/energy-environment\/wp\/2015\/06\/22\/study-sees-a-new-normal-for-how-climate-affects-weather-events\/\">neuen Alltag<\/a> geh\u00f6rt.<\/p>\n<p>Verschiedene Gemeinden und Gemeinschaften beginnen den Zusammenhang zwischen extremem Wetter und Klimaschutz zu erkennen.<\/p>\n<p>Meme: \u201eAngesichts der globalen Klimakrise fordern wir weltweite Solidarit\u00e4t, nicht nur um in den Klimaverhandlungen resolut f\u00fcr die am meisten betroffenen Gemeinden einzustehen, sondern auch und ganz besonders, um dar\u00fcber hinaus Siege \u00fcber alle Grenzen hinweg f\u00fcr Menschen im \u00dcberlebenskampf zu erringen.\u201d<\/p>\n<p>Die \u201eAllianz der \u00dcberlebenden von Katastrophen in den Philippinen\u201d (<a href=\"https:\/\/www.facebook.com\/PeopleSurge\">People Surge<\/a>) ist die am breitesten gef\u00e4cherte Organisation von \u00dcberlebenden des Taifuns Haiyan. Sie wurde im Januar 2014 in Tacloban City gegr\u00fcndet und zeigt auf, dass viele Gruppen den Zusammenhang zwischen Naturkatastrophen, der Umwelt, dem Klima, der Politik und der Gesellschaft verstehen.<\/p>\n<p>Indem wir um Hilfe f\u00fcr die am meisten vom Taifun Betroffenen bitten, rufen wir gleichzeitig die Industriel\u00e4nder dazu auf, in den Verhandlungen im Rahmen der kommenden Klimakonferenz in Paris Geld f\u00fcr den Schutz der W\u00e4lder, um umweltsch\u00e4dliche Einfl\u00fcsse verringern und f\u00fcr die Anpassung an Umweltver\u00e4nderungen auf den Tisch zu legen. Es sind L\u00e4nder wie die Philippinen, die den katastrophalen Folgen des Klimawandels, den sie selbst am wenigsten verursachen, am extremsten und unvorbereitesten ausgeliefert sind.<\/p>\n<p>Eine durch Menschen verursachte Erderw\u00e4rmung um ein Grad hat bereits, wie wir beobachten k\u00f6nnen, intensivere St\u00fcrme und vermehrten Regen zur Folge. Dies sollte f\u00fcr uns alle eine ernstzunehmende Warnung vor der Gefahr der globalen Erw\u00e4rmung sein. Einen Temperaturanstieg von 3 Grad Celsius, der uns bevorsteht, wenn wir zulassen, dass Abgase aus fossilen Brennstoffen wie bisher ungez\u00fcgelt ausgesto\u00dfen werden, m\u00fcssen wir verhindern. Business-as-usual wird die Menschen ansonsten <a href=\"https:\/\/germanwatch.org\/en\/9470\">teuer<\/a> zu stehen kommen.<\/p>\n<p>Zwei Jahre sind bereits vergangen seit der Taifun Haiyan \u00fcber Tacloban hereinbrach und noch immer k\u00e4mpfen die \u00dcberlebenden <a href=\"https:\/\/350.org\/haiyan-survivors-rising-up\/\">f\u00fcr ihre W\u00fcrde, ihre Rechte und f\u00fcr Gerechtigkeit<\/a>: sie veranstalten Kampagnen f\u00fcr einen Wiederaufbau, in dem nicht Big Business im Vordergrund steht sondern die Menschen. Sie schlie\u00dfen sich mit diesem Kampf an globale Bestrebungen an, die historischen Treibhausgasverursacher zur Verantwortung zu ziehen.<\/p>\n<p>Deshalb ruft People Surge zu <a href=\"https:\/\/www.facebook.com\/PeopleSurge\/photos\/a.424114954385990.1073741828.416753661788786\/708991159231700\/?type=1&amp;theater\">weltweiten Demonstrationen und zu Solidarit\u00e4t<\/a> von Oktober bis Dezember auf: Erinnert die Regierung der Philippinen und die f\u00fchrenden Regierungschefs der Welt beim Treffen in Paris daran, <strong>dass unser \u00dcberleben nicht verhandelbar ist<\/strong>.<\/p>\n<p>&nbsp;<\/p>\n<p>&nbsp;<\/p>\n","protected":false},"excerpt":{"rendered":"<p>von Chuck Baclagon, 20. Oktober 2015 Dieser Text wurde netterweise vonDanny Gronmaier, Dora-Maria Sonderhoff und Lori Randall \u00fcbersetzt und von<span class=\"text-cutoff\">&#8230;<\/span><\/p>\n","protected":false},"author":10012012,"featured_media":35484,"comment_status":"closed","ping_status":"closed","sticky":false,"template":"","format":"standard","meta":{"_acf_changed":false,"footnotes":""},"categories":[1150,15,16,4],"tags":[],"class_list":["post-35483","post","type-post","status-publish","format-standard","has-post-thumbnail","hentry","category-asia","category-impacts","category-justice","category-featured"],"acf":[],"yoast_head":"<!-- This site is optimized with the Yoast SEO Premium plugin v26.9 (Yoast SEO v27.5) - https:\/\/yoast.com\/product\/yoast-seo-premium-wordpress\/ -->\n<title>Von den Philippinen an Paris: Unser \u00dcberleben ist nicht verhandelbar - 350 Deutsch<\/title>\n<meta name=\"robots\" content=\"index, follow, max-snippet:-1, max-image-preview:large, max-video-preview:-1\" \/>\n<link rel=\"canonical\" href=\"https:\/\/350.org\/de\/von-den-philippinen-an-paris-unser-ueberleben-ist-nicht-verhandelbar\/\" \/>\n<meta property=\"og:locale\" content=\"de_DE\" \/>\n<meta property=\"og:type\" content=\"article\" \/>\n<meta property=\"og:title\" content=\"Von den Philippinen an Paris: Unser \u00dcberleben ist nicht verhandelbar\" \/>\n<meta property=\"og:description\" content=\"von Chuck Baclagon, 20. Oktober 2015 Dieser Text wurde netterweise vonDanny Gronmaier, Dora-Maria Sonderhoff und Lori Randall \u00fcbersetzt und von...\" \/>\n<meta property=\"og:url\" content=\"https:\/\/350.org\/de\/von-den-philippinen-an-paris-unser-ueberleben-ist-nicht-verhandelbar\/\" \/>\n<meta property=\"og:site_name\" content=\"350 Deutsch\" \/>\n<meta property=\"article:published_time\" content=\"2015-11-19T08:17:17+00:00\" \/>\n<meta property=\"article:modified_time\" content=\"2023-09-28T11:02:10+00:00\" \/>\n<meta property=\"og:image\" content=\"https:\/\/350.org\/de\/wp-content\/uploads\/sites\/11\/2016\/01\/1555356_569773606486790_1123645144007323978_n.jpg\" \/>\n\t<meta property=\"og:image:width\" content=\"960\" \/>\n\t<meta property=\"og:image:height\" content=\"960\" \/>\n\t<meta property=\"og:image:type\" content=\"image\/jpeg\" \/>\n<meta name=\"author\" content=\"D\u00e9bora Gastal\" \/>\n<meta name=\"twitter:card\" content=\"summary_large_image\" \/>\n<meta name=\"twitter:creator\" content=\"@deboragastal\" \/>\n<meta name=\"twitter:label1\" content=\"Verfasst von\" \/>\n\t<meta name=\"twitter:data1\" content=\"D\u00e9bora Gastal\" \/>\n\t<meta name=\"twitter:label2\" content=\"Gesch\u00e4tzte Lesezeit\" \/>\n\t<meta name=\"twitter:data2\" content=\"4 Minuten\" \/>\n<script type=\"application\/ld+json\" class=\"yoast-schema-graph\">{\"@context\":\"https:\\\/\\\/schema.org\",\"@graph\":[{\"@type\":\"Article\",\"@id\":\"https:\\\/\\\/350.org\\\/de\\\/von-den-philippinen-an-paris-unser-ueberleben-ist-nicht-verhandelbar\\\/#article\",\"isPartOf\":{\"@id\":\"https:\\\/\\\/350.org\\\/de\\\/von-den-philippinen-an-paris-unser-ueberleben-ist-nicht-verhandelbar\\\/\"},\"author\":{\"name\":\"D\u00e9bora Gastal\",\"@id\":\"https:\\\/\\\/350.org\\\/de\\\/#\\\/schema\\\/person\\\/0632d7eab67421462b6ff196d89cb5a7\"},\"headline\":\"Von den Philippinen an Paris: Unser \u00dcberleben ist nicht verhandelbar\",\"datePublished\":\"2015-11-19T08:17:17+00:00\",\"dateModified\":\"2023-09-28T11:02:10+00:00\",\"mainEntityOfPage\":{\"@id\":\"https:\\\/\\\/350.org\\\/de\\\/von-den-philippinen-an-paris-unser-ueberleben-ist-nicht-verhandelbar\\\/\"},\"wordCount\":798,\"image\":{\"@id\":\"https:\\\/\\\/350.org\\\/de\\\/von-den-philippinen-an-paris-unser-ueberleben-ist-nicht-verhandelbar\\\/#primaryimage\"},\"thumbnailUrl\":\"https:\\\/\\\/350.org\\\/de\\\/wp-content\\\/uploads\\\/sites\\\/11\\\/2016\\\/01\\\/1555356_569773606486790_1123645144007323978_n.jpg\",\"articleSection\":[\"Asia\",\"Climate Impacts\",\"Climate Justice\",\"Featured\"],\"inLanguage\":\"de-DE\"},{\"@type\":\"WebPage\",\"@id\":\"https:\\\/\\\/350.org\\\/de\\\/von-den-philippinen-an-paris-unser-ueberleben-ist-nicht-verhandelbar\\\/\",\"url\":\"https:\\\/\\\/350.org\\\/de\\\/von-den-philippinen-an-paris-unser-ueberleben-ist-nicht-verhandelbar\\\/\",\"name\":\"Von den Philippinen an Paris: Unser \u00dcberleben ist nicht verhandelbar - 350 Deutsch\",\"isPartOf\":{\"@id\":\"https:\\\/\\\/350.org\\\/de\\\/#website\"},\"primaryImageOfPage\":{\"@id\":\"https:\\\/\\\/350.org\\\/de\\\/von-den-philippinen-an-paris-unser-ueberleben-ist-nicht-verhandelbar\\\/#primaryimage\"},\"image\":{\"@id\":\"https:\\\/\\\/350.org\\\/de\\\/von-den-philippinen-an-paris-unser-ueberleben-ist-nicht-verhandelbar\\\/#primaryimage\"},\"thumbnailUrl\":\"https:\\\/\\\/350.org\\\/de\\\/wp-content\\\/uploads\\\/sites\\\/11\\\/2016\\\/01\\\/1555356_569773606486790_1123645144007323978_n.jpg\",\"datePublished\":\"2015-11-19T08:17:17+00:00\",\"dateModified\":\"2023-09-28T11:02:10+00:00\",\"author\":{\"@id\":\"https:\\\/\\\/350.org\\\/de\\\/#\\\/schema\\\/person\\\/0632d7eab67421462b6ff196d89cb5a7\"},\"breadcrumb\":{\"@id\":\"https:\\\/\\\/350.org\\\/de\\\/von-den-philippinen-an-paris-unser-ueberleben-ist-nicht-verhandelbar\\\/#breadcrumb\"},\"inLanguage\":\"de-DE\",\"potentialAction\":[{\"@type\":\"ReadAction\",\"target\":[\"https:\\\/\\\/350.org\\\/de\\\/von-den-philippinen-an-paris-unser-ueberleben-ist-nicht-verhandelbar\\\/\"]}]},{\"@type\":\"ImageObject\",\"inLanguage\":\"de-DE\",\"@id\":\"https:\\\/\\\/350.org\\\/de\\\/von-den-philippinen-an-paris-unser-ueberleben-ist-nicht-verhandelbar\\\/#primaryimage\",\"url\":\"https:\\\/\\\/350.org\\\/de\\\/wp-content\\\/uploads\\\/sites\\\/11\\\/2016\\\/01\\\/1555356_569773606486790_1123645144007323978_n.jpg\",\"contentUrl\":\"https:\\\/\\\/350.org\\\/de\\\/wp-content\\\/uploads\\\/sites\\\/11\\\/2016\\\/01\\\/1555356_569773606486790_1123645144007323978_n.jpg\",\"width\":960,\"height\":960},{\"@type\":\"BreadcrumbList\",\"@id\":\"https:\\\/\\\/350.org\\\/de\\\/von-den-philippinen-an-paris-unser-ueberleben-ist-nicht-verhandelbar\\\/#breadcrumb\",\"itemListElement\":[{\"@type\":\"ListItem\",\"position\":1,\"name\":\"Home\",\"item\":\"https:\\\/\\\/350.org\\\/de\\\/\"},{\"@type\":\"ListItem\",\"position\":2,\"name\":\"Von den Philippinen an Paris: Unser \u00dcberleben ist nicht verhandelbar\"}]},{\"@type\":\"WebSite\",\"@id\":\"https:\\\/\\\/350.org\\\/de\\\/#website\",\"url\":\"https:\\\/\\\/350.org\\\/de\\\/\",\"name\":\"350 Deutsch\",\"description\":\"\",\"potentialAction\":[{\"@type\":\"SearchAction\",\"target\":{\"@type\":\"EntryPoint\",\"urlTemplate\":\"https:\\\/\\\/350.org\\\/de\\\/?s={search_term_string}\"},\"query-input\":{\"@type\":\"PropertyValueSpecification\",\"valueRequired\":true,\"valueName\":\"search_term_string\"}}],\"inLanguage\":\"de-DE\"},{\"@type\":\"Person\",\"@id\":\"https:\\\/\\\/350.org\\\/de\\\/#\\\/schema\\\/person\\\/0632d7eab67421462b6ff196d89cb5a7\",\"name\":\"D\u00e9bora Gastal\",\"image\":{\"@type\":\"ImageObject\",\"inLanguage\":\"de-DE\",\"@id\":\"https:\\\/\\\/350.org\\\/wp-content\\\/uploads\\\/2024\\\/11\\\/cropped-foto-De-baixa-scaled-1-96x96.jpg\",\"url\":\"https:\\\/\\\/350.org\\\/wp-content\\\/uploads\\\/2024\\\/11\\\/cropped-foto-De-baixa-scaled-1-96x96.jpg\",\"contentUrl\":\"https:\\\/\\\/350.org\\\/wp-content\\\/uploads\\\/2024\\\/11\\\/cropped-foto-De-baixa-scaled-1-96x96.jpg\",\"caption\":\"D\u00e9bora Gastal\"},\"sameAs\":[\"https:\\\/\\\/www.instagram.com\\\/degastal\\\/?hl=en\",\"https:\\\/\\\/www.linkedin.com\\\/in\\\/deboragastal\\\/\",\"https:\\\/\\\/x.com\\\/deboragastal\"],\"url\":\"https:\\\/\\\/350.org\\\/de\\\/author\\\/debora\\\/\"}]}<\/script>\n<!-- \/ Yoast SEO Premium plugin. -->","yoast_head_json":{"title":"Von den Philippinen an Paris: Unser \u00dcberleben ist nicht verhandelbar - 350 Deutsch","robots":{"index":"index","follow":"follow","max-snippet":"max-snippet:-1","max-image-preview":"max-image-preview:large","max-video-preview":"max-video-preview:-1"},"canonical":"https:\/\/350.org\/de\/von-den-philippinen-an-paris-unser-ueberleben-ist-nicht-verhandelbar\/","og_locale":"de_DE","og_type":"article","og_title":"Von den Philippinen an Paris: Unser \u00dcberleben ist nicht verhandelbar","og_description":"von Chuck Baclagon, 20. Oktober 2015 Dieser Text wurde netterweise vonDanny Gronmaier, Dora-Maria Sonderhoff und Lori Randall \u00fcbersetzt und von...","og_url":"https:\/\/350.org\/de\/von-den-philippinen-an-paris-unser-ueberleben-ist-nicht-verhandelbar\/","og_site_name":"350 Deutsch","article_published_time":"2015-11-19T08:17:17+00:00","article_modified_time":"2023-09-28T11:02:10+00:00","og_image":[{"width":960,"height":960,"url":"https:\/\/350.org\/de\/wp-content\/uploads\/sites\/11\/2016\/01\/1555356_569773606486790_1123645144007323978_n.jpg","type":"image\/jpeg"}],"author":"D\u00e9bora Gastal","twitter_card":"summary_large_image","twitter_creator":"@deboragastal","twitter_misc":{"Verfasst von":"D\u00e9bora Gastal","Gesch\u00e4tzte Lesezeit":"4 Minuten"},"schema":{"@context":"https:\/\/schema.org","@graph":[{"@type":"Article","@id":"https:\/\/350.org\/de\/von-den-philippinen-an-paris-unser-ueberleben-ist-nicht-verhandelbar\/#article","isPartOf":{"@id":"https:\/\/350.org\/de\/von-den-philippinen-an-paris-unser-ueberleben-ist-nicht-verhandelbar\/"},"author":{"name":"D\u00e9bora Gastal","@id":"https:\/\/350.org\/de\/#\/schema\/person\/0632d7eab67421462b6ff196d89cb5a7"},"headline":"Von den Philippinen an Paris: Unser \u00dcberleben ist nicht verhandelbar","datePublished":"2015-11-19T08:17:17+00:00","dateModified":"2023-09-28T11:02:10+00:00","mainEntityOfPage":{"@id":"https:\/\/350.org\/de\/von-den-philippinen-an-paris-unser-ueberleben-ist-nicht-verhandelbar\/"},"wordCount":798,"image":{"@id":"https:\/\/350.org\/de\/von-den-philippinen-an-paris-unser-ueberleben-ist-nicht-verhandelbar\/#primaryimage"},"thumbnailUrl":"https:\/\/350.org\/de\/wp-content\/uploads\/sites\/11\/2016\/01\/1555356_569773606486790_1123645144007323978_n.jpg","articleSection":["Asia","Climate Impacts","Climate Justice","Featured"],"inLanguage":"de-DE"},{"@type":"WebPage","@id":"https:\/\/350.org\/de\/von-den-philippinen-an-paris-unser-ueberleben-ist-nicht-verhandelbar\/","url":"https:\/\/350.org\/de\/von-den-philippinen-an-paris-unser-ueberleben-ist-nicht-verhandelbar\/","name":"Von den Philippinen an Paris: Unser \u00dcberleben ist nicht verhandelbar - 350 Deutsch","isPartOf":{"@id":"https:\/\/350.org\/de\/#website"},"primaryImageOfPage":{"@id":"https:\/\/350.org\/de\/von-den-philippinen-an-paris-unser-ueberleben-ist-nicht-verhandelbar\/#primaryimage"},"image":{"@id":"https:\/\/350.org\/de\/von-den-philippinen-an-paris-unser-ueberleben-ist-nicht-verhandelbar\/#primaryimage"},"thumbnailUrl":"https:\/\/350.org\/de\/wp-content\/uploads\/sites\/11\/2016\/01\/1555356_569773606486790_1123645144007323978_n.jpg","datePublished":"2015-11-19T08:17:17+00:00","dateModified":"2023-09-28T11:02:10+00:00","author":{"@id":"https:\/\/350.org\/de\/#\/schema\/person\/0632d7eab67421462b6ff196d89cb5a7"},"breadcrumb":{"@id":"https:\/\/350.org\/de\/von-den-philippinen-an-paris-unser-ueberleben-ist-nicht-verhandelbar\/#breadcrumb"},"inLanguage":"de-DE","potentialAction":[{"@type":"ReadAction","target":["https:\/\/350.org\/de\/von-den-philippinen-an-paris-unser-ueberleben-ist-nicht-verhandelbar\/"]}]},{"@type":"ImageObject","inLanguage":"de-DE","@id":"https:\/\/350.org\/de\/von-den-philippinen-an-paris-unser-ueberleben-ist-nicht-verhandelbar\/#primaryimage","url":"https:\/\/350.org\/de\/wp-content\/uploads\/sites\/11\/2016\/01\/1555356_569773606486790_1123645144007323978_n.jpg","contentUrl":"https:\/\/350.org\/de\/wp-content\/uploads\/sites\/11\/2016\/01\/1555356_569773606486790_1123645144007323978_n.jpg","width":960,"height":960},{"@type":"BreadcrumbList","@id":"https:\/\/350.org\/de\/von-den-philippinen-an-paris-unser-ueberleben-ist-nicht-verhandelbar\/#breadcrumb","itemListElement":[{"@type":"ListItem","position":1,"name":"Home","item":"https:\/\/350.org\/de\/"},{"@type":"ListItem","position":2,"name":"Von den Philippinen an Paris: Unser \u00dcberleben ist nicht verhandelbar"}]},{"@type":"WebSite","@id":"https:\/\/350.org\/de\/#website","url":"https:\/\/350.org\/de\/","name":"350 Deutsch","description":"","potentialAction":[{"@type":"SearchAction","target":{"@type":"EntryPoint","urlTemplate":"https:\/\/350.org\/de\/?s={search_term_string}"},"query-input":{"@type":"PropertyValueSpecification","valueRequired":true,"valueName":"search_term_string"}}],"inLanguage":"de-DE"},{"@type":"Person","@id":"https:\/\/350.org\/de\/#\/schema\/person\/0632d7eab67421462b6ff196d89cb5a7","name":"D\u00e9bora Gastal","image":{"@type":"ImageObject","inLanguage":"de-DE","@id":"https:\/\/350.org\/wp-content\/uploads\/2024\/11\/cropped-foto-De-baixa-scaled-1-96x96.jpg","url":"https:\/\/350.org\/wp-content\/uploads\/2024\/11\/cropped-foto-De-baixa-scaled-1-96x96.jpg","contentUrl":"https:\/\/350.org\/wp-content\/uploads\/2024\/11\/cropped-foto-De-baixa-scaled-1-96x96.jpg","caption":"D\u00e9bora Gastal"},"sameAs":["https:\/\/www.instagram.com\/degastal\/?hl=en","https:\/\/www.linkedin.com\/in\/deboragastal\/","https:\/\/x.com\/deboragastal"],"url":"https:\/\/350.org\/de\/author\/debora\/"}]}},"_links":{"self":[{"href":"https:\/\/350.org\/de\/wp-json\/wp\/v2\/posts\/35483","targetHints":{"allow":["GET"]}}],"collection":[{"href":"https:\/\/350.org\/de\/wp-json\/wp\/v2\/posts"}],"about":[{"href":"https:\/\/350.org\/de\/wp-json\/wp\/v2\/types\/post"}],"author":[{"embeddable":true,"href":"https:\/\/350.org\/de\/wp-json\/wp\/v2\/users\/10012012"}],"replies":[{"embeddable":true,"href":"https:\/\/350.org\/de\/wp-json\/wp\/v2\/comments?post=35483"}],"version-history":[{"count":0,"href":"https:\/\/350.org\/de\/wp-json\/wp\/v2\/posts\/35483\/revisions"}],"wp:featuredmedia":[{"embeddable":true,"href":"https:\/\/350.org\/de\/wp-json\/wp\/v2\/media\/35484"}],"wp:attachment":[{"href":"https:\/\/350.org\/de\/wp-json\/wp\/v2\/media?parent=35483"}],"wp:term":[{"taxonomy":"category","embeddable":true,"href":"https:\/\/350.org\/de\/wp-json\/wp\/v2\/categories?post=35483"},{"taxonomy":"post_tag","embeddable":true,"href":"https:\/\/350.org\/de\/wp-json\/wp\/v2\/tags?post=35483"}],"curies":[{"name":"wp","href":"https:\/\/api.w.org\/{rel}","templated":true}]}}