{"id":112681,"date":"2009-10-28T15:41:34","date_gmt":"2009-10-28T15:41:34","guid":{"rendered":""},"modified":"2009-10-28T15:45:35","modified_gmt":"2009-10-28T15:45:35","slug":"la-muerte-de-un-glaciar-y-un-d-de-sorpresas-en-las-monta-de-bolivia","status":"publish","type":"post","link":"https:\/\/350.org\/es\/la-muerte-de-un-glaciar-y-un-d-de-sorpresas-en-las-monta-de-bolivia\/","title":{"rendered":"La muerte de un glaciar &#8211; y un d\u00eda de sorpresas en las monta\u00f1as de Bolivia"},"content":{"rendered":"<img decoding=\"async\" alt=\"\" src=\"https:\/\/farm3.static.flickr.com\/2769\/4052327334_b6b3c53c63_o.jpg\" \/>\n<p>Un grupo de activistas de La Paz ten\u00eda planes de viajar a Chacaltaya, donde el primer glacier en los Andes desapareci\u00f3 m\u00e1s antes este a\u00f1o, para su evento en el d\u00eda de accion este sabado pasado.&nbsp; Viajaban all\u00ed para llevar a cabo una ceremonia con gente Aymara, cientificos, j\u00f3venes, y m\u00e1s para proteccionar los otros glaciares que son muy importantes para la agricultura, el agua, y la cultura de los bolivianos.&nbsp; Lee abajo para <a href=\"https:\/\/ipsnoticias.net\/print.asp?idnews=93745\">un articulo de IPS<\/a> sobre la aventura:<\/p>\n<p><a href=\"https:\/\/ipsnoticias.net\/print.asp?idnews=93745\"><span class=\"texto1\"><b>CAMBIO CLIM\u00c1TICO-BOLIVIA:  Pobreza se recalienta<\/b><\/span><\/a><span class=\"texto1\"><br \/> <b>Por Franz Ch\u00e1vez, enviado especial<\/b><\/span><\/p>\n<p class=\"texto1\"><b>CHACALTAYA, Bolivia, 27 oct (IPS) &#8211; La r\u00e1pida desaparici\u00f3n de glaciares y el consecuente agotamiento de las fuentes de agua empujan a la pobreza a los pueblos andinos y obligan a crear conciencia sobre el cambio clim\u00e1tico, dijeron expertos bolivianos a IPS.<\/b><\/p>\n<p class=\"texto1\">Un incremento de la temperatura determina p\u00e9rdidas de nieve y hielo en la cordillera de los Andes, advirti\u00f3 la responsable de cambio clim\u00e1tico de la filial boliviana de la Agencia de Cooperaci\u00f3n Internacional de Jap\u00f3n (JICA), Carmen Capriles. <\/p>\n<p> La funcionaria dialog\u00f3 con IPS durante una visita al Chacaltaya, monta\u00f1a a 30 kil\u00f3metros de La Paz cuyo pico superior se encuentra a 5.530 metros sobre el nivel del mar. <\/p>\n<p> El Chacaltaya es una muestra de &quot;glaciar muerto&quot;. Hasta hace 10 a\u00f1os ten\u00eda una masa de hielo y nieve que lo convert\u00edan en la pista de esqu\u00ed m\u00e1s alta del mundo y que representaban su gran atractivo, seg\u00fan coinciden los impulsores del cap\u00edtulo boliviano del movimiento internacional Acci\u00f3n Clim\u00e1tica 350. <\/p>\n<p> Esta organizaci\u00f3n reclama medidas urgentes para frenar las emisiones a la atm\u00f3sfera de di\u00f3xido de carbono y otros gases de efecto invernadero. <\/p>\n<p> Durante todo el a\u00f1o, la monta\u00f1a s\u00f3lo exhibe su imagen c\u00f3nica de roca. Pero el pasado fin de semana, una tormenta de nieve acompa\u00f1ada de bajas temperaturas y fuertes vientos salud\u00f3 la visita de un centenar de sorprendidos activistas. <\/p>\n<p> &quot;Es un milagro del cielo&quot;, exclam\u00f3 el presidente del C\u00edrculo de Periodistas de Turismo de Bolivia, Jorge Amonzabel, defensor del ambiente y aficionado al esqu\u00ed. <\/p>\n<p> Una veintena de organizaciones se sumaron a Acci\u00f3n Clim\u00e1tica 350, que reclama limitar la concentraci\u00f3n de di\u00f3xido de carbono en la atm\u00f3sfera a 350 partes por mill\u00f3n, lo cual se discutir\u00e1 en diciembre en la Conferencia de las Partes de la Convenci\u00f3n Marco de las Naciones Unidas sobre Cambio Clim\u00e1tico, que se celebrar\u00e1 en Copenhague. <\/p>\n<p> La alegr\u00eda por la nieve que cubri\u00f3 con rapidez el tejado del \u00fanico refugio y por los copos pos\u00e1ndose libres y veloces sobre los rostros y la ropa se mezcl\u00f3 con cierta desaz\u00f3n, porque esa imagen no ser\u00e1 habitual durante el resto del a\u00f1o. <\/p>\n<p> Una tormenta de nieve en la primavera boliviana es inusual y puede atribuirse al desorden clim\u00e1tico, dijo Amonzabel, quien observaba apesadumbrado lo que en otros tiempos fue una natural pista de esqu\u00ed ahora convertida en una pendiente de roca y tierra. <\/p>\n<p>    Bolivia es un pa\u00eds altamente vulnerable a los cambios ambientales, sociales y econ\u00f3micos globales, expres\u00f3 Capriles. <\/p>\n<p> La seguridad alimentaria de los pueblos altipl\u00e1nicos est\u00e1 seriamente amenazada porque la sequ\u00eda reduce la cosecha de tub\u00e9rculos, granos y pienso para ganado, mientras la falta de periodos de baja temperatura impide el proceso de deshidrataci\u00f3n y conservaci\u00f3n de la papa (chu\u00f1o), producto b\u00e1sico para temporadas de escasez, afirm\u00f3. <\/p>\n<p> Tradicionalmente, record\u00f3 la experta, las familias que viven de la agricultura de subsistencia en zonas rurales vend\u00edan su excedente de alimentos y, con ese dinero, acced\u00edan a bienes y servicios necesarios. Pero ahora se ven obligados a vender lo poco que cosechan y se quedan sin comida. <\/p>\n<p> La psic\u00f3loga Daniela Leyt\u00f3n, coordinadora de g\u00e9nero de Acci\u00f3n Clim\u00e1tica 350 para Am\u00e9rica Latina, Daniela Leyt\u00f3n, consider\u00f3 que los bolivianos, m\u00e1s que limitarse a ser espectadores del recalentamiento, pueden &quot;ser activos en un pa\u00eds vulnerable por sus altos \u00edndices de pobreza y donde se observan efectos f\u00edsicos como el derretimiento de las nieves del Chacaltaya&quot;. <\/p>\n<p>    &quot;Tenemos la oportunidad de movilizarnos y canalizar nuestras demandas de manera efectiva&quot;, dijo a IPS. <\/p>\n<p> Leyt\u00f3n afirm\u00f3 que las mujeres soportan los efectos del cambio clim\u00e1tico por sus roles y por las condiciones de discriminaci\u00f3n y pobreza que las afectan desproporcionadamente. <\/p>\n<p> Por eso, manifest\u00f3, ella participa en un movimiento que, adem\u00e1s de defender los derechos femeninos, reclama al mundo una acci\u00f3n hacia la conservaci\u00f3n de la naturaleza. <\/p>\n<p> Las mujeres de las zonas bajas de Bolivia saben por anticipado que entre los meses de enero y febrero se ver\u00e1n obligadas, a causa de las inundaciones, a abandonar sus casas y a asentarse en espacios no necesariamente adecuados para sobrevivir. <\/p>\n<p> La activista destac\u00f3 la creatividad de las jefas de familia, que combaten la desnutrici\u00f3n buscando alimentos ricos en prote\u00ednas producidos en carpas solares y empleando m\u00e9todos de cocci\u00f3n tambi\u00e9n solar, de modo que tambi\u00e9n evitan el consumo de combustibles contaminantes. <\/p>\n<p> Capriles se\u00f1al\u00f3 que el Chacaltaya no ha sufrido s\u00f3lo el aumento de temperatura, sino el impacto de la extracci\u00f3n de hielo para su uso en frigor\u00edficos y helader\u00edas de la vecina ciudad de El Alto. <\/p>\n<p> Al aumento de la temperatura ha contribuido tambi\u00e9n el uso de techos de zinc (calaminas), que reflejan y multiplican los rayos del sol, explic\u00f3. <\/p>\n<p> El ingeniero Luis T\u00f3rrez, experto en cambio clim\u00e1tico y desarrollo urbano, consider\u00f3 que el uso de combustibles f\u00f3siles continuar\u00e1 en el mundo por muchos a\u00f1os, y ante este escenario recomend\u00f3 redise\u00f1ar las viviendas para adaptarlas a eventos como tormentas y deslizamientos.(FIN\/2009)<\/p>\n","protected":false},"excerpt":{"rendered":"<p><img decoding=\"async\" alt=\"\" src=\"https:\/\/farm3.static.flickr.com\/2769\/4052327334_b6b3c53c63_o.jpg\" \/><\/p>\n","protected":false},"author":116271,"featured_media":0,"comment_status":"open","ping_status":"open","sticky":false,"template":"","format":"standard","meta":{"_acf_changed":false,"footnotes":""},"categories":[],"tags":[],"class_list":["post-112681","post","type-post","status-publish","format-standard","hentry"],"acf":[],"yoast_head":"<!-- This site is optimized with the Yoast SEO Premium plugin v26.9 (Yoast SEO v27.5) - https:\/\/yoast.com\/product\/yoast-seo-premium-wordpress\/ -->\n<title>La muerte de un glaciar - y un d\u00eda de sorpresas en las monta\u00f1as de Bolivia - 350 Espa\u00f1ol<\/title>\n<meta name=\"robots\" content=\"index, follow, max-snippet:-1, max-image-preview:large, max-video-preview:-1\" \/>\n<link rel=\"canonical\" href=\"https:\/\/350.org\/es\/la-muerte-de-un-glaciar-y-un-d-de-sorpresas-en-las-monta-de-bolivia\/\" \/>\n<meta property=\"og:locale\" content=\"es_ES\" \/>\n<meta property=\"og:type\" content=\"article\" \/>\n<meta property=\"og:title\" content=\"La muerte de un glaciar - y un d\u00eda de sorpresas en las monta\u00f1as de Bolivia\" \/>\n<meta property=\"og:url\" content=\"https:\/\/350.org\/es\/la-muerte-de-un-glaciar-y-un-d-de-sorpresas-en-las-monta-de-bolivia\/\" \/>\n<meta property=\"og:site_name\" content=\"350 Espa\u00f1ol\" \/>\n<meta property=\"article:published_time\" content=\"2009-10-28T15:41:34+00:00\" \/>\n<meta property=\"article:modified_time\" content=\"2009-10-28T15:45:35+00:00\" \/>\n<meta property=\"og:image\" content=\"https:\/\/farm3.static.flickr.com\/2769\/4052327334_b6b3c53c63_o.jpg\" \/>\n<meta name=\"twitter:card\" content=\"summary_large_image\" \/>\n<meta name=\"twitter:label1\" content=\"Escrito por\" \/>\n\t<meta name=\"twitter:data1\" content=\"\" \/>\n\t<meta name=\"twitter:label2\" content=\"Tiempo de lectura\" \/>\n\t<meta name=\"twitter:data2\" content=\"5 minutos\" \/>\n<script type=\"application\/ld+json\" class=\"yoast-schema-graph\">{\"@context\":\"https:\\\/\\\/schema.org\",\"@graph\":[{\"@type\":\"Article\",\"@id\":\"https:\\\/\\\/350.org\\\/es\\\/la-muerte-de-un-glaciar-y-un-d-de-sorpresas-en-las-monta-de-bolivia\\\/#article\",\"isPartOf\":{\"@id\":\"https:\\\/\\\/350.org\\\/es\\\/la-muerte-de-un-glaciar-y-un-d-de-sorpresas-en-las-monta-de-bolivia\\\/\"},\"author\":{\"name\":\"\",\"@id\":\"\"},\"headline\":\"La muerte de un glaciar &#8211; y un d\u00eda de sorpresas en las monta\u00f1as de Bolivia\",\"datePublished\":\"2009-10-28T15:41:34+00:00\",\"dateModified\":\"2009-10-28T15:45:35+00:00\",\"mainEntityOfPage\":{\"@id\":\"https:\\\/\\\/350.org\\\/es\\\/la-muerte-de-un-glaciar-y-un-d-de-sorpresas-en-las-monta-de-bolivia\\\/\"},\"wordCount\":1005,\"commentCount\":0,\"image\":{\"@id\":\"https:\\\/\\\/350.org\\\/es\\\/la-muerte-de-un-glaciar-y-un-d-de-sorpresas-en-las-monta-de-bolivia\\\/#primaryimage\"},\"thumbnailUrl\":\"https:\\\/\\\/farm3.static.flickr.com\\\/2769\\\/4052327334_b6b3c53c63_o.jpg\",\"inLanguage\":\"es\",\"potentialAction\":[{\"@type\":\"CommentAction\",\"name\":\"Comment\",\"target\":[\"https:\\\/\\\/350.org\\\/es\\\/la-muerte-de-un-glaciar-y-un-d-de-sorpresas-en-las-monta-de-bolivia\\\/#respond\"]}]},{\"@type\":\"WebPage\",\"@id\":\"https:\\\/\\\/350.org\\\/es\\\/la-muerte-de-un-glaciar-y-un-d-de-sorpresas-en-las-monta-de-bolivia\\\/\",\"url\":\"https:\\\/\\\/350.org\\\/es\\\/la-muerte-de-un-glaciar-y-un-d-de-sorpresas-en-las-monta-de-bolivia\\\/\",\"name\":\"La muerte de un glaciar - y un d\u00eda de sorpresas en las monta\u00f1as de Bolivia - 350 Espa\u00f1ol\",\"isPartOf\":{\"@id\":\"https:\\\/\\\/350.org\\\/es\\\/#website\"},\"primaryImageOfPage\":{\"@id\":\"https:\\\/\\\/350.org\\\/es\\\/la-muerte-de-un-glaciar-y-un-d-de-sorpresas-en-las-monta-de-bolivia\\\/#primaryimage\"},\"image\":{\"@id\":\"https:\\\/\\\/350.org\\\/es\\\/la-muerte-de-un-glaciar-y-un-d-de-sorpresas-en-las-monta-de-bolivia\\\/#primaryimage\"},\"thumbnailUrl\":\"https:\\\/\\\/farm3.static.flickr.com\\\/2769\\\/4052327334_b6b3c53c63_o.jpg\",\"datePublished\":\"2009-10-28T15:41:34+00:00\",\"dateModified\":\"2009-10-28T15:45:35+00:00\",\"author\":{\"@id\":\"\"},\"breadcrumb\":{\"@id\":\"https:\\\/\\\/350.org\\\/es\\\/la-muerte-de-un-glaciar-y-un-d-de-sorpresas-en-las-monta-de-bolivia\\\/#breadcrumb\"},\"inLanguage\":\"es\",\"potentialAction\":[{\"@type\":\"ReadAction\",\"target\":[\"https:\\\/\\\/350.org\\\/es\\\/la-muerte-de-un-glaciar-y-un-d-de-sorpresas-en-las-monta-de-bolivia\\\/\"]}]},{\"@type\":\"ImageObject\",\"inLanguage\":\"es\",\"@id\":\"https:\\\/\\\/350.org\\\/es\\\/la-muerte-de-un-glaciar-y-un-d-de-sorpresas-en-las-monta-de-bolivia\\\/#primaryimage\",\"url\":\"https:\\\/\\\/farm3.static.flickr.com\\\/2769\\\/4052327334_b6b3c53c63_o.jpg\",\"contentUrl\":\"https:\\\/\\\/farm3.static.flickr.com\\\/2769\\\/4052327334_b6b3c53c63_o.jpg\"},{\"@type\":\"BreadcrumbList\",\"@id\":\"https:\\\/\\\/350.org\\\/es\\\/la-muerte-de-un-glaciar-y-un-d-de-sorpresas-en-las-monta-de-bolivia\\\/#breadcrumb\",\"itemListElement\":[{\"@type\":\"ListItem\",\"position\":1,\"name\":\"Home\",\"item\":\"https:\\\/\\\/350.org\\\/es\\\/\"},{\"@type\":\"ListItem\",\"position\":2,\"name\":\"La muerte de un glaciar &#8211; y un d\u00eda de sorpresas en las monta\u00f1as de Bolivia\"}]},{\"@type\":\"WebSite\",\"@id\":\"https:\\\/\\\/350.org\\\/es\\\/#website\",\"url\":\"https:\\\/\\\/350.org\\\/es\\\/\",\"name\":\"350 Espa\u00f1ol\",\"description\":\"\",\"potentialAction\":[{\"@type\":\"SearchAction\",\"target\":{\"@type\":\"EntryPoint\",\"urlTemplate\":\"https:\\\/\\\/350.org\\\/es\\\/?s={search_term_string}\"},\"query-input\":{\"@type\":\"PropertyValueSpecification\",\"valueRequired\":true,\"valueName\":\"search_term_string\"}}],\"inLanguage\":\"es\"},{\"@type\":\"Person\",\"@id\":\"\",\"url\":\"https:\\\/\\\/350.org\\\/es\\\/author\\\/\"}]}<\/script>\n<!-- \/ Yoast SEO Premium plugin. -->","yoast_head_json":{"title":"La muerte de un glaciar - y un d\u00eda de sorpresas en las monta\u00f1as de Bolivia - 350 Espa\u00f1ol","robots":{"index":"index","follow":"follow","max-snippet":"max-snippet:-1","max-image-preview":"max-image-preview:large","max-video-preview":"max-video-preview:-1"},"canonical":"https:\/\/350.org\/es\/la-muerte-de-un-glaciar-y-un-d-de-sorpresas-en-las-monta-de-bolivia\/","og_locale":"es_ES","og_type":"article","og_title":"La muerte de un glaciar - y un d\u00eda de sorpresas en las monta\u00f1as de Bolivia","og_url":"https:\/\/350.org\/es\/la-muerte-de-un-glaciar-y-un-d-de-sorpresas-en-las-monta-de-bolivia\/","og_site_name":"350 Espa\u00f1ol","article_published_time":"2009-10-28T15:41:34+00:00","article_modified_time":"2009-10-28T15:45:35+00:00","og_image":[{"url":"https:\/\/farm3.static.flickr.com\/2769\/4052327334_b6b3c53c63_o.jpg","type":"","width":"","height":""}],"twitter_card":"summary_large_image","twitter_misc":{"Escrito por":"","Tiempo de lectura":"5 minutos"},"schema":{"@context":"https:\/\/schema.org","@graph":[{"@type":"Article","@id":"https:\/\/350.org\/es\/la-muerte-de-un-glaciar-y-un-d-de-sorpresas-en-las-monta-de-bolivia\/#article","isPartOf":{"@id":"https:\/\/350.org\/es\/la-muerte-de-un-glaciar-y-un-d-de-sorpresas-en-las-monta-de-bolivia\/"},"author":{"name":"","@id":""},"headline":"La muerte de un glaciar &#8211; y un d\u00eda de sorpresas en las monta\u00f1as de Bolivia","datePublished":"2009-10-28T15:41:34+00:00","dateModified":"2009-10-28T15:45:35+00:00","mainEntityOfPage":{"@id":"https:\/\/350.org\/es\/la-muerte-de-un-glaciar-y-un-d-de-sorpresas-en-las-monta-de-bolivia\/"},"wordCount":1005,"commentCount":0,"image":{"@id":"https:\/\/350.org\/es\/la-muerte-de-un-glaciar-y-un-d-de-sorpresas-en-las-monta-de-bolivia\/#primaryimage"},"thumbnailUrl":"https:\/\/farm3.static.flickr.com\/2769\/4052327334_b6b3c53c63_o.jpg","inLanguage":"es","potentialAction":[{"@type":"CommentAction","name":"Comment","target":["https:\/\/350.org\/es\/la-muerte-de-un-glaciar-y-un-d-de-sorpresas-en-las-monta-de-bolivia\/#respond"]}]},{"@type":"WebPage","@id":"https:\/\/350.org\/es\/la-muerte-de-un-glaciar-y-un-d-de-sorpresas-en-las-monta-de-bolivia\/","url":"https:\/\/350.org\/es\/la-muerte-de-un-glaciar-y-un-d-de-sorpresas-en-las-monta-de-bolivia\/","name":"La muerte de un glaciar - y un d\u00eda de sorpresas en las monta\u00f1as de Bolivia - 350 Espa\u00f1ol","isPartOf":{"@id":"https:\/\/350.org\/es\/#website"},"primaryImageOfPage":{"@id":"https:\/\/350.org\/es\/la-muerte-de-un-glaciar-y-un-d-de-sorpresas-en-las-monta-de-bolivia\/#primaryimage"},"image":{"@id":"https:\/\/350.org\/es\/la-muerte-de-un-glaciar-y-un-d-de-sorpresas-en-las-monta-de-bolivia\/#primaryimage"},"thumbnailUrl":"https:\/\/farm3.static.flickr.com\/2769\/4052327334_b6b3c53c63_o.jpg","datePublished":"2009-10-28T15:41:34+00:00","dateModified":"2009-10-28T15:45:35+00:00","author":{"@id":""},"breadcrumb":{"@id":"https:\/\/350.org\/es\/la-muerte-de-un-glaciar-y-un-d-de-sorpresas-en-las-monta-de-bolivia\/#breadcrumb"},"inLanguage":"es","potentialAction":[{"@type":"ReadAction","target":["https:\/\/350.org\/es\/la-muerte-de-un-glaciar-y-un-d-de-sorpresas-en-las-monta-de-bolivia\/"]}]},{"@type":"ImageObject","inLanguage":"es","@id":"https:\/\/350.org\/es\/la-muerte-de-un-glaciar-y-un-d-de-sorpresas-en-las-monta-de-bolivia\/#primaryimage","url":"https:\/\/farm3.static.flickr.com\/2769\/4052327334_b6b3c53c63_o.jpg","contentUrl":"https:\/\/farm3.static.flickr.com\/2769\/4052327334_b6b3c53c63_o.jpg"},{"@type":"BreadcrumbList","@id":"https:\/\/350.org\/es\/la-muerte-de-un-glaciar-y-un-d-de-sorpresas-en-las-monta-de-bolivia\/#breadcrumb","itemListElement":[{"@type":"ListItem","position":1,"name":"Home","item":"https:\/\/350.org\/es\/"},{"@type":"ListItem","position":2,"name":"La muerte de un glaciar &#8211; y un d\u00eda de sorpresas en las monta\u00f1as de Bolivia"}]},{"@type":"WebSite","@id":"https:\/\/350.org\/es\/#website","url":"https:\/\/350.org\/es\/","name":"350 Espa\u00f1ol","description":"","potentialAction":[{"@type":"SearchAction","target":{"@type":"EntryPoint","urlTemplate":"https:\/\/350.org\/es\/?s={search_term_string}"},"query-input":{"@type":"PropertyValueSpecification","valueRequired":true,"valueName":"search_term_string"}}],"inLanguage":"es"},{"@type":"Person","@id":"","url":"https:\/\/350.org\/es\/author\/"}]}},"_links":{"self":[{"href":"https:\/\/350.org\/es\/wp-json\/wp\/v2\/posts\/112681","targetHints":{"allow":["GET"]}}],"collection":[{"href":"https:\/\/350.org\/es\/wp-json\/wp\/v2\/posts"}],"about":[{"href":"https:\/\/350.org\/es\/wp-json\/wp\/v2\/types\/post"}],"author":[{"embeddable":true,"href":"https:\/\/350.org\/es\/wp-json\/wp\/v2\/users\/116271"}],"replies":[{"embeddable":true,"href":"https:\/\/350.org\/es\/wp-json\/wp\/v2\/comments?post=112681"}],"version-history":[{"count":0,"href":"https:\/\/350.org\/es\/wp-json\/wp\/v2\/posts\/112681\/revisions"}],"wp:attachment":[{"href":"https:\/\/350.org\/es\/wp-json\/wp\/v2\/media?parent=112681"}],"wp:term":[{"taxonomy":"category","embeddable":true,"href":"https:\/\/350.org\/es\/wp-json\/wp\/v2\/categories?post=112681"},{"taxonomy":"post_tag","embeddable":true,"href":"https:\/\/350.org\/es\/wp-json\/wp\/v2\/tags?post=112681"}],"curies":[{"name":"wp","href":"https:\/\/api.w.org\/{rel}","templated":true}]}}