{"id":129010,"date":"2013-01-28T20:04:02","date_gmt":"2013-01-28T20:04:02","guid":{"rendered":""},"modified":"2013-01-28T20:50:01","modified_gmt":"2013-01-28T20:50:01","slug":"oportunidades-laborales-con-350org","status":"publish","type":"post","link":"https:\/\/350.org\/es\/oportunidades-laborales-con-350org\/","title":{"rendered":"Oportunidades laborales con 350.org"},"content":{"rendered":"<p><span style=\"color: rgb(34, 34, 34); font-family: arial, sans-serif; font-size: 13px; line-height: normal;\">Actualizaci\u00f3n&nbsp;28\/01\/1013: Si no les funciona los enlaces de abajo, pueden dirigirse&nbsp;directamente a&nbsp;<\/span><a href=\"https:\/\/350.org\/jobs\"><span style=\"font-size: 1em; line-height: 1em;\">https:\/\/350.org\/jobs<\/span><span style=\"color: rgb(34, 34, 34); font-family: arial, sans-serif; font-size: 13px; line-height: normal;\">&nbsp;<\/span><\/a><\/p>\n<hr>\n<p>&nbsp;<\/p>\n<p><span style=\"color: rgb(34, 34, 34); font-family: arial, sans-serif; font-size: 13px; line-height: normal;\">Estimad@s,&nbsp;<\/span><\/p>\n<div style=\"color: rgb(34, 34, 34); font-family: arial, sans-serif; font-size: 13px; line-height: normal;\">Un poco tarde pero \u00a1feliz a\u00f1o!<\/div>\n<div style=\"color: rgb(34, 34, 34); font-family: arial, sans-serif; font-size: 13px; line-height: normal;\">&nbsp;<\/div>\n<div style=\"color: rgb(34, 34, 34); font-family: arial, sans-serif; font-size: 13px; line-height: normal;\">Les escribo para compartir tres oportunidades laborales con&nbsp;<a href=\"https:\/\/350.org\/\" style=\"color: rgb(17, 85, 204);\" target=\"_blank\">350.org<\/a>&nbsp;en Brasil y Am\u00e9rica Latina. Estamos buscando un(a) coordinador(a) de campa\u00f1as para Brasil, otro(a) para Am\u00e9rica Latina y un(a) coordinador(a) de comunicaciones para Am\u00e9rica Latina. Les paso toda la informaci\u00f3n en los links abajo que incluye informaci\u00f3n sobre como postular. La informaci\u00f3n est\u00e1 en ingl\u00e9s ya que es un requisito indispensable para los puestos.&nbsp;<\/div>\n<div style=\"color: rgb(34, 34, 34); font-family: arial, sans-serif; font-size: 13px; line-height: normal;\">&nbsp;<\/div>\n<div style=\"color: rgb(34, 34, 34); font-family: arial, sans-serif; font-size: 13px; line-height: normal;\">\n<ul>\n<li style=\"margin-left: 15px;\"><a href=\"https:\/\/350.org\/jobs\" style=\"color: rgb(17, 85, 204);\" target=\"_blank\">Latin America Campaigner&nbsp;<\/a><\/li>\n<li style=\"margin-left: 15px;\"><a href=\"https:\/\/350.org\/jobs\" style=\"color: rgb(17, 85, 204);\" target=\"_blank\">Latin America Communications Coordinator<\/a><\/li>\n<li style=\"margin-left: 15px;\"><a href=\"https:\/\/350.org\/jobs\" style=\"color: rgb(17, 85, 204);\" target=\"_blank\">Brazil Campaigner<\/a><\/li>\n<\/ul>\n<div class=\"gmail_quote\">\n<div>Les agradeceremos bastante difundir esta informaci\u00f3n a sus contactos y redes.&nbsp;<\/div>\n<div>&nbsp;<\/div>\n<div>Juan Carlos en nombre del equipo de 350.org<\/div>\n<div>&nbsp;<\/div>\n<div>&nbsp;<\/div>\n<\/p><\/div>\n<\/div>\n<p>&nbsp;<\/p>\n","protected":false},"excerpt":{"rendered":"<p><span style=\"color: rgb(34, 34, 34); font-family: arial, sans-serif; font-size: 13px; line-height: normal;\">Actualizaci\u00f3n&nbsp;28\/01\/1013: Si no les funciona los enlaces de abajo, pueden dirigirse&nbsp;directamente a&nbsp;<\/span><a href=\"https:\/\/350.org\/jobs\"><span style=\"font-size: 1em; line-height: 1em;\">https:\/\/350.org\/jobs<\/span><span style=\"color: rgb(34, 34, 34); font-family: arial, sans-serif; font-size: 13px; line-height: normal;\">&nbsp;<\/span><\/a><\/p>\n<hr>\n<p>&nbsp;<\/p>\n<p><span style=\"color: rgb(34, 34, 34); font-family: arial, sans-serif; font-size: 13px; line-height: normal;\">Estimad@s,&nbsp;<\/span><\/p>\n<div style=\"color: rgb(34, 34, 34); font-family: arial, sans-serif; font-size: 13px; line-height: normal;\">Un poco tarde pero \u00a1feliz a\u00f1o!<\/div>\n<div style=\"color: rgb(34, 34, 34); font-family: arial, sans-serif; font-size: 13px; line-height: normal;\">&nbsp;<\/div>\n<div style=\"color: rgb(34, 34, 34); font-family: arial, sans-serif; font-size: 13px; line-height: normal;\">Les escribo para compartir tres oportunidades laborales con&nbsp;<a href=\"https:\/\/350.org\/\" style=\"color: rgb(17, 85, 204);\" target=\"_blank\">350.org<\/a>&nbsp;en Brasil y Am\u00e9rica Latina. Estamos buscando un(a) coordinador(a) de campa\u00f1as para Brasil, otro(a) para Am\u00e9rica Latina y un(a) coordinador(a) de comunicaciones para Am\u00e9rica Latina. Les paso toda la informaci\u00f3n en los links abajo que incluye informaci\u00f3n sobre como postular. La informaci\u00f3n est\u00e1 en ingl\u00e9s ya que es un requisito indispensable para los puestos.&nbsp;<\/div>\n<div style=\"color: rgb(34, 34, 34); font-family: arial, sans-serif; font-size: 13px; line-height: normal;\">&nbsp;<\/div>\n<div style=\"color: rgb(34, 34, 34); font-family: arial, sans-serif; font-size: 13px; line-height: normal;\">\n<ul>\n<li style=\"margin-left: 15px;\"><a href=\"https:\/\/350.org\/jobs\" style=\"color: rgb(17, 85, 204);\" target=\"_blank\">Latin America Campaigner&nbsp;<\/a><\/li>\n<li style=\"margin-left: 15px;\"><a href=\"https:\/\/350.org\/jobs\" style=\"color: rgb(17, 85, 204);\" target=\"_blank\">Latin America Communications Coordinator<\/a><\/li>\n<li style=\"margin-left: 15px;\"><a href=\"https:\/\/350.org\/jobs\" style=\"color: rgb(17, 85, 204);\" target=\"_blank\">Brazil Campaigner<\/a><\/li>\n<\/ul>\n<div class=\"gmail_quote\">\n<div>Les agradeceremos bastante difundir esta informaci\u00f3n a sus contactos y redes.&nbsp;<\/div>\n<div>&nbsp;<\/div>\n<div>Juan Carlos en nombre del equipo de 350.org<\/div>\n<div>&nbsp;<\/div>\n<div>&nbsp;<\/div>\n<\/p><\/div>\n<\/div>\n<p>&nbsp;<\/p>\n","protected":false},"author":16240,"featured_media":0,"comment_status":"open","ping_status":"open","sticky":false,"template":"","format":"standard","meta":{"_acf_changed":false,"footnotes":""},"categories":[],"tags":[],"class_list":["post-129010","post","type-post","status-publish","format-standard","hentry"],"acf":[],"yoast_head":"<!-- This site is optimized with the Yoast SEO Premium plugin v26.9 (Yoast SEO v27.5) - https:\/\/yoast.com\/product\/yoast-seo-premium-wordpress\/ -->\n<title>Oportunidades laborales con 350.org - 350 Espa\u00f1ol<\/title>\n<meta name=\"robots\" content=\"index, follow, max-snippet:-1, max-image-preview:large, max-video-preview:-1\" \/>\n<link rel=\"canonical\" href=\"https:\/\/350.org\/es\/oportunidades-laborales-con-350org\/\" \/>\n<meta property=\"og:locale\" content=\"es_ES\" \/>\n<meta property=\"og:type\" content=\"article\" \/>\n<meta property=\"og:title\" content=\"Oportunidades laborales con 350.org\" \/>\n<meta property=\"og:description\" content=\"Actualizaci\u00f3n&nbsp;28\/01\/1013: Si no les funciona los enlaces de abajo, pueden dirigirse&nbsp;directamente a&nbsp;https:\/\/350.org\/jobs&nbsp;  &nbsp; Estimad@s,&nbsp; Un poco tarde pero \u00a1feliz a\u00f1o! &nbsp; Les escribo para compartir tres oportunidades laborales con&nbsp;350.org&nbsp;en Brasil y Am\u00e9rica Latina. Estamos buscando un(a) coordinador(a) de campa\u00f1as para Brasil, otro(a) para Am\u00e9rica Latina y un(a) coordinador(a) de comunicaciones para Am\u00e9rica Latina. Les paso toda la informaci\u00f3n en los links abajo que incluye informaci\u00f3n sobre como postular. La informaci\u00f3n est\u00e1 en ingl\u00e9s ya que es un requisito indispensable para los puestos.&nbsp; &nbsp;     Latin America Campaigner&nbsp;  Latin America Communications Coordinator  Brazil Campaigner     Les agradeceremos bastante difundir esta informaci\u00f3n a sus contactos y redes.&nbsp;  &nbsp;  Juan Carlos en nombre del equipo de 350.org  &nbsp;  &nbsp;    &nbsp;\" \/>\n<meta property=\"og:url\" content=\"https:\/\/350.org\/es\/oportunidades-laborales-con-350org\/\" \/>\n<meta property=\"og:site_name\" content=\"350 Espa\u00f1ol\" \/>\n<meta property=\"article:published_time\" content=\"2013-01-28T20:04:02+00:00\" \/>\n<meta property=\"article:modified_time\" content=\"2013-01-28T20:50:01+00:00\" \/>\n<meta name=\"twitter:card\" content=\"summary_large_image\" \/>\n<meta name=\"twitter:label1\" content=\"Escrito por\" \/>\n\t<meta name=\"twitter:data1\" content=\"\" \/>\n\t<meta name=\"twitter:label2\" content=\"Tiempo de lectura\" \/>\n\t<meta name=\"twitter:data2\" content=\"1 minuto\" \/>\n<script type=\"application\/ld+json\" class=\"yoast-schema-graph\">{\"@context\":\"https:\\\/\\\/schema.org\",\"@graph\":[{\"@type\":\"Article\",\"@id\":\"https:\\\/\\\/350.org\\\/es\\\/oportunidades-laborales-con-350org\\\/#article\",\"isPartOf\":{\"@id\":\"https:\\\/\\\/350.org\\\/es\\\/oportunidades-laborales-con-350org\\\/\"},\"author\":{\"name\":\"\",\"@id\":\"\"},\"headline\":\"Oportunidades laborales con 350.org\",\"datePublished\":\"2013-01-28T20:04:02+00:00\",\"dateModified\":\"2013-01-28T20:50:01+00:00\",\"mainEntityOfPage\":{\"@id\":\"https:\\\/\\\/350.org\\\/es\\\/oportunidades-laborales-con-350org\\\/\"},\"wordCount\":152,\"commentCount\":0,\"inLanguage\":\"es\",\"potentialAction\":[{\"@type\":\"CommentAction\",\"name\":\"Comment\",\"target\":[\"https:\\\/\\\/350.org\\\/es\\\/oportunidades-laborales-con-350org\\\/#respond\"]}]},{\"@type\":\"WebPage\",\"@id\":\"https:\\\/\\\/350.org\\\/es\\\/oportunidades-laborales-con-350org\\\/\",\"url\":\"https:\\\/\\\/350.org\\\/es\\\/oportunidades-laborales-con-350org\\\/\",\"name\":\"Oportunidades laborales con 350.org - 350 Espa\u00f1ol\",\"isPartOf\":{\"@id\":\"https:\\\/\\\/350.org\\\/es\\\/#website\"},\"datePublished\":\"2013-01-28T20:04:02+00:00\",\"dateModified\":\"2013-01-28T20:50:01+00:00\",\"author\":{\"@id\":\"\"},\"breadcrumb\":{\"@id\":\"https:\\\/\\\/350.org\\\/es\\\/oportunidades-laborales-con-350org\\\/#breadcrumb\"},\"inLanguage\":\"es\",\"potentialAction\":[{\"@type\":\"ReadAction\",\"target\":[\"https:\\\/\\\/350.org\\\/es\\\/oportunidades-laborales-con-350org\\\/\"]}]},{\"@type\":\"BreadcrumbList\",\"@id\":\"https:\\\/\\\/350.org\\\/es\\\/oportunidades-laborales-con-350org\\\/#breadcrumb\",\"itemListElement\":[{\"@type\":\"ListItem\",\"position\":1,\"name\":\"Home\",\"item\":\"https:\\\/\\\/350.org\\\/es\\\/\"},{\"@type\":\"ListItem\",\"position\":2,\"name\":\"Oportunidades laborales con 350.org\"}]},{\"@type\":\"WebSite\",\"@id\":\"https:\\\/\\\/350.org\\\/es\\\/#website\",\"url\":\"https:\\\/\\\/350.org\\\/es\\\/\",\"name\":\"350 Espa\u00f1ol\",\"description\":\"\",\"potentialAction\":[{\"@type\":\"SearchAction\",\"target\":{\"@type\":\"EntryPoint\",\"urlTemplate\":\"https:\\\/\\\/350.org\\\/es\\\/?s={search_term_string}\"},\"query-input\":{\"@type\":\"PropertyValueSpecification\",\"valueRequired\":true,\"valueName\":\"search_term_string\"}}],\"inLanguage\":\"es\"},{\"@type\":\"Person\",\"@id\":\"\",\"url\":\"https:\\\/\\\/350.org\\\/es\\\/author\\\/\"}]}<\/script>\n<!-- \/ Yoast SEO Premium plugin. -->","yoast_head_json":{"title":"Oportunidades laborales con 350.org - 350 Espa\u00f1ol","robots":{"index":"index","follow":"follow","max-snippet":"max-snippet:-1","max-image-preview":"max-image-preview:large","max-video-preview":"max-video-preview:-1"},"canonical":"https:\/\/350.org\/es\/oportunidades-laborales-con-350org\/","og_locale":"es_ES","og_type":"article","og_title":"Oportunidades laborales con 350.org","og_description":"Actualizaci\u00f3n&nbsp;28\/01\/1013: Si no les funciona los enlaces de abajo, pueden dirigirse&nbsp;directamente a&nbsp;https:\/\/350.org\/jobs&nbsp;  &nbsp; Estimad@s,&nbsp; Un poco tarde pero \u00a1feliz a\u00f1o! &nbsp; Les escribo para compartir tres oportunidades laborales con&nbsp;350.org&nbsp;en Brasil y Am\u00e9rica Latina. Estamos buscando un(a) coordinador(a) de campa\u00f1as para Brasil, otro(a) para Am\u00e9rica Latina y un(a) coordinador(a) de comunicaciones para Am\u00e9rica Latina. Les paso toda la informaci\u00f3n en los links abajo que incluye informaci\u00f3n sobre como postular. La informaci\u00f3n est\u00e1 en ingl\u00e9s ya que es un requisito indispensable para los puestos.&nbsp; &nbsp;     Latin America Campaigner&nbsp;  Latin America Communications Coordinator  Brazil Campaigner     Les agradeceremos bastante difundir esta informaci\u00f3n a sus contactos y redes.&nbsp;  &nbsp;  Juan Carlos en nombre del equipo de 350.org  &nbsp;  &nbsp;    &nbsp;","og_url":"https:\/\/350.org\/es\/oportunidades-laborales-con-350org\/","og_site_name":"350 Espa\u00f1ol","article_published_time":"2013-01-28T20:04:02+00:00","article_modified_time":"2013-01-28T20:50:01+00:00","twitter_card":"summary_large_image","twitter_misc":{"Escrito por":"","Tiempo de lectura":"1 minuto"},"schema":{"@context":"https:\/\/schema.org","@graph":[{"@type":"Article","@id":"https:\/\/350.org\/es\/oportunidades-laborales-con-350org\/#article","isPartOf":{"@id":"https:\/\/350.org\/es\/oportunidades-laborales-con-350org\/"},"author":{"name":"","@id":""},"headline":"Oportunidades laborales con 350.org","datePublished":"2013-01-28T20:04:02+00:00","dateModified":"2013-01-28T20:50:01+00:00","mainEntityOfPage":{"@id":"https:\/\/350.org\/es\/oportunidades-laborales-con-350org\/"},"wordCount":152,"commentCount":0,"inLanguage":"es","potentialAction":[{"@type":"CommentAction","name":"Comment","target":["https:\/\/350.org\/es\/oportunidades-laborales-con-350org\/#respond"]}]},{"@type":"WebPage","@id":"https:\/\/350.org\/es\/oportunidades-laborales-con-350org\/","url":"https:\/\/350.org\/es\/oportunidades-laborales-con-350org\/","name":"Oportunidades laborales con 350.org - 350 Espa\u00f1ol","isPartOf":{"@id":"https:\/\/350.org\/es\/#website"},"datePublished":"2013-01-28T20:04:02+00:00","dateModified":"2013-01-28T20:50:01+00:00","author":{"@id":""},"breadcrumb":{"@id":"https:\/\/350.org\/es\/oportunidades-laborales-con-350org\/#breadcrumb"},"inLanguage":"es","potentialAction":[{"@type":"ReadAction","target":["https:\/\/350.org\/es\/oportunidades-laborales-con-350org\/"]}]},{"@type":"BreadcrumbList","@id":"https:\/\/350.org\/es\/oportunidades-laborales-con-350org\/#breadcrumb","itemListElement":[{"@type":"ListItem","position":1,"name":"Home","item":"https:\/\/350.org\/es\/"},{"@type":"ListItem","position":2,"name":"Oportunidades laborales con 350.org"}]},{"@type":"WebSite","@id":"https:\/\/350.org\/es\/#website","url":"https:\/\/350.org\/es\/","name":"350 Espa\u00f1ol","description":"","potentialAction":[{"@type":"SearchAction","target":{"@type":"EntryPoint","urlTemplate":"https:\/\/350.org\/es\/?s={search_term_string}"},"query-input":{"@type":"PropertyValueSpecification","valueRequired":true,"valueName":"search_term_string"}}],"inLanguage":"es"},{"@type":"Person","@id":"","url":"https:\/\/350.org\/es\/author\/"}]}},"_links":{"self":[{"href":"https:\/\/350.org\/es\/wp-json\/wp\/v2\/posts\/129010","targetHints":{"allow":["GET"]}}],"collection":[{"href":"https:\/\/350.org\/es\/wp-json\/wp\/v2\/posts"}],"about":[{"href":"https:\/\/350.org\/es\/wp-json\/wp\/v2\/types\/post"}],"author":[{"embeddable":true,"href":"https:\/\/350.org\/es\/wp-json\/wp\/v2\/users\/16240"}],"replies":[{"embeddable":true,"href":"https:\/\/350.org\/es\/wp-json\/wp\/v2\/comments?post=129010"}],"version-history":[{"count":0,"href":"https:\/\/350.org\/es\/wp-json\/wp\/v2\/posts\/129010\/revisions"}],"wp:attachment":[{"href":"https:\/\/350.org\/es\/wp-json\/wp\/v2\/media?parent=129010"}],"wp:term":[{"taxonomy":"category","embeddable":true,"href":"https:\/\/350.org\/es\/wp-json\/wp\/v2\/categories?post=129010"},{"taxonomy":"post_tag","embeddable":true,"href":"https:\/\/350.org\/es\/wp-json\/wp\/v2\/tags?post=129010"}],"curies":[{"name":"wp","href":"https:\/\/api.w.org\/{rel}","templated":true}]}}