{"id":129982,"date":"2015-08-10T15:44:05","date_gmt":"2015-08-10T15:44:05","guid":{"rendered":"https:\/\/350.org\/es\/?p=129982"},"modified":"2023-09-21T19:32:22","modified_gmt":"2023-09-21T19:32:22","slug":"testigos-del-clima-extremo","status":"publish","type":"post","link":"https:\/\/350.org\/es\/testigos-del-clima-extremo\/","title":{"rendered":"Testigos del Clima Extremo"},"content":{"rendered":"<p><em><a href=\"https:\/\/350.org\/eyewitness-to-extreme-weather-social-media-posts-that-show-just-how-crazy-things-are\/\">Por Thelma Young, 06 de agosto de 2015<\/a><\/em><\/p>\n<div class=\"box box-blue\">\n<h4>11 posts en las Redes Sociales que Muestran la Gravedad de la Situaci\u00f3n<\/h4>\n<\/div>\n<p>\u00daltimamente me ha parecido que mi Facebook se ha llenado de fotos en las que amigos muestran las inundaciones, los incendios y las olas de calor que suceden en sus pueblos. No creo que se trate de mi imaginaci\u00f3n. Ayer, Rolling Stone\u00a0<a href=\"https:\/\/www.rollingstone.com\/politics\/news\/the-point-of-no-return-climate-change-nightmares-are-already-here-20150805\"><strong> public\u00f3 en un art\u00edculo <\/strong><\/a>\u00a0\u201cque puede que los historiadores definan el 2015 como el a\u00f1o en el que el problema se nos fue de las manos.\u201d<\/p>\n<p>Los impactos del cambio clim\u00e1tico est\u00e1n sucediendo ahora, y las personas de todo el mundo comprueban en tiempo real qu\u00e9 tan mal est\u00e1n las cosas. Aqu\u00ed presentamos una recopilaci\u00f3n de posts que varias personas de todo el mundo han compartido.<\/p>\n<div class=\"box box-blue\">Comparte con nosotros lo que est\u00e1 sucediendo en tu area. Etiqueta a 350.org en Twitter, Instagram o Facebook.<\/div>\n<div class=\"storify\"><iframe loading=\"lazy\" src=\"\/\/storify.com\/350dotorg\/testigos-del-clima-extremo-posts-en-las-redes-soci\/embed?border=false\" width=\"100%\" height=\"750\" frameborder=\"no\" allowtransparency=\"true\"><\/iframe><script src=\"\/\/storify.com\/350dotorg\/testigos-del-clima-extremo-posts-en-las-redes-soci.js?border=false\"><\/script><noscript>[<a href=\"\/\/storify.com\/350dotorg\/testigos-del-clima-extremo-posts-en-las-redes-soci\" target=\"_blank\" rel=\"noopener noreferrer\">View the story \u00abTestigos del Clima Extremo Posts en las Redes Sociales que Muestran la Gravedad de la Situaci\u00f3n\u00bb on Storify<\/a>]<\/noscript><\/div>\n","protected":false},"excerpt":{"rendered":"<p>Por Thelma Young, 06 de agosto de 2015 11 posts en las Redes Sociales que Muestran la Gravedad de la<span class=\"text-cutoff\">&#8230;<\/span><\/p>\n","protected":false},"author":10012012,"featured_media":129983,"comment_status":"closed","ping_status":"closed","sticky":false,"template":"","format":"standard","meta":{"_acf_changed":false,"footnotes":""},"categories":[15,28],"tags":[],"class_list":["post-129982","post","type-post","status-publish","format-standard","has-post-thumbnail","hentry","category-impacts","category-global"],"acf":[],"yoast_head":"<!-- This site is optimized with the Yoast SEO Premium plugin v26.9 (Yoast SEO v27.5) - https:\/\/yoast.com\/product\/yoast-seo-premium-wordpress\/ -->\n<title>Testigos del Clima Extremo - 350 Espa\u00f1ol<\/title>\n<meta name=\"robots\" content=\"index, follow, max-snippet:-1, max-image-preview:large, max-video-preview:-1\" \/>\n<link rel=\"canonical\" href=\"https:\/\/350.org\/es\/testigos-del-clima-extremo\/\" \/>\n<meta property=\"og:locale\" content=\"es_ES\" \/>\n<meta property=\"og:type\" content=\"article\" \/>\n<meta property=\"og:title\" content=\"Testigos del Clima Extremo\" \/>\n<meta property=\"og:description\" content=\"Por Thelma Young, 06 de agosto de 2015 11 posts en las Redes Sociales que Muestran la Gravedad de la...\" \/>\n<meta property=\"og:url\" content=\"https:\/\/350.org\/es\/testigos-del-clima-extremo\/\" \/>\n<meta property=\"og:site_name\" content=\"350 Espa\u00f1ol\" \/>\n<meta property=\"article:published_time\" content=\"2015-08-10T15:44:05+00:00\" \/>\n<meta property=\"article:modified_time\" content=\"2023-09-21T19:32:22+00:00\" \/>\n<meta property=\"og:image\" content=\"https:\/\/350.org\/es\/wp-content\/uploads\/sites\/10\/2015\/08\/eyewitness-to-extreme-weather-1.jpg\" \/>\n\t<meta property=\"og:image:width\" content=\"950\" \/>\n\t<meta property=\"og:image:height\" content=\"633\" \/>\n\t<meta property=\"og:image:type\" content=\"image\/jpeg\" \/>\n<meta name=\"author\" content=\"D\u00e9bora Gastal\" \/>\n<meta name=\"twitter:card\" content=\"summary_large_image\" \/>\n<meta name=\"twitter:creator\" content=\"@deboragastal\" \/>\n<meta name=\"twitter:label1\" content=\"Escrito por\" \/>\n\t<meta name=\"twitter:data1\" content=\"D\u00e9bora Gastal\" \/>\n\t<meta name=\"twitter:label2\" content=\"Tiempo de lectura\" \/>\n\t<meta name=\"twitter:data2\" content=\"1 minuto\" \/>\n<script type=\"application\/ld+json\" class=\"yoast-schema-graph\">{\"@context\":\"https:\\\/\\\/schema.org\",\"@graph\":[{\"@type\":\"Article\",\"@id\":\"https:\\\/\\\/350.org\\\/es\\\/testigos-del-clima-extremo\\\/#article\",\"isPartOf\":{\"@id\":\"https:\\\/\\\/350.org\\\/es\\\/testigos-del-clima-extremo\\\/\"},\"author\":{\"name\":\"D\u00e9bora Gastal\",\"@id\":\"https:\\\/\\\/350.org\\\/es\\\/#\\\/schema\\\/person\\\/0632d7eab67421462b6ff196d89cb5a7\"},\"headline\":\"Testigos del Clima Extremo\",\"datePublished\":\"2015-08-10T15:44:05+00:00\",\"dateModified\":\"2023-09-21T19:32:22+00:00\",\"mainEntityOfPage\":{\"@id\":\"https:\\\/\\\/350.org\\\/es\\\/testigos-del-clima-extremo\\\/\"},\"wordCount\":177,\"image\":{\"@id\":\"https:\\\/\\\/350.org\\\/es\\\/testigos-del-clima-extremo\\\/#primaryimage\"},\"thumbnailUrl\":\"https:\\\/\\\/350.org\\\/es\\\/wp-content\\\/uploads\\\/sites\\\/10\\\/2015\\\/08\\\/eyewitness-to-extreme-weather-1.jpg\",\"articleSection\":[\"Climate Impacts\",\"Global\"],\"inLanguage\":\"es\"},{\"@type\":\"WebPage\",\"@id\":\"https:\\\/\\\/350.org\\\/es\\\/testigos-del-clima-extremo\\\/\",\"url\":\"https:\\\/\\\/350.org\\\/es\\\/testigos-del-clima-extremo\\\/\",\"name\":\"Testigos del Clima Extremo - 350 Espa\u00f1ol\",\"isPartOf\":{\"@id\":\"https:\\\/\\\/350.org\\\/es\\\/#website\"},\"primaryImageOfPage\":{\"@id\":\"https:\\\/\\\/350.org\\\/es\\\/testigos-del-clima-extremo\\\/#primaryimage\"},\"image\":{\"@id\":\"https:\\\/\\\/350.org\\\/es\\\/testigos-del-clima-extremo\\\/#primaryimage\"},\"thumbnailUrl\":\"https:\\\/\\\/350.org\\\/es\\\/wp-content\\\/uploads\\\/sites\\\/10\\\/2015\\\/08\\\/eyewitness-to-extreme-weather-1.jpg\",\"datePublished\":\"2015-08-10T15:44:05+00:00\",\"dateModified\":\"2023-09-21T19:32:22+00:00\",\"author\":{\"@id\":\"https:\\\/\\\/350.org\\\/es\\\/#\\\/schema\\\/person\\\/0632d7eab67421462b6ff196d89cb5a7\"},\"breadcrumb\":{\"@id\":\"https:\\\/\\\/350.org\\\/es\\\/testigos-del-clima-extremo\\\/#breadcrumb\"},\"inLanguage\":\"es\",\"potentialAction\":[{\"@type\":\"ReadAction\",\"target\":[\"https:\\\/\\\/350.org\\\/es\\\/testigos-del-clima-extremo\\\/\"]}]},{\"@type\":\"ImageObject\",\"inLanguage\":\"es\",\"@id\":\"https:\\\/\\\/350.org\\\/es\\\/testigos-del-clima-extremo\\\/#primaryimage\",\"url\":\"https:\\\/\\\/350.org\\\/es\\\/wp-content\\\/uploads\\\/sites\\\/10\\\/2015\\\/08\\\/eyewitness-to-extreme-weather-1.jpg\",\"contentUrl\":\"https:\\\/\\\/350.org\\\/es\\\/wp-content\\\/uploads\\\/sites\\\/10\\\/2015\\\/08\\\/eyewitness-to-extreme-weather-1.jpg\",\"width\":950,\"height\":633},{\"@type\":\"BreadcrumbList\",\"@id\":\"https:\\\/\\\/350.org\\\/es\\\/testigos-del-clima-extremo\\\/#breadcrumb\",\"itemListElement\":[{\"@type\":\"ListItem\",\"position\":1,\"name\":\"Home\",\"item\":\"https:\\\/\\\/350.org\\\/es\\\/\"},{\"@type\":\"ListItem\",\"position\":2,\"name\":\"Testigos del Clima Extremo\"}]},{\"@type\":\"WebSite\",\"@id\":\"https:\\\/\\\/350.org\\\/es\\\/#website\",\"url\":\"https:\\\/\\\/350.org\\\/es\\\/\",\"name\":\"350 Espa\u00f1ol\",\"description\":\"\",\"potentialAction\":[{\"@type\":\"SearchAction\",\"target\":{\"@type\":\"EntryPoint\",\"urlTemplate\":\"https:\\\/\\\/350.org\\\/es\\\/?s={search_term_string}\"},\"query-input\":{\"@type\":\"PropertyValueSpecification\",\"valueRequired\":true,\"valueName\":\"search_term_string\"}}],\"inLanguage\":\"es\"},{\"@type\":\"Person\",\"@id\":\"https:\\\/\\\/350.org\\\/es\\\/#\\\/schema\\\/person\\\/0632d7eab67421462b6ff196d89cb5a7\",\"name\":\"D\u00e9bora Gastal\",\"image\":{\"@type\":\"ImageObject\",\"inLanguage\":\"es\",\"@id\":\"https:\\\/\\\/350.org\\\/wp-content\\\/uploads\\\/2024\\\/11\\\/cropped-foto-De-baixa-scaled-1-96x96.jpg\",\"url\":\"https:\\\/\\\/350.org\\\/wp-content\\\/uploads\\\/2024\\\/11\\\/cropped-foto-De-baixa-scaled-1-96x96.jpg\",\"contentUrl\":\"https:\\\/\\\/350.org\\\/wp-content\\\/uploads\\\/2024\\\/11\\\/cropped-foto-De-baixa-scaled-1-96x96.jpg\",\"caption\":\"D\u00e9bora Gastal\"},\"sameAs\":[\"https:\\\/\\\/www.instagram.com\\\/degastal\\\/?hl=en\",\"https:\\\/\\\/www.linkedin.com\\\/in\\\/deboragastal\\\/\",\"https:\\\/\\\/x.com\\\/deboragastal\"],\"url\":\"https:\\\/\\\/350.org\\\/es\\\/author\\\/debora\\\/\"}]}<\/script>\n<!-- \/ Yoast SEO Premium plugin. -->","yoast_head_json":{"title":"Testigos del Clima Extremo - 350 Espa\u00f1ol","robots":{"index":"index","follow":"follow","max-snippet":"max-snippet:-1","max-image-preview":"max-image-preview:large","max-video-preview":"max-video-preview:-1"},"canonical":"https:\/\/350.org\/es\/testigos-del-clima-extremo\/","og_locale":"es_ES","og_type":"article","og_title":"Testigos del Clima Extremo","og_description":"Por Thelma Young, 06 de agosto de 2015 11 posts en las Redes Sociales que Muestran la Gravedad de la...","og_url":"https:\/\/350.org\/es\/testigos-del-clima-extremo\/","og_site_name":"350 Espa\u00f1ol","article_published_time":"2015-08-10T15:44:05+00:00","article_modified_time":"2023-09-21T19:32:22+00:00","og_image":[{"width":950,"height":633,"url":"https:\/\/350.org\/es\/wp-content\/uploads\/sites\/10\/2015\/08\/eyewitness-to-extreme-weather-1.jpg","type":"image\/jpeg"}],"author":"D\u00e9bora Gastal","twitter_card":"summary_large_image","twitter_creator":"@deboragastal","twitter_misc":{"Escrito por":"D\u00e9bora Gastal","Tiempo de lectura":"1 minuto"},"schema":{"@context":"https:\/\/schema.org","@graph":[{"@type":"Article","@id":"https:\/\/350.org\/es\/testigos-del-clima-extremo\/#article","isPartOf":{"@id":"https:\/\/350.org\/es\/testigos-del-clima-extremo\/"},"author":{"name":"D\u00e9bora Gastal","@id":"https:\/\/350.org\/es\/#\/schema\/person\/0632d7eab67421462b6ff196d89cb5a7"},"headline":"Testigos del Clima Extremo","datePublished":"2015-08-10T15:44:05+00:00","dateModified":"2023-09-21T19:32:22+00:00","mainEntityOfPage":{"@id":"https:\/\/350.org\/es\/testigos-del-clima-extremo\/"},"wordCount":177,"image":{"@id":"https:\/\/350.org\/es\/testigos-del-clima-extremo\/#primaryimage"},"thumbnailUrl":"https:\/\/350.org\/es\/wp-content\/uploads\/sites\/10\/2015\/08\/eyewitness-to-extreme-weather-1.jpg","articleSection":["Climate Impacts","Global"],"inLanguage":"es"},{"@type":"WebPage","@id":"https:\/\/350.org\/es\/testigos-del-clima-extremo\/","url":"https:\/\/350.org\/es\/testigos-del-clima-extremo\/","name":"Testigos del Clima Extremo - 350 Espa\u00f1ol","isPartOf":{"@id":"https:\/\/350.org\/es\/#website"},"primaryImageOfPage":{"@id":"https:\/\/350.org\/es\/testigos-del-clima-extremo\/#primaryimage"},"image":{"@id":"https:\/\/350.org\/es\/testigos-del-clima-extremo\/#primaryimage"},"thumbnailUrl":"https:\/\/350.org\/es\/wp-content\/uploads\/sites\/10\/2015\/08\/eyewitness-to-extreme-weather-1.jpg","datePublished":"2015-08-10T15:44:05+00:00","dateModified":"2023-09-21T19:32:22+00:00","author":{"@id":"https:\/\/350.org\/es\/#\/schema\/person\/0632d7eab67421462b6ff196d89cb5a7"},"breadcrumb":{"@id":"https:\/\/350.org\/es\/testigos-del-clima-extremo\/#breadcrumb"},"inLanguage":"es","potentialAction":[{"@type":"ReadAction","target":["https:\/\/350.org\/es\/testigos-del-clima-extremo\/"]}]},{"@type":"ImageObject","inLanguage":"es","@id":"https:\/\/350.org\/es\/testigos-del-clima-extremo\/#primaryimage","url":"https:\/\/350.org\/es\/wp-content\/uploads\/sites\/10\/2015\/08\/eyewitness-to-extreme-weather-1.jpg","contentUrl":"https:\/\/350.org\/es\/wp-content\/uploads\/sites\/10\/2015\/08\/eyewitness-to-extreme-weather-1.jpg","width":950,"height":633},{"@type":"BreadcrumbList","@id":"https:\/\/350.org\/es\/testigos-del-clima-extremo\/#breadcrumb","itemListElement":[{"@type":"ListItem","position":1,"name":"Home","item":"https:\/\/350.org\/es\/"},{"@type":"ListItem","position":2,"name":"Testigos del Clima Extremo"}]},{"@type":"WebSite","@id":"https:\/\/350.org\/es\/#website","url":"https:\/\/350.org\/es\/","name":"350 Espa\u00f1ol","description":"","potentialAction":[{"@type":"SearchAction","target":{"@type":"EntryPoint","urlTemplate":"https:\/\/350.org\/es\/?s={search_term_string}"},"query-input":{"@type":"PropertyValueSpecification","valueRequired":true,"valueName":"search_term_string"}}],"inLanguage":"es"},{"@type":"Person","@id":"https:\/\/350.org\/es\/#\/schema\/person\/0632d7eab67421462b6ff196d89cb5a7","name":"D\u00e9bora Gastal","image":{"@type":"ImageObject","inLanguage":"es","@id":"https:\/\/350.org\/wp-content\/uploads\/2024\/11\/cropped-foto-De-baixa-scaled-1-96x96.jpg","url":"https:\/\/350.org\/wp-content\/uploads\/2024\/11\/cropped-foto-De-baixa-scaled-1-96x96.jpg","contentUrl":"https:\/\/350.org\/wp-content\/uploads\/2024\/11\/cropped-foto-De-baixa-scaled-1-96x96.jpg","caption":"D\u00e9bora Gastal"},"sameAs":["https:\/\/www.instagram.com\/degastal\/?hl=en","https:\/\/www.linkedin.com\/in\/deboragastal\/","https:\/\/x.com\/deboragastal"],"url":"https:\/\/350.org\/es\/author\/debora\/"}]}},"_links":{"self":[{"href":"https:\/\/350.org\/es\/wp-json\/wp\/v2\/posts\/129982","targetHints":{"allow":["GET"]}}],"collection":[{"href":"https:\/\/350.org\/es\/wp-json\/wp\/v2\/posts"}],"about":[{"href":"https:\/\/350.org\/es\/wp-json\/wp\/v2\/types\/post"}],"author":[{"embeddable":true,"href":"https:\/\/350.org\/es\/wp-json\/wp\/v2\/users\/10012012"}],"replies":[{"embeddable":true,"href":"https:\/\/350.org\/es\/wp-json\/wp\/v2\/comments?post=129982"}],"version-history":[{"count":0,"href":"https:\/\/350.org\/es\/wp-json\/wp\/v2\/posts\/129982\/revisions"}],"wp:featuredmedia":[{"embeddable":true,"href":"https:\/\/350.org\/es\/wp-json\/wp\/v2\/media\/129983"}],"wp:attachment":[{"href":"https:\/\/350.org\/es\/wp-json\/wp\/v2\/media?parent=129982"}],"wp:term":[{"taxonomy":"category","embeddable":true,"href":"https:\/\/350.org\/es\/wp-json\/wp\/v2\/categories?post=129982"},{"taxonomy":"post_tag","embeddable":true,"href":"https:\/\/350.org\/es\/wp-json\/wp\/v2\/tags?post=129982"}],"curies":[{"name":"wp","href":"https:\/\/api.w.org\/{rel}","templated":true}]}}