{"id":131929,"date":"2018-06-14T18:07:32","date_gmt":"2018-06-14T18:07:32","guid":{"rendered":"https:\/\/350.org\/es\/?p=131929"},"modified":"2018-06-14T18:27:45","modified_gmt":"2018-06-14T18:27:45","slug":"jovenes-de-america-latina-contra-el-cambio-climatico","status":"publish","type":"post","link":"https:\/\/350.org\/es\/jovenes-de-america-latina-contra-el-cambio-climatico\/","title":{"rendered":"J\u00f3venes de Am\u00e9rica Latina contra el cambio clim\u00e1tico"},"content":{"rendered":"<a href=\"https:\/\/350.org\/es\/jovenes-de-colombia-contra-el-cambio-climatico\/whatsapp-image-2018-06-14-at-11-01-52\/\" rel=\"attachment wp-att-131930\"><img loading=\"lazy\" decoding=\"async\" class=\"aligncenter wp-image-131930\" src=\"https:\/\/350.org\/es\/wp-content\/uploads\/sites\/10\/2018\/06\/WhatsApp-Image-2018-06-14-at-11.01.52-1024x576.jpeg\" alt=\"\" width=\"700\" height=\"394\" srcset=\"https:\/\/350.org\/es\/wp-content\/uploads\/sites\/10\/2018\/06\/WhatsApp-Image-2018-06-14-at-11.01.52-1024x576.jpeg 1024w, https:\/\/350.org\/es\/wp-content\/uploads\/sites\/10\/2018\/06\/WhatsApp-Image-2018-06-14-at-11.01.52-225x127.jpeg 225w, https:\/\/350.org\/es\/wp-content\/uploads\/sites\/10\/2018\/06\/WhatsApp-Image-2018-06-14-at-11.01.52-300x169.jpeg 300w, https:\/\/350.org\/es\/wp-content\/uploads\/sites\/10\/2018\/06\/WhatsApp-Image-2018-06-14-at-11.01.52-768x432.jpeg 768w, https:\/\/350.org\/es\/wp-content\/uploads\/sites\/10\/2018\/06\/WhatsApp-Image-2018-06-14-at-11.01.52-430x242.jpeg 430w, https:\/\/350.org\/es\/wp-content\/uploads\/sites\/10\/2018\/06\/WhatsApp-Image-2018-06-14-at-11.01.52-20x11.jpeg 20w, https:\/\/350.org\/es\/wp-content\/uploads\/sites\/10\/2018\/06\/WhatsApp-Image-2018-06-14-at-11.01.52.jpeg 1032w\" sizes=\"auto, (max-width: 700px) 100vw, 700px\" \/><\/a>\n<p>&nbsp;<\/p>\n<p><span style=\"font-weight: 400;\">Se realiz\u00f3 en Colombia en la \u00faltima semana la <\/span><a href=\"https:\/\/www.facebook.com\/events\/2093500217570540\/\"><span style=\"font-weight: 400;\">Cumbre Internacional de J\u00f3venes Nari\u00f1o por el Clima<\/span><\/a><span style=\"font-weight: 400;\">. <\/span><span style=\"font-weight: 400;\">El evento fue una iniciativa de la Oficina de Cooperaci\u00f3n Internacional, la Secretar\u00eda de Ambiente y Desarrollo Sostenible, Secretar\u00eda de G\u00e9nero e Inclusi\u00f3n Social, con el apoyo de PNUD, Universidad Mariana, el Ministerio de Ambiente, 350.org y otras instituciones. Los j\u00f3venes presentes discutieron temas como energ\u00edas renovables, g\u00e9nero y acci\u00f3n clim\u00e1tica, realizaron talleres sobre comunicaci\u00f3n y activismo, y escucharon a conferencistas internacionales sobre movimientos sociales y ambientales.<\/span><\/p>\n<p><span style=\"font-weight: 400;\">Juan Pablo Olsson, coordinador de campa\u00f1as clim\u00e1ticas de 350.org Am\u00e9rica Latina, particip\u00f3 del panel &#8216;Di\u00e1logo de Saberes&#8217;, y habl\u00f3 sobre la <\/span><span style=\"font-weight: 400;\">campanha global Cero F\u00f3siles, la problem\u00e1tica del fracking en la regi\u00f3n y sobre el caso de la <\/span><a href=\"https:\/\/www.facebook.com\/groups\/MendozaSinFracking\/about\/\"><span style=\"font-weight: 400;\">resist\u00eancia en la prov\u00edncia de Mendoza<\/span><\/a><span style=\"font-weight: 400;\">. <\/span><\/p>\n<p><span style=\"font-weight: 400;\">\u00abEs imprescindible que los j\u00f3venes de Colombia y de Am\u00e9rica Latina sean protagonistas de un movimiento clim\u00e1tico que impulse una transici\u00f3n r\u00e1pida y justa hacia 100% de energ\u00eda renovable y libre para todos. Enfrentamos la ambici\u00f3n de la industria f\u00f3sil y la irracionalidad de dirigentes como Donald Trump, que insiste en negar el cambio clim\u00e1tico y profundizar la explotaci\u00f3n de energ\u00edas sucias y contaminantes, tanto para Estados Unidos como para Am\u00e9rica Latina. Es por eso que en la regi\u00f3n estamos padeciendo el avance del fracking, la t\u00e9cnica de extracci\u00f3n de hidrocarburos no convencionales m\u00e1s contaminante del planeta\u00bb, afirm\u00f3 Olsson.<\/span><\/p>\n<p><span style=\"font-weight: 400;\">El panel cont\u00f3 con la moderaci\u00f3n del gobernador de Nari\u00f1o, Camilo Romero. <\/span><span style=\"font-weight: 400;\">\u00c9l explic\u00f3 que al definir el Plan de Desarrollo para el departamento, con la participaci\u00f3n de 64 municipios, una de las exigencias que surgi\u00f3 por parte de las comunidades fue un mandato para cerrar la puerta a la megaminer\u00eda. En respuesta a estas demandas, la Gobernaci\u00f3n del Nari\u00f1o cre\u00f3 por primera vez una Secretar\u00eda de Ambiente y Desarrollo Sostenible. <\/span><\/p>\n<p><span style=\"font-weight: 400;\">Romero se\u00f1al\u00f3 que la participaci\u00f3n de la ciudadan\u00eda tuvo un rol clave para que se haya aprobado la prohibici\u00f3n de la Megaminer\u00eda en el departamento. \u201cLa negaci\u00f3n de la megaminer\u00eda la impuso la ciudadan\u00eda. Lo hemos reconocido como un valor fundamental. Al final de cuentas la adaptaci\u00f3n y reducci\u00f3n de emisiones de gases de efecto invernadero se da desde lo local. Ah\u00ed est\u00e1 la esencia. Puede haber pol\u00edtica nacional pero donde se construye es en lo local. El compromiso nuestro comienza con la creaci\u00f3n de una secretar\u00eda\u201d, explic\u00f3.<\/span><\/p>\n<p><span style=\"font-weight: 400;\">Expusieron tambi\u00e9n distintos referentes Internacionales y de Colombia, que vienen trabajando problem\u00e1ticas relacionadas al cambio clim\u00e1tico, la deforestaci\u00f3n y las distintas luchas contra el extractivismo en Am\u00e9rica Latina. Estuvieron presentes importantes especialistas, como <\/span><span style=\"font-weight: 400;\">Francia M\u00e1rquez, la l\u00edder afrocolombiana ganadora del Premio Medioambiental Goldman en 2018<\/span><span style=\"font-weight: 400;\">.<\/span><\/p>\n<p><span style=\"font-weight: 400;\">Francia alert\u00f3 sobre el avance en Colombia y en Am\u00e9rica Latina de un modelo extractivo altamente contaminante y depredatorio, y insisti\u00f3 en un cambio de modelo econ\u00f3mico \u201cpara que sea de vida y no de muerte\u201d. \u201cTenemos varios desaf\u00edos. Uno empieza por el ser humano. Por cada uno. Hacernos conscientes del papel que jugamos. No somos due\u00f1os de la naturaleza, somos parte de ella. Es nuestra responsabilidad cuidar la casa com\u00fan\u201d, dijo. <\/span><\/p>\n<p><span style=\"font-weight: 400;\">Hugo Marmol, uno de los j\u00f3venes responsables del evento, resalt\u00f3 que m\u00e1s all\u00e1 de los acuerdos internacionales como el Acuerdo de Par\u00eds para hacer frente al cambio clim\u00e1tico, es importante \u201csentar unas bases frente al tema de juventud en el departamento\u201d. Para ellos, el gran objetivo del encuentro fuera \u201cproteger los derechos de las generaciones futuras al garantizar la participaci\u00f3n de j\u00f3venes y ni\u00f1os en la acci\u00f3n clim\u00e1tica.\u201d<\/span><\/p>\n<p><span style=\"font-weight: 400;\">Los j\u00f3venes presentes en la Cumbre se solidarizaron con las distintas luchas de la regi\u00f3n, con el movimiento latinoamericano contra el fracking y con la lucha que se est\u00e1 llevando adelante en Argentina, en la Provincia de Mendoza, por la defensa del agua y del Acu\u00edfero Guaran\u00ed.<\/span><\/p>\n","protected":false},"excerpt":{"rendered":"<p>La Cumbre Internacional de J\u00f3venes por el Clima, realizada en Col\u00f4mbia, reuni\u00f3 a l\u00edderes de varias regiones de Am\u00e9rica Latina para debatir los desaf\u00edos de adaptaci\u00f3n y mitigaci\u00f3n del cambio clim\u00e1tico en sus comunidades.<\/p>\n","protected":false},"author":10012060,"featured_media":131930,"comment_status":"closed","ping_status":"closed","sticky":false,"template":"","format":"standard","meta":{"_acf_changed":false,"footnotes":""},"categories":[121,4,22],"tags":[55,60,135,133,134,69],"class_list":["post-131929","post","type-post","status-publish","format-standard","has-post-thumbnail","hentry","category-cero-fosiles","category-featured","category-latin-america","tag-cambio-climatico","tag-cero-fosiles","tag-colombia","tag-cumbre-internacional-de-jovenes-por-el-clima","tag-narino","tag-no-al-fracking"],"acf":[],"yoast_head":"<!-- This site is optimized with the Yoast SEO Premium plugin v26.9 (Yoast SEO v27.5) - https:\/\/yoast.com\/product\/yoast-seo-premium-wordpress\/ -->\n<title>J\u00f3venes de Am\u00e9rica Latina contra el cambio clim\u00e1tico - 350 Espa\u00f1ol<\/title>\n<meta name=\"robots\" content=\"index, follow, max-snippet:-1, max-image-preview:large, max-video-preview:-1\" \/>\n<link rel=\"canonical\" href=\"https:\/\/350.org\/es\/jovenes-de-america-latina-contra-el-cambio-climatico\/\" \/>\n<meta property=\"og:locale\" content=\"es_ES\" \/>\n<meta property=\"og:type\" content=\"article\" \/>\n<meta property=\"og:title\" content=\"J\u00f3venes de Am\u00e9rica Latina contra el cambio clim\u00e1tico\" \/>\n<meta property=\"og:description\" content=\"La Cumbre Internacional de J\u00f3venes por el Clima, realizada en Col\u00f4mbia, reuni\u00f3 a l\u00edderes de varias regiones de Am\u00e9rica Latina para debatir los desaf\u00edos de adaptaci\u00f3n y mitigaci\u00f3n del cambio clim\u00e1tico en sus comunidades.\" \/>\n<meta property=\"og:url\" content=\"https:\/\/350.org\/es\/jovenes-de-america-latina-contra-el-cambio-climatico\/\" \/>\n<meta property=\"og:site_name\" content=\"350 Espa\u00f1ol\" \/>\n<meta property=\"article:published_time\" content=\"2018-06-14T18:07:32+00:00\" \/>\n<meta property=\"article:modified_time\" content=\"2018-06-14T18:27:45+00:00\" \/>\n<meta property=\"og:image\" content=\"https:\/\/350.org\/es\/wp-content\/uploads\/sites\/10\/2018\/06\/WhatsApp-Image-2018-06-14-at-11.01.52.jpeg\" \/>\n\t<meta property=\"og:image:width\" content=\"1032\" \/>\n\t<meta property=\"og:image:height\" content=\"581\" \/>\n\t<meta property=\"og:image:type\" content=\"image\/jpeg\" \/>\n<meta name=\"twitter:card\" content=\"summary_large_image\" \/>\n<meta name=\"twitter:label1\" content=\"Escrito por\" \/>\n\t<meta name=\"twitter:data1\" content=\"\" \/>\n\t<meta name=\"twitter:label2\" content=\"Tiempo de lectura\" \/>\n\t<meta name=\"twitter:data2\" content=\"3 minutos\" \/>\n<script type=\"application\/ld+json\" class=\"yoast-schema-graph\">{\"@context\":\"https:\\\/\\\/schema.org\",\"@graph\":[{\"@type\":\"Article\",\"@id\":\"https:\\\/\\\/350.org\\\/es\\\/jovenes-de-america-latina-contra-el-cambio-climatico\\\/#article\",\"isPartOf\":{\"@id\":\"https:\\\/\\\/350.org\\\/es\\\/jovenes-de-america-latina-contra-el-cambio-climatico\\\/\"},\"author\":{\"name\":\"\",\"@id\":\"\"},\"headline\":\"J\u00f3venes de Am\u00e9rica Latina contra el cambio clim\u00e1tico\",\"datePublished\":\"2018-06-14T18:07:32+00:00\",\"dateModified\":\"2018-06-14T18:27:45+00:00\",\"mainEntityOfPage\":{\"@id\":\"https:\\\/\\\/350.org\\\/es\\\/jovenes-de-america-latina-contra-el-cambio-climatico\\\/\"},\"wordCount\":709,\"image\":{\"@id\":\"https:\\\/\\\/350.org\\\/es\\\/jovenes-de-america-latina-contra-el-cambio-climatico\\\/#primaryimage\"},\"thumbnailUrl\":\"https:\\\/\\\/350.org\\\/es\\\/wp-content\\\/uploads\\\/sites\\\/10\\\/2018\\\/06\\\/WhatsApp-Image-2018-06-14-at-11.01.52.jpeg\",\"keywords\":[\"Cambio Clim\u00e1tico\",\"Cero F\u00f3siles\",\"Col\u00f4mbia\",\"Cumbre Internacional de J\u00f3venes por el Clima\",\"Nari\u00f1o\",\"No Al Fracking\"],\"articleSection\":[\"Cero F\u00f3siles\",\"Featured\",\"Latin America\"],\"inLanguage\":\"es\"},{\"@type\":\"WebPage\",\"@id\":\"https:\\\/\\\/350.org\\\/es\\\/jovenes-de-america-latina-contra-el-cambio-climatico\\\/\",\"url\":\"https:\\\/\\\/350.org\\\/es\\\/jovenes-de-america-latina-contra-el-cambio-climatico\\\/\",\"name\":\"J\u00f3venes de Am\u00e9rica Latina contra el cambio clim\u00e1tico - 350 Espa\u00f1ol\",\"isPartOf\":{\"@id\":\"https:\\\/\\\/350.org\\\/es\\\/#website\"},\"primaryImageOfPage\":{\"@id\":\"https:\\\/\\\/350.org\\\/es\\\/jovenes-de-america-latina-contra-el-cambio-climatico\\\/#primaryimage\"},\"image\":{\"@id\":\"https:\\\/\\\/350.org\\\/es\\\/jovenes-de-america-latina-contra-el-cambio-climatico\\\/#primaryimage\"},\"thumbnailUrl\":\"https:\\\/\\\/350.org\\\/es\\\/wp-content\\\/uploads\\\/sites\\\/10\\\/2018\\\/06\\\/WhatsApp-Image-2018-06-14-at-11.01.52.jpeg\",\"datePublished\":\"2018-06-14T18:07:32+00:00\",\"dateModified\":\"2018-06-14T18:27:45+00:00\",\"author\":{\"@id\":\"\"},\"breadcrumb\":{\"@id\":\"https:\\\/\\\/350.org\\\/es\\\/jovenes-de-america-latina-contra-el-cambio-climatico\\\/#breadcrumb\"},\"inLanguage\":\"es\",\"potentialAction\":[{\"@type\":\"ReadAction\",\"target\":[\"https:\\\/\\\/350.org\\\/es\\\/jovenes-de-america-latina-contra-el-cambio-climatico\\\/\"]}]},{\"@type\":\"ImageObject\",\"inLanguage\":\"es\",\"@id\":\"https:\\\/\\\/350.org\\\/es\\\/jovenes-de-america-latina-contra-el-cambio-climatico\\\/#primaryimage\",\"url\":\"https:\\\/\\\/350.org\\\/es\\\/wp-content\\\/uploads\\\/sites\\\/10\\\/2018\\\/06\\\/WhatsApp-Image-2018-06-14-at-11.01.52.jpeg\",\"contentUrl\":\"https:\\\/\\\/350.org\\\/es\\\/wp-content\\\/uploads\\\/sites\\\/10\\\/2018\\\/06\\\/WhatsApp-Image-2018-06-14-at-11.01.52.jpeg\",\"width\":1032,\"height\":581},{\"@type\":\"BreadcrumbList\",\"@id\":\"https:\\\/\\\/350.org\\\/es\\\/jovenes-de-america-latina-contra-el-cambio-climatico\\\/#breadcrumb\",\"itemListElement\":[{\"@type\":\"ListItem\",\"position\":1,\"name\":\"Home\",\"item\":\"https:\\\/\\\/350.org\\\/es\\\/\"},{\"@type\":\"ListItem\",\"position\":2,\"name\":\"J\u00f3venes de Am\u00e9rica Latina contra el cambio clim\u00e1tico\"}]},{\"@type\":\"WebSite\",\"@id\":\"https:\\\/\\\/350.org\\\/es\\\/#website\",\"url\":\"https:\\\/\\\/350.org\\\/es\\\/\",\"name\":\"350 Espa\u00f1ol\",\"description\":\"\",\"potentialAction\":[{\"@type\":\"SearchAction\",\"target\":{\"@type\":\"EntryPoint\",\"urlTemplate\":\"https:\\\/\\\/350.org\\\/es\\\/?s={search_term_string}\"},\"query-input\":{\"@type\":\"PropertyValueSpecification\",\"valueRequired\":true,\"valueName\":\"search_term_string\"}}],\"inLanguage\":\"es\"},{\"@type\":\"Person\",\"@id\":\"\",\"url\":\"https:\\\/\\\/350.org\\\/es\\\/author\\\/\"}]}<\/script>\n<!-- \/ Yoast SEO Premium plugin. -->","yoast_head_json":{"title":"J\u00f3venes de Am\u00e9rica Latina contra el cambio clim\u00e1tico - 350 Espa\u00f1ol","robots":{"index":"index","follow":"follow","max-snippet":"max-snippet:-1","max-image-preview":"max-image-preview:large","max-video-preview":"max-video-preview:-1"},"canonical":"https:\/\/350.org\/es\/jovenes-de-america-latina-contra-el-cambio-climatico\/","og_locale":"es_ES","og_type":"article","og_title":"J\u00f3venes de Am\u00e9rica Latina contra el cambio clim\u00e1tico","og_description":"La Cumbre Internacional de J\u00f3venes por el Clima, realizada en Col\u00f4mbia, reuni\u00f3 a l\u00edderes de varias regiones de Am\u00e9rica Latina para debatir los desaf\u00edos de adaptaci\u00f3n y mitigaci\u00f3n del cambio clim\u00e1tico en sus comunidades.","og_url":"https:\/\/350.org\/es\/jovenes-de-america-latina-contra-el-cambio-climatico\/","og_site_name":"350 Espa\u00f1ol","article_published_time":"2018-06-14T18:07:32+00:00","article_modified_time":"2018-06-14T18:27:45+00:00","og_image":[{"width":1032,"height":581,"url":"https:\/\/350.org\/es\/wp-content\/uploads\/sites\/10\/2018\/06\/WhatsApp-Image-2018-06-14-at-11.01.52.jpeg","type":"image\/jpeg"}],"twitter_card":"summary_large_image","twitter_misc":{"Escrito por":"","Tiempo de lectura":"3 minutos"},"schema":{"@context":"https:\/\/schema.org","@graph":[{"@type":"Article","@id":"https:\/\/350.org\/es\/jovenes-de-america-latina-contra-el-cambio-climatico\/#article","isPartOf":{"@id":"https:\/\/350.org\/es\/jovenes-de-america-latina-contra-el-cambio-climatico\/"},"author":{"name":"","@id":""},"headline":"J\u00f3venes de Am\u00e9rica Latina contra el cambio clim\u00e1tico","datePublished":"2018-06-14T18:07:32+00:00","dateModified":"2018-06-14T18:27:45+00:00","mainEntityOfPage":{"@id":"https:\/\/350.org\/es\/jovenes-de-america-latina-contra-el-cambio-climatico\/"},"wordCount":709,"image":{"@id":"https:\/\/350.org\/es\/jovenes-de-america-latina-contra-el-cambio-climatico\/#primaryimage"},"thumbnailUrl":"https:\/\/350.org\/es\/wp-content\/uploads\/sites\/10\/2018\/06\/WhatsApp-Image-2018-06-14-at-11.01.52.jpeg","keywords":["Cambio Clim\u00e1tico","Cero F\u00f3siles","Col\u00f4mbia","Cumbre Internacional de J\u00f3venes por el Clima","Nari\u00f1o","No Al Fracking"],"articleSection":["Cero F\u00f3siles","Featured","Latin America"],"inLanguage":"es"},{"@type":"WebPage","@id":"https:\/\/350.org\/es\/jovenes-de-america-latina-contra-el-cambio-climatico\/","url":"https:\/\/350.org\/es\/jovenes-de-america-latina-contra-el-cambio-climatico\/","name":"J\u00f3venes de Am\u00e9rica Latina contra el cambio clim\u00e1tico - 350 Espa\u00f1ol","isPartOf":{"@id":"https:\/\/350.org\/es\/#website"},"primaryImageOfPage":{"@id":"https:\/\/350.org\/es\/jovenes-de-america-latina-contra-el-cambio-climatico\/#primaryimage"},"image":{"@id":"https:\/\/350.org\/es\/jovenes-de-america-latina-contra-el-cambio-climatico\/#primaryimage"},"thumbnailUrl":"https:\/\/350.org\/es\/wp-content\/uploads\/sites\/10\/2018\/06\/WhatsApp-Image-2018-06-14-at-11.01.52.jpeg","datePublished":"2018-06-14T18:07:32+00:00","dateModified":"2018-06-14T18:27:45+00:00","author":{"@id":""},"breadcrumb":{"@id":"https:\/\/350.org\/es\/jovenes-de-america-latina-contra-el-cambio-climatico\/#breadcrumb"},"inLanguage":"es","potentialAction":[{"@type":"ReadAction","target":["https:\/\/350.org\/es\/jovenes-de-america-latina-contra-el-cambio-climatico\/"]}]},{"@type":"ImageObject","inLanguage":"es","@id":"https:\/\/350.org\/es\/jovenes-de-america-latina-contra-el-cambio-climatico\/#primaryimage","url":"https:\/\/350.org\/es\/wp-content\/uploads\/sites\/10\/2018\/06\/WhatsApp-Image-2018-06-14-at-11.01.52.jpeg","contentUrl":"https:\/\/350.org\/es\/wp-content\/uploads\/sites\/10\/2018\/06\/WhatsApp-Image-2018-06-14-at-11.01.52.jpeg","width":1032,"height":581},{"@type":"BreadcrumbList","@id":"https:\/\/350.org\/es\/jovenes-de-america-latina-contra-el-cambio-climatico\/#breadcrumb","itemListElement":[{"@type":"ListItem","position":1,"name":"Home","item":"https:\/\/350.org\/es\/"},{"@type":"ListItem","position":2,"name":"J\u00f3venes de Am\u00e9rica Latina contra el cambio clim\u00e1tico"}]},{"@type":"WebSite","@id":"https:\/\/350.org\/es\/#website","url":"https:\/\/350.org\/es\/","name":"350 Espa\u00f1ol","description":"","potentialAction":[{"@type":"SearchAction","target":{"@type":"EntryPoint","urlTemplate":"https:\/\/350.org\/es\/?s={search_term_string}"},"query-input":{"@type":"PropertyValueSpecification","valueRequired":true,"valueName":"search_term_string"}}],"inLanguage":"es"},{"@type":"Person","@id":"","url":"https:\/\/350.org\/es\/author\/"}]}},"_links":{"self":[{"href":"https:\/\/350.org\/es\/wp-json\/wp\/v2\/posts\/131929","targetHints":{"allow":["GET"]}}],"collection":[{"href":"https:\/\/350.org\/es\/wp-json\/wp\/v2\/posts"}],"about":[{"href":"https:\/\/350.org\/es\/wp-json\/wp\/v2\/types\/post"}],"author":[{"embeddable":true,"href":"https:\/\/350.org\/es\/wp-json\/wp\/v2\/users\/10012060"}],"replies":[{"embeddable":true,"href":"https:\/\/350.org\/es\/wp-json\/wp\/v2\/comments?post=131929"}],"version-history":[{"count":0,"href":"https:\/\/350.org\/es\/wp-json\/wp\/v2\/posts\/131929\/revisions"}],"wp:featuredmedia":[{"embeddable":true,"href":"https:\/\/350.org\/es\/wp-json\/wp\/v2\/media\/131930"}],"wp:attachment":[{"href":"https:\/\/350.org\/es\/wp-json\/wp\/v2\/media?parent=131929"}],"wp:term":[{"taxonomy":"category","embeddable":true,"href":"https:\/\/350.org\/es\/wp-json\/wp\/v2\/categories?post=131929"},{"taxonomy":"post_tag","embeddable":true,"href":"https:\/\/350.org\/es\/wp-json\/wp\/v2\/tags?post=131929"}],"curies":[{"name":"wp","href":"https:\/\/api.w.org\/{rel}","templated":true}]}}