{"id":132553,"date":"2019-09-20T15:38:55","date_gmt":"2019-09-20T15:38:55","guid":{"rendered":"https:\/\/350.org\/es\/?p=132553"},"modified":"2023-09-21T19:26:14","modified_gmt":"2023-09-21T19:26:14","slug":"movilizacion-mundial-por-el-clima-llego-el-dia-de-salvar-el-planeta","status":"publish","type":"post","link":"https:\/\/350.org\/es\/movilizacion-mundial-por-el-clima-llego-el-dia-de-salvar-el-planeta\/","title":{"rendered":"Movilizaci\u00f3n Mundial por el Clima: lleg\u00f3 el d\u00eda de salvar el planeta  \ud83c\udf0e \u270a"},"content":{"rendered":"<p>\u201cNuestra casa est\u00e1 en llamas\u201d, \u201cNo hay un planeta B\u201d, \u201cEs momento de actuar\u201d. Frases como estas decoraron las calles de los 5800 de eventos en 161 pa\u00edses, organizados de forma espont\u00e1nea por los j\u00f3venes e impulsados por <strong>Fridays For Future<\/strong>, el movimiento que inici\u00f3 Greta Thunberg el a\u00f1o pasado y que la llev\u00f3 esta semana a una huelga en la Casa Blanca y a reunirse con l\u00edderes pol\u00edticos como Barack Obama, acompa\u00f1ada por 350.<\/p>\n<p><strong>La mayor movilizaci\u00f3n clim\u00e1tica de la historia<\/strong> contabiliz\u00f3, tan solo en Alemania, un mill\u00f3n y medio de personas. <strong>En Latinoam\u00e9rica<\/strong>, desde Cuba y Venezuela hasta Ushuaia en Argentina, <strong>la marcha cont\u00f3 con 228 eventos en m\u00e1s de 24 pa\u00edses y 170 ciudades <\/strong>que reclamaron a sus gobiernos que no se demoren m\u00e1s en actuar. Brasil fue el pa\u00eds con mayor n\u00famero de eventos en la regi\u00f3n: fueron m\u00e1s de 50 acciones repartidas por las cinco regiones. M\u00e1s de 18 mil personas marcharon en la Avenida Paulista pidiendo el fin de la era de los combustibles f\u00f3siles y mejores pol\u00edticas ambientales.<\/p>\n<p>Otros pa\u00edses de Am\u00e9rica Latina tambi\u00e9n invitaron a todos a pedir por la justicia clim\u00e1tica. En Nari\u00f1o, Colombia, 10 mil personas se movilizaron. En Lima fueron m\u00e1s de 15 mil.<\/p>\n<p style=\"text-align: center;\"><img loading=\"lazy\" decoding=\"async\" class=\"alignnone size-large wp-image-132556\" src=\"https:\/\/350.org\/es\/wp-content\/uploads\/sites\/10\/2019\/09\/WhatsApp-Image-2019-09-20-at-10.44.21-1-1024x576.jpeg\" alt=\"Una movilizaci\u00f3n en una escuela de Vila, Fortaleza, en el estado de Cear\u00e1, Brasil\" width=\"1024\" height=\"576\" srcset=\"https:\/\/350.org\/es\/wp-content\/uploads\/sites\/10\/2019\/09\/WhatsApp-Image-2019-09-20-at-10.44.21-1-1024x576.jpeg 1024w, https:\/\/350.org\/es\/wp-content\/uploads\/sites\/10\/2019\/09\/WhatsApp-Image-2019-09-20-at-10.44.21-1-225x127.jpeg 225w, https:\/\/350.org\/es\/wp-content\/uploads\/sites\/10\/2019\/09\/WhatsApp-Image-2019-09-20-at-10.44.21-1-300x169.jpeg 300w, https:\/\/350.org\/es\/wp-content\/uploads\/sites\/10\/2019\/09\/WhatsApp-Image-2019-09-20-at-10.44.21-1-768x432.jpeg 768w, https:\/\/350.org\/es\/wp-content\/uploads\/sites\/10\/2019\/09\/WhatsApp-Image-2019-09-20-at-10.44.21-1-430x242.jpeg 430w, https:\/\/350.org\/es\/wp-content\/uploads\/sites\/10\/2019\/09\/WhatsApp-Image-2019-09-20-at-10.44.21-1-20x11.jpeg 20w, https:\/\/350.org\/es\/wp-content\/uploads\/sites\/10\/2019\/09\/WhatsApp-Image-2019-09-20-at-10.44.21-1.jpeg 1280w\" sizes=\"auto, (max-width: 1024px) 100vw, 1024px\" \/><br \/>\n<sub><em>Una movilizaci\u00f3n en una escuela de Vila, Fortaleza, en el estado de Cear\u00e1, Brasil. Cortes\u00eda de Eveline Limaverde.<\/em><\/sub><\/p>\n<p>&nbsp;<\/p>\n<p>La movilizaci\u00f3n, que inicia el 20 y finaliza el 27 de septiembre, se da apenas d\u00edas despu\u00e9s de que Naciones Unidas pidiera cambios radicales en las pol\u00edticas ambientales de los gobiernos, ya que advirti\u00f3 que<strong> a este ritmo no se podr\u00e1n cumplir los objetivos del Acuerdo de Par\u00eds<\/strong>. En este contexto se desarrollar\u00e1 la <strong>Cumbre del Clima<\/strong>, el 23 de septiembre, con el fin de acelerar la implementaci\u00f3n del acuerdo.<\/p>\n<p>Cabe mencionar que en Am\u00e9rica Latina, m\u00e1s espec\u00edficamente en Santiago de Chile, se albergar\u00e1n algunos de los eventos clim\u00e1ticos m\u00e1s importantes del mundo como el <strong>Foro de Cooperaci\u00f3n Econ\u00f3mica Asia-Pac\u00edfico<\/strong> (<strong>APEC<\/strong> <strong>2019<\/strong>) en noviembre y la <strong>Conferencia de las Partes<\/strong> (m\u00e1s conocida como la <strong>COP<\/strong>) en diciembre, que buscar\u00e1n revisar la implementaci\u00f3n de pol\u00edticas internacionales sobre la crisis clim\u00e1tica. Sumado a esto, vale la pena mencionar la Cumbre de los Pueblos, los Derechos y la Supervivencia Humana, la contracara de la escena clim\u00e1tica que congrega a organizaciones y articulaciones sociales de diversos territorios y sectores del mundo, tambi\u00e9n tendr\u00e1 lugar en Chile.<\/p>\n<p>&nbsp;<\/p>\n<h3>\u00bfQu\u00e9 piden los j\u00f3venes latinoamericanos?<\/h3>\n<p>Catalina Torres (26), una artista de la ciudad de Bogot\u00e1, compuso la canci\u00f3n \u201cCanto al agua\u201d que es uno de los himnos de la #Movilizaci\u00f3nporelClima. Colombia es un pa\u00eds que batalla contra el fracking y la miner\u00eda debido a la contaminaci\u00f3n de sus aguas.<\/p>\n<p>\u201cNosotros como comunidad, como territorio colombiano o latinoamericano, tenemos unas bases muy fuertes y fundamentadas para llamar a la acci\u00f3n y para unirnos y enraizarnos en pro de nuestra madre tierra\u201d, nos cuenta en el video.<\/p>\n<p>&nbsp;<\/p>\n<div id=\"fb-root\"><\/div>\n<p><script async defer crossorigin=\"anonymous\" src=\"https:\/\/connect.facebook.net\/es_LA\/sdk.js#xfbml=1&#038;version=v4.0\"><\/script><\/p>\n<div style=\"text-align: center;\">\n<div class=\"fb-video\" data-href=\"https:\/\/www.facebook.com\/facebook\/videos\/632923350564909\/\" data-width=\"auto\" data-show-text=\"false\"><\/div>\n<\/div>\n<p>&nbsp;<\/p>\n<p>M\u00e1s informaci\u00f3n en el <a href=\"https:\/\/movilizacionmundialporelclima.net\">sitio oficial<\/a> de la Movilizaci\u00f3n Mundial por el Clima.<\/p>\n<p>&nbsp;<\/p>\n<p><strong>##<\/strong><br \/>\n<strong>Roc\u00edo Rodr\u00edguez Almaraz &#8211; Digital Organizer de 350.org Argentina<\/strong><\/p>\n","protected":false},"excerpt":{"rendered":"<p>M\u00e1s de 4 millones de j\u00f3venes de todo el mundo se unieron el 20 de septiembre para reclamar una acci\u00f3n urgente sobre el cambio clim\u00e1tico.<\/p>\n","protected":false},"author":10012200,"featured_media":132566,"comment_status":"closed","ping_status":"closed","sticky":false,"template":"","format":"standard","meta":{"_acf_changed":false,"footnotes":""},"categories":[15,16,22],"tags":[87,57,167,84,55,103,173,169,171,172,94],"class_list":["post-132553","post","type-post","status-publish","format-standard","has-post-thumbnail","hentry","category-impacts","category-justice","category-latin-america","tag-america-latina","tag-argentina","tag-bolivia","tag-brasil","tag-cambio-climatico","tag-chile","tag-cop-25","tag-ecuador","tag-global-climate-strike","tag-movilizacion-mundial-por-el-clima","tag-uruguay"],"acf":[],"yoast_head":"<!-- This site is optimized with the Yoast SEO Premium plugin v26.9 (Yoast SEO v27.5) - https:\/\/yoast.com\/product\/yoast-seo-premium-wordpress\/ -->\n<title>Movilizaci\u00f3n Mundial por el Clima: lleg\u00f3 el d\u00eda de salvar el planeta \ud83c\udf0e \u270a - 350 Espa\u00f1ol<\/title>\n<meta name=\"robots\" content=\"index, follow, max-snippet:-1, max-image-preview:large, max-video-preview:-1\" \/>\n<link rel=\"canonical\" href=\"https:\/\/350.org\/es\/movilizacion-mundial-por-el-clima-llego-el-dia-de-salvar-el-planeta\/\" \/>\n<meta property=\"og:locale\" content=\"es_ES\" \/>\n<meta property=\"og:type\" content=\"article\" \/>\n<meta property=\"og:title\" content=\"Movilizaci\u00f3n Mundial por el Clima: lleg\u00f3 el d\u00eda de salvar el planeta \ud83c\udf0e \u270a\" \/>\n<meta property=\"og:description\" content=\"M\u00e1s de 4 millones de j\u00f3venes de todo el mundo se unieron el 20 de septiembre para reclamar una acci\u00f3n urgente sobre el cambio clim\u00e1tico.\" \/>\n<meta property=\"og:url\" content=\"https:\/\/350.org\/es\/movilizacion-mundial-por-el-clima-llego-el-dia-de-salvar-el-planeta\/\" \/>\n<meta property=\"og:site_name\" content=\"350 Espa\u00f1ol\" \/>\n<meta property=\"article:published_time\" content=\"2019-09-20T15:38:55+00:00\" \/>\n<meta property=\"article:modified_time\" content=\"2023-09-21T19:26:14+00:00\" \/>\n<meta property=\"og:image\" content=\"https:\/\/350.org\/es\/wp-content\/uploads\/sites\/10\/2019\/09\/20190920_GLOBAL_CLIMATE_STRIKE_TG101-1024x683.jpg\" \/>\n\t<meta property=\"og:image:width\" content=\"1024\" \/>\n\t<meta property=\"og:image:height\" content=\"683\" \/>\n\t<meta property=\"og:image:type\" content=\"image\/jpeg\" \/>\n<meta name=\"twitter:card\" content=\"summary_large_image\" \/>\n<meta name=\"twitter:label1\" content=\"Escrito por\" \/>\n\t<meta name=\"twitter:data1\" content=\"\" \/>\n\t<meta name=\"twitter:label2\" content=\"Tiempo de lectura\" \/>\n\t<meta name=\"twitter:data2\" content=\"3 minutos\" \/>\n<script type=\"application\/ld+json\" class=\"yoast-schema-graph\">{\"@context\":\"https:\\\/\\\/schema.org\",\"@graph\":[{\"@type\":\"Article\",\"@id\":\"https:\\\/\\\/350.org\\\/es\\\/movilizacion-mundial-por-el-clima-llego-el-dia-de-salvar-el-planeta\\\/#article\",\"isPartOf\":{\"@id\":\"https:\\\/\\\/350.org\\\/es\\\/movilizacion-mundial-por-el-clima-llego-el-dia-de-salvar-el-planeta\\\/\"},\"author\":{\"name\":\"\",\"@id\":\"\"},\"headline\":\"Movilizaci\u00f3n Mundial por el Clima: lleg\u00f3 el d\u00eda de salvar el planeta \ud83c\udf0e \u270a\",\"datePublished\":\"2019-09-20T15:38:55+00:00\",\"dateModified\":\"2023-09-21T19:26:14+00:00\",\"mainEntityOfPage\":{\"@id\":\"https:\\\/\\\/350.org\\\/es\\\/movilizacion-mundial-por-el-clima-llego-el-dia-de-salvar-el-planeta\\\/\"},\"wordCount\":570,\"image\":{\"@id\":\"https:\\\/\\\/350.org\\\/es\\\/movilizacion-mundial-por-el-clima-llego-el-dia-de-salvar-el-planeta\\\/#primaryimage\"},\"thumbnailUrl\":\"https:\\\/\\\/350.org\\\/es\\\/wp-content\\\/uploads\\\/sites\\\/10\\\/2019\\\/09\\\/20190920_GLOBAL_CLIMATE_STRIKE_TG101.jpg\",\"keywords\":[\"Am\u00e9rica Latina\",\"Argentina\",\"Bolivia\",\"Brasil\",\"Cambio Clim\u00e1tico\",\"Chile\",\"COP 25\",\"Ecuador\",\"Global Climate Strike\",\"Movilizaci\u00f3n Mundial por el Clima\",\"Uruguay\"],\"articleSection\":[\"Climate Impacts\",\"Climate Justice\",\"Latin America\"],\"inLanguage\":\"es\"},{\"@type\":\"WebPage\",\"@id\":\"https:\\\/\\\/350.org\\\/es\\\/movilizacion-mundial-por-el-clima-llego-el-dia-de-salvar-el-planeta\\\/\",\"url\":\"https:\\\/\\\/350.org\\\/es\\\/movilizacion-mundial-por-el-clima-llego-el-dia-de-salvar-el-planeta\\\/\",\"name\":\"Movilizaci\u00f3n Mundial por el Clima: lleg\u00f3 el d\u00eda de salvar el planeta \ud83c\udf0e \u270a - 350 Espa\u00f1ol\",\"isPartOf\":{\"@id\":\"https:\\\/\\\/350.org\\\/es\\\/#website\"},\"primaryImageOfPage\":{\"@id\":\"https:\\\/\\\/350.org\\\/es\\\/movilizacion-mundial-por-el-clima-llego-el-dia-de-salvar-el-planeta\\\/#primaryimage\"},\"image\":{\"@id\":\"https:\\\/\\\/350.org\\\/es\\\/movilizacion-mundial-por-el-clima-llego-el-dia-de-salvar-el-planeta\\\/#primaryimage\"},\"thumbnailUrl\":\"https:\\\/\\\/350.org\\\/es\\\/wp-content\\\/uploads\\\/sites\\\/10\\\/2019\\\/09\\\/20190920_GLOBAL_CLIMATE_STRIKE_TG101.jpg\",\"datePublished\":\"2019-09-20T15:38:55+00:00\",\"dateModified\":\"2023-09-21T19:26:14+00:00\",\"author\":{\"@id\":\"\"},\"breadcrumb\":{\"@id\":\"https:\\\/\\\/350.org\\\/es\\\/movilizacion-mundial-por-el-clima-llego-el-dia-de-salvar-el-planeta\\\/#breadcrumb\"},\"inLanguage\":\"es\",\"potentialAction\":[{\"@type\":\"ReadAction\",\"target\":[\"https:\\\/\\\/350.org\\\/es\\\/movilizacion-mundial-por-el-clima-llego-el-dia-de-salvar-el-planeta\\\/\"]}]},{\"@type\":\"ImageObject\",\"inLanguage\":\"es\",\"@id\":\"https:\\\/\\\/350.org\\\/es\\\/movilizacion-mundial-por-el-clima-llego-el-dia-de-salvar-el-planeta\\\/#primaryimage\",\"url\":\"https:\\\/\\\/350.org\\\/es\\\/wp-content\\\/uploads\\\/sites\\\/10\\\/2019\\\/09\\\/20190920_GLOBAL_CLIMATE_STRIKE_TG101.jpg\",\"contentUrl\":\"https:\\\/\\\/350.org\\\/es\\\/wp-content\\\/uploads\\\/sites\\\/10\\\/2019\\\/09\\\/20190920_GLOBAL_CLIMATE_STRIKE_TG101.jpg\",\"width\":3000,\"height\":2000,\"caption\":\"Foto de Teagan Glenane | Survival Media\"},{\"@type\":\"BreadcrumbList\",\"@id\":\"https:\\\/\\\/350.org\\\/es\\\/movilizacion-mundial-por-el-clima-llego-el-dia-de-salvar-el-planeta\\\/#breadcrumb\",\"itemListElement\":[{\"@type\":\"ListItem\",\"position\":1,\"name\":\"Home\",\"item\":\"https:\\\/\\\/350.org\\\/es\\\/\"},{\"@type\":\"ListItem\",\"position\":2,\"name\":\"Movilizaci\u00f3n Mundial por el Clima: lleg\u00f3 el d\u00eda de salvar el planeta \ud83c\udf0e \u270a\"}]},{\"@type\":\"WebSite\",\"@id\":\"https:\\\/\\\/350.org\\\/es\\\/#website\",\"url\":\"https:\\\/\\\/350.org\\\/es\\\/\",\"name\":\"350 Espa\u00f1ol\",\"description\":\"\",\"potentialAction\":[{\"@type\":\"SearchAction\",\"target\":{\"@type\":\"EntryPoint\",\"urlTemplate\":\"https:\\\/\\\/350.org\\\/es\\\/?s={search_term_string}\"},\"query-input\":{\"@type\":\"PropertyValueSpecification\",\"valueRequired\":true,\"valueName\":\"search_term_string\"}}],\"inLanguage\":\"es\"},{\"@type\":\"Person\",\"@id\":\"\",\"url\":\"https:\\\/\\\/350.org\\\/es\\\/author\\\/\"}]}<\/script>\n<!-- \/ Yoast SEO Premium plugin. -->","yoast_head_json":{"title":"Movilizaci\u00f3n Mundial por el Clima: lleg\u00f3 el d\u00eda de salvar el planeta \ud83c\udf0e \u270a - 350 Espa\u00f1ol","robots":{"index":"index","follow":"follow","max-snippet":"max-snippet:-1","max-image-preview":"max-image-preview:large","max-video-preview":"max-video-preview:-1"},"canonical":"https:\/\/350.org\/es\/movilizacion-mundial-por-el-clima-llego-el-dia-de-salvar-el-planeta\/","og_locale":"es_ES","og_type":"article","og_title":"Movilizaci\u00f3n Mundial por el Clima: lleg\u00f3 el d\u00eda de salvar el planeta \ud83c\udf0e \u270a","og_description":"M\u00e1s de 4 millones de j\u00f3venes de todo el mundo se unieron el 20 de septiembre para reclamar una acci\u00f3n urgente sobre el cambio clim\u00e1tico.","og_url":"https:\/\/350.org\/es\/movilizacion-mundial-por-el-clima-llego-el-dia-de-salvar-el-planeta\/","og_site_name":"350 Espa\u00f1ol","article_published_time":"2019-09-20T15:38:55+00:00","article_modified_time":"2023-09-21T19:26:14+00:00","og_image":[{"width":1024,"height":683,"url":"https:\/\/350.org\/es\/wp-content\/uploads\/sites\/10\/2019\/09\/20190920_GLOBAL_CLIMATE_STRIKE_TG101-1024x683.jpg","type":"image\/jpeg"}],"twitter_card":"summary_large_image","twitter_misc":{"Escrito por":"","Tiempo de lectura":"3 minutos"},"schema":{"@context":"https:\/\/schema.org","@graph":[{"@type":"Article","@id":"https:\/\/350.org\/es\/movilizacion-mundial-por-el-clima-llego-el-dia-de-salvar-el-planeta\/#article","isPartOf":{"@id":"https:\/\/350.org\/es\/movilizacion-mundial-por-el-clima-llego-el-dia-de-salvar-el-planeta\/"},"author":{"name":"","@id":""},"headline":"Movilizaci\u00f3n Mundial por el Clima: lleg\u00f3 el d\u00eda de salvar el planeta \ud83c\udf0e \u270a","datePublished":"2019-09-20T15:38:55+00:00","dateModified":"2023-09-21T19:26:14+00:00","mainEntityOfPage":{"@id":"https:\/\/350.org\/es\/movilizacion-mundial-por-el-clima-llego-el-dia-de-salvar-el-planeta\/"},"wordCount":570,"image":{"@id":"https:\/\/350.org\/es\/movilizacion-mundial-por-el-clima-llego-el-dia-de-salvar-el-planeta\/#primaryimage"},"thumbnailUrl":"https:\/\/350.org\/es\/wp-content\/uploads\/sites\/10\/2019\/09\/20190920_GLOBAL_CLIMATE_STRIKE_TG101.jpg","keywords":["Am\u00e9rica Latina","Argentina","Bolivia","Brasil","Cambio Clim\u00e1tico","Chile","COP 25","Ecuador","Global Climate Strike","Movilizaci\u00f3n Mundial por el Clima","Uruguay"],"articleSection":["Climate Impacts","Climate Justice","Latin America"],"inLanguage":"es"},{"@type":"WebPage","@id":"https:\/\/350.org\/es\/movilizacion-mundial-por-el-clima-llego-el-dia-de-salvar-el-planeta\/","url":"https:\/\/350.org\/es\/movilizacion-mundial-por-el-clima-llego-el-dia-de-salvar-el-planeta\/","name":"Movilizaci\u00f3n Mundial por el Clima: lleg\u00f3 el d\u00eda de salvar el planeta \ud83c\udf0e \u270a - 350 Espa\u00f1ol","isPartOf":{"@id":"https:\/\/350.org\/es\/#website"},"primaryImageOfPage":{"@id":"https:\/\/350.org\/es\/movilizacion-mundial-por-el-clima-llego-el-dia-de-salvar-el-planeta\/#primaryimage"},"image":{"@id":"https:\/\/350.org\/es\/movilizacion-mundial-por-el-clima-llego-el-dia-de-salvar-el-planeta\/#primaryimage"},"thumbnailUrl":"https:\/\/350.org\/es\/wp-content\/uploads\/sites\/10\/2019\/09\/20190920_GLOBAL_CLIMATE_STRIKE_TG101.jpg","datePublished":"2019-09-20T15:38:55+00:00","dateModified":"2023-09-21T19:26:14+00:00","author":{"@id":""},"breadcrumb":{"@id":"https:\/\/350.org\/es\/movilizacion-mundial-por-el-clima-llego-el-dia-de-salvar-el-planeta\/#breadcrumb"},"inLanguage":"es","potentialAction":[{"@type":"ReadAction","target":["https:\/\/350.org\/es\/movilizacion-mundial-por-el-clima-llego-el-dia-de-salvar-el-planeta\/"]}]},{"@type":"ImageObject","inLanguage":"es","@id":"https:\/\/350.org\/es\/movilizacion-mundial-por-el-clima-llego-el-dia-de-salvar-el-planeta\/#primaryimage","url":"https:\/\/350.org\/es\/wp-content\/uploads\/sites\/10\/2019\/09\/20190920_GLOBAL_CLIMATE_STRIKE_TG101.jpg","contentUrl":"https:\/\/350.org\/es\/wp-content\/uploads\/sites\/10\/2019\/09\/20190920_GLOBAL_CLIMATE_STRIKE_TG101.jpg","width":3000,"height":2000,"caption":"Foto de Teagan Glenane | Survival Media"},{"@type":"BreadcrumbList","@id":"https:\/\/350.org\/es\/movilizacion-mundial-por-el-clima-llego-el-dia-de-salvar-el-planeta\/#breadcrumb","itemListElement":[{"@type":"ListItem","position":1,"name":"Home","item":"https:\/\/350.org\/es\/"},{"@type":"ListItem","position":2,"name":"Movilizaci\u00f3n Mundial por el Clima: lleg\u00f3 el d\u00eda de salvar el planeta \ud83c\udf0e \u270a"}]},{"@type":"WebSite","@id":"https:\/\/350.org\/es\/#website","url":"https:\/\/350.org\/es\/","name":"350 Espa\u00f1ol","description":"","potentialAction":[{"@type":"SearchAction","target":{"@type":"EntryPoint","urlTemplate":"https:\/\/350.org\/es\/?s={search_term_string}"},"query-input":{"@type":"PropertyValueSpecification","valueRequired":true,"valueName":"search_term_string"}}],"inLanguage":"es"},{"@type":"Person","@id":"","url":"https:\/\/350.org\/es\/author\/"}]}},"_links":{"self":[{"href":"https:\/\/350.org\/es\/wp-json\/wp\/v2\/posts\/132553","targetHints":{"allow":["GET"]}}],"collection":[{"href":"https:\/\/350.org\/es\/wp-json\/wp\/v2\/posts"}],"about":[{"href":"https:\/\/350.org\/es\/wp-json\/wp\/v2\/types\/post"}],"author":[{"embeddable":true,"href":"https:\/\/350.org\/es\/wp-json\/wp\/v2\/users\/10012200"}],"replies":[{"embeddable":true,"href":"https:\/\/350.org\/es\/wp-json\/wp\/v2\/comments?post=132553"}],"version-history":[{"count":0,"href":"https:\/\/350.org\/es\/wp-json\/wp\/v2\/posts\/132553\/revisions"}],"wp:featuredmedia":[{"embeddable":true,"href":"https:\/\/350.org\/es\/wp-json\/wp\/v2\/media\/132566"}],"wp:attachment":[{"href":"https:\/\/350.org\/es\/wp-json\/wp\/v2\/media?parent=132553"}],"wp:term":[{"taxonomy":"category","embeddable":true,"href":"https:\/\/350.org\/es\/wp-json\/wp\/v2\/categories?post=132553"},{"taxonomy":"post_tag","embeddable":true,"href":"https:\/\/350.org\/es\/wp-json\/wp\/v2\/tags?post=132553"}],"curies":[{"name":"wp","href":"https:\/\/api.w.org\/{rel}","templated":true}]}}