{"id":132580,"date":"2019-09-20T16:50:01","date_gmt":"2019-09-20T16:50:01","guid":{"rendered":"https:\/\/350.org\/es\/?p=132580"},"modified":"2019-11-03T14:46:53","modified_gmt":"2019-11-03T14:46:53","slug":"inscripciones-para-la-cumbre-social-por-la-accion-climatica","status":"publish","type":"post","link":"https:\/\/350.org\/es\/inscripciones-para-la-cumbre-social-por-la-accion-climatica\/","title":{"rendered":"Inscripciones para la Cumbre Social por la Acci\u00f3n Clim\u00e1tica"},"content":{"rendered":"<p><span style=\"font-weight: 400;\">\u00a1No pierdas la oportunidad de participar de esta movilizaci\u00f3n de la sociedad civil y contribuir para mostrar nuestra fuerza, ideas y resultados!<\/span><\/p>\n<p>&nbsp;<\/p>\n<h3>C\u00f3mo enviar tu inscripci\u00f3n<\/h3>\n<p>&nbsp;<\/p>\n<p><span style=\"font-weight: 400;\">La Ficha de Inscripci\u00f3n deber\u00e1 ser enviada v\u00eda mail a los coordinadores del Equipo de Programa Naiara Susaeta (<a href=\"mailto:susaeta@fima.cl\">susaeta@fima.cl<\/a>), Nathalie Joignant (<a href=\"mailto:natajoi@gmail.com\">natajoi@gmail.com<\/a>) y Juan Joaqu\u00edn Aedo (<a href=\"mailto:aedo@fima.cl\">aedo@fima.cl<\/a>), quienes revisar\u00e1n y confirmar\u00e1n al postulante si la informaci\u00f3n entregada es suficiente o si requiere especificar m\u00e1s detalles acerca de su actividad. Podr\u00e1s descargar la ficha <a href=\"https:\/\/drive.google.com\/open?id=1DBfO3kZ81OVYEiaWXfRtOaLqV_YNh0f7\">aqu\u00ed<\/a>. Para m\u00e1s informaci\u00f3n, visita <a href=\"https:\/\/www.porlaaccionclimatica.cl\/\">la p\u00e1gina de SCAC<\/a>.\u00a0<\/span><\/p>\n<p>&nbsp;<\/p>\n<h2>M\u00e1s informaci\u00f3n sobre la Cumbre<\/h2>\n<p><span style=\"font-weight: 400;\">La \u201cCumbre Social por la Acci\u00f3n Clim\u00e1tica\u201d ser\u00e1 un evento alternativo y simult\u00e1neo a la COP25, una \u201cConferencia Paralela\u201d que permite la incidencia por parte de la sociedad civil en la cumbre m\u00e1s importante de cambio clim\u00e1tico a nivel mundial. El encuentro se llevar\u00e1 a cabo desde el lunes 2 de diciembre hasta el martes 10 de diciembre en la Comuna de Cerrillos, en Santiago.<\/span><\/p>\n<p><span style=\"font-weight: 400;\">Tempranamente la plataforma SCAC determin\u00f3 que sus esfuerzos por aumentar la ambici\u00f3n clim\u00e1tica de los gobiernos de Am\u00e9rica Latina deb\u00edan traducirse en un evento alternativo y simult\u00e1neo a la COP25, una \u201cConferencia Paralela\u201d que permita la incidencia por parte de la sociedad civil en la cumbre m\u00e1s importante de cambio clim\u00e1tico a nivel mundial, y en las decisiones y tem\u00e1ticas que en esta se discuten y que nos afectan a todos de forma directa. Este evento se llama \u201cCumbre Social por la Acci\u00f3n Clim\u00e1tica\u201d.<\/span><\/p>\n<p><span style=\"font-weight: 400;\">El encuentro se llevar\u00e1 a cabo desde el lunes 2 de diciembre hasta el martes 10 de diciembre en la Comuna de Cerrillos, espec\u00edficamente en el Centro Cultural \u201cT\u00edo Lalo Parra\u201d, y contar\u00e1 con m\u00faltiples actividades simult\u00e1neas tales como charlas, conversatorios, foros, mesas, exposiciones y actividades culturales, adem\u00e1s de un proceso deliberativo que ser\u00e1 preparado con jornadas previas y que culminar\u00e1 en una \u201cCarta\u201d creada por la sociedad civil, y que ser\u00e1 entregada a nuestros representantes antes de la finalizaci\u00f3n de la COP25.\u00a0<\/span><\/p>\n<p><span style=\"font-weight: 400;\">Actualmente, habiendo delimitado el lugar y la duraci\u00f3n del evento, nos encontramos inmersos en el procedimiento de creaci\u00f3n del programa oficial de la Cumbre Social, el cual se confeccionar\u00e1 a trav\u00e9s de actividades propuestas por las diferentes organizaciones miembros de la SCAC, las cuales ser\u00e1n autogestionadas desde su concepci\u00f3n hasta su realizaci\u00f3n plena, independientemente del apoyo que las organizaciones responsables puedan pedir al resto de los miembros de la SCAC.<\/span><\/p>\n<p><span style=\"font-weight: 400;\">Con el objetivo de hacer el proceso de postulaci\u00f3n de actividades lo m\u00e1s eficiente posible, es que hemos creado como Equipo de Programa la siguiente Ficha de Inscripci\u00f3n, la cual deber\u00e1 ser completada y enviada por toda organizaci\u00f3n que desee ejecutar una actividad de cualquier tipo en la Cumbre Social por la Acci\u00f3n Clim\u00e1tica.<\/span><\/p>\n<p><span style=\"font-weight: 400;\">Todas las actividades que hayan sido remitidas correcta y oportunamente a trav\u00e9s de su respectiva Ficha de Inscripci\u00f3n ser\u00e1n consideradas para la creaci\u00f3n del programa oficial, cuya propuesta estar\u00e1 a cargo del Equipo de Programa en conjunto con el Equipo de Log\u00edstica, y que deber\u00e1 ser aprobado definitivamente en una Asamblea General de la SCAC.<\/span><\/p>\n<p>&nbsp;<\/p>\n<p><strong>##<br \/>\nPeri Dias &#8211; Gerente de Comunicaciones de 350.org Latinoam\u00e9rica<br \/>\n<\/strong><\/p>\n","protected":false},"excerpt":{"rendered":"<p>La fecha l\u00edmite para que organizaciones sociales se inscriban en la Cumbre Social por la Acci\u00f3n Clim\u00e1tica es el 27 de septiembre. <\/p>\n","protected":false},"author":10012200,"featured_media":132584,"comment_status":"closed","ping_status":"closed","sticky":false,"template":"","format":"standard","meta":{"_acf_changed":false,"footnotes":""},"categories":[85,160,174],"tags":[87,103,175,176],"class_list":["post-132580","post","type-post","status-publish","format-standard","has-post-thumbnail","hentry","category-cop-23-es","category-cop24-es","category-cop25-es","tag-america-latina","tag-chile","tag-cop25","tag-latinoamerica"],"acf":[],"yoast_head":"<!-- This site is optimized with the Yoast SEO Premium plugin v26.9 (Yoast SEO v27.5) - https:\/\/yoast.com\/product\/yoast-seo-premium-wordpress\/ -->\n<title>Inscripciones para la Cumbre Social por la Acci\u00f3n Clim\u00e1tica - 350 Espa\u00f1ol<\/title>\n<meta name=\"robots\" content=\"index, follow, max-snippet:-1, max-image-preview:large, max-video-preview:-1\" \/>\n<link rel=\"canonical\" href=\"https:\/\/350.org\/es\/inscripciones-para-la-cumbre-social-por-la-accion-climatica\/\" \/>\n<meta property=\"og:locale\" content=\"es_ES\" \/>\n<meta property=\"og:type\" content=\"article\" \/>\n<meta property=\"og:title\" content=\"Inscripciones para la Cumbre Social por la Acci\u00f3n Clim\u00e1tica\" \/>\n<meta property=\"og:description\" content=\"La fecha l\u00edmite para que organizaciones sociales se inscriban en la Cumbre Social por la Acci\u00f3n Clim\u00e1tica es el 27 de septiembre.\" \/>\n<meta property=\"og:url\" content=\"https:\/\/350.org\/es\/inscripciones-para-la-cumbre-social-por-la-accion-climatica\/\" \/>\n<meta property=\"og:site_name\" content=\"350 Espa\u00f1ol\" \/>\n<meta property=\"article:published_time\" content=\"2019-09-20T16:50:01+00:00\" \/>\n<meta property=\"article:modified_time\" content=\"2019-11-03T14:46:53+00:00\" \/>\n<meta property=\"og:image\" content=\"https:\/\/350.org\/es\/wp-content\/uploads\/sites\/10\/2019\/09\/F100009954.jpg\" \/>\n\t<meta property=\"og:image:width\" content=\"1920\" \/>\n\t<meta property=\"og:image:height\" content=\"1080\" \/>\n\t<meta property=\"og:image:type\" content=\"image\/jpeg\" \/>\n<meta name=\"twitter:card\" content=\"summary_large_image\" \/>\n<meta name=\"twitter:label1\" content=\"Escrito por\" \/>\n\t<meta name=\"twitter:data1\" content=\"\" \/>\n\t<meta name=\"twitter:label2\" content=\"Tiempo de lectura\" \/>\n\t<meta name=\"twitter:data2\" content=\"3 minutos\" \/>\n<script type=\"application\/ld+json\" class=\"yoast-schema-graph\">{\"@context\":\"https:\\\/\\\/schema.org\",\"@graph\":[{\"@type\":\"Article\",\"@id\":\"https:\\\/\\\/350.org\\\/es\\\/inscripciones-para-la-cumbre-social-por-la-accion-climatica\\\/#article\",\"isPartOf\":{\"@id\":\"https:\\\/\\\/350.org\\\/es\\\/inscripciones-para-la-cumbre-social-por-la-accion-climatica\\\/\"},\"author\":{\"name\":\"\",\"@id\":\"\"},\"headline\":\"Inscripciones para la Cumbre Social por la Acci\u00f3n Clim\u00e1tica\",\"datePublished\":\"2019-09-20T16:50:01+00:00\",\"dateModified\":\"2019-11-03T14:46:53+00:00\",\"mainEntityOfPage\":{\"@id\":\"https:\\\/\\\/350.org\\\/es\\\/inscripciones-para-la-cumbre-social-por-la-accion-climatica\\\/\"},\"wordCount\":585,\"image\":{\"@id\":\"https:\\\/\\\/350.org\\\/es\\\/inscripciones-para-la-cumbre-social-por-la-accion-climatica\\\/#primaryimage\"},\"thumbnailUrl\":\"https:\\\/\\\/350.org\\\/es\\\/wp-content\\\/uploads\\\/sites\\\/10\\\/2019\\\/09\\\/F100009954.jpg\",\"keywords\":[\"Am\u00e9rica Latina\",\"Chile\",\"COP25\",\"Latinoam\u00e9rica\"],\"articleSection\":[\"COP 23\",\"COP24\",\"Cop25\"],\"inLanguage\":\"es\"},{\"@type\":\"WebPage\",\"@id\":\"https:\\\/\\\/350.org\\\/es\\\/inscripciones-para-la-cumbre-social-por-la-accion-climatica\\\/\",\"url\":\"https:\\\/\\\/350.org\\\/es\\\/inscripciones-para-la-cumbre-social-por-la-accion-climatica\\\/\",\"name\":\"Inscripciones para la Cumbre Social por la Acci\u00f3n Clim\u00e1tica - 350 Espa\u00f1ol\",\"isPartOf\":{\"@id\":\"https:\\\/\\\/350.org\\\/es\\\/#website\"},\"primaryImageOfPage\":{\"@id\":\"https:\\\/\\\/350.org\\\/es\\\/inscripciones-para-la-cumbre-social-por-la-accion-climatica\\\/#primaryimage\"},\"image\":{\"@id\":\"https:\\\/\\\/350.org\\\/es\\\/inscripciones-para-la-cumbre-social-por-la-accion-climatica\\\/#primaryimage\"},\"thumbnailUrl\":\"https:\\\/\\\/350.org\\\/es\\\/wp-content\\\/uploads\\\/sites\\\/10\\\/2019\\\/09\\\/F100009954.jpg\",\"datePublished\":\"2019-09-20T16:50:01+00:00\",\"dateModified\":\"2019-11-03T14:46:53+00:00\",\"author\":{\"@id\":\"\"},\"breadcrumb\":{\"@id\":\"https:\\\/\\\/350.org\\\/es\\\/inscripciones-para-la-cumbre-social-por-la-accion-climatica\\\/#breadcrumb\"},\"inLanguage\":\"es\",\"potentialAction\":[{\"@type\":\"ReadAction\",\"target\":[\"https:\\\/\\\/350.org\\\/es\\\/inscripciones-para-la-cumbre-social-por-la-accion-climatica\\\/\"]}]},{\"@type\":\"ImageObject\",\"inLanguage\":\"es\",\"@id\":\"https:\\\/\\\/350.org\\\/es\\\/inscripciones-para-la-cumbre-social-por-la-accion-climatica\\\/#primaryimage\",\"url\":\"https:\\\/\\\/350.org\\\/es\\\/wp-content\\\/uploads\\\/sites\\\/10\\\/2019\\\/09\\\/F100009954.jpg\",\"contentUrl\":\"https:\\\/\\\/350.org\\\/es\\\/wp-content\\\/uploads\\\/sites\\\/10\\\/2019\\\/09\\\/F100009954.jpg\",\"width\":1920,\"height\":1080,\"caption\":\"Inscripci\u00f3nes para SCAC\"},{\"@type\":\"BreadcrumbList\",\"@id\":\"https:\\\/\\\/350.org\\\/es\\\/inscripciones-para-la-cumbre-social-por-la-accion-climatica\\\/#breadcrumb\",\"itemListElement\":[{\"@type\":\"ListItem\",\"position\":1,\"name\":\"Home\",\"item\":\"https:\\\/\\\/350.org\\\/es\\\/\"},{\"@type\":\"ListItem\",\"position\":2,\"name\":\"Inscripciones para la Cumbre Social por la Acci\u00f3n Clim\u00e1tica\"}]},{\"@type\":\"WebSite\",\"@id\":\"https:\\\/\\\/350.org\\\/es\\\/#website\",\"url\":\"https:\\\/\\\/350.org\\\/es\\\/\",\"name\":\"350 Espa\u00f1ol\",\"description\":\"\",\"potentialAction\":[{\"@type\":\"SearchAction\",\"target\":{\"@type\":\"EntryPoint\",\"urlTemplate\":\"https:\\\/\\\/350.org\\\/es\\\/?s={search_term_string}\"},\"query-input\":{\"@type\":\"PropertyValueSpecification\",\"valueRequired\":true,\"valueName\":\"search_term_string\"}}],\"inLanguage\":\"es\"},{\"@type\":\"Person\",\"@id\":\"\",\"url\":\"https:\\\/\\\/350.org\\\/es\\\/author\\\/\"}]}<\/script>\n<!-- \/ Yoast SEO Premium plugin. -->","yoast_head_json":{"title":"Inscripciones para la Cumbre Social por la Acci\u00f3n Clim\u00e1tica - 350 Espa\u00f1ol","robots":{"index":"index","follow":"follow","max-snippet":"max-snippet:-1","max-image-preview":"max-image-preview:large","max-video-preview":"max-video-preview:-1"},"canonical":"https:\/\/350.org\/es\/inscripciones-para-la-cumbre-social-por-la-accion-climatica\/","og_locale":"es_ES","og_type":"article","og_title":"Inscripciones para la Cumbre Social por la Acci\u00f3n Clim\u00e1tica","og_description":"La fecha l\u00edmite para que organizaciones sociales se inscriban en la Cumbre Social por la Acci\u00f3n Clim\u00e1tica es el 27 de septiembre.","og_url":"https:\/\/350.org\/es\/inscripciones-para-la-cumbre-social-por-la-accion-climatica\/","og_site_name":"350 Espa\u00f1ol","article_published_time":"2019-09-20T16:50:01+00:00","article_modified_time":"2019-11-03T14:46:53+00:00","og_image":[{"width":1920,"height":1080,"url":"https:\/\/350.org\/es\/wp-content\/uploads\/sites\/10\/2019\/09\/F100009954.jpg","type":"image\/jpeg"}],"twitter_card":"summary_large_image","twitter_misc":{"Escrito por":"","Tiempo de lectura":"3 minutos"},"schema":{"@context":"https:\/\/schema.org","@graph":[{"@type":"Article","@id":"https:\/\/350.org\/es\/inscripciones-para-la-cumbre-social-por-la-accion-climatica\/#article","isPartOf":{"@id":"https:\/\/350.org\/es\/inscripciones-para-la-cumbre-social-por-la-accion-climatica\/"},"author":{"name":"","@id":""},"headline":"Inscripciones para la Cumbre Social por la Acci\u00f3n Clim\u00e1tica","datePublished":"2019-09-20T16:50:01+00:00","dateModified":"2019-11-03T14:46:53+00:00","mainEntityOfPage":{"@id":"https:\/\/350.org\/es\/inscripciones-para-la-cumbre-social-por-la-accion-climatica\/"},"wordCount":585,"image":{"@id":"https:\/\/350.org\/es\/inscripciones-para-la-cumbre-social-por-la-accion-climatica\/#primaryimage"},"thumbnailUrl":"https:\/\/350.org\/es\/wp-content\/uploads\/sites\/10\/2019\/09\/F100009954.jpg","keywords":["Am\u00e9rica Latina","Chile","COP25","Latinoam\u00e9rica"],"articleSection":["COP 23","COP24","Cop25"],"inLanguage":"es"},{"@type":"WebPage","@id":"https:\/\/350.org\/es\/inscripciones-para-la-cumbre-social-por-la-accion-climatica\/","url":"https:\/\/350.org\/es\/inscripciones-para-la-cumbre-social-por-la-accion-climatica\/","name":"Inscripciones para la Cumbre Social por la Acci\u00f3n Clim\u00e1tica - 350 Espa\u00f1ol","isPartOf":{"@id":"https:\/\/350.org\/es\/#website"},"primaryImageOfPage":{"@id":"https:\/\/350.org\/es\/inscripciones-para-la-cumbre-social-por-la-accion-climatica\/#primaryimage"},"image":{"@id":"https:\/\/350.org\/es\/inscripciones-para-la-cumbre-social-por-la-accion-climatica\/#primaryimage"},"thumbnailUrl":"https:\/\/350.org\/es\/wp-content\/uploads\/sites\/10\/2019\/09\/F100009954.jpg","datePublished":"2019-09-20T16:50:01+00:00","dateModified":"2019-11-03T14:46:53+00:00","author":{"@id":""},"breadcrumb":{"@id":"https:\/\/350.org\/es\/inscripciones-para-la-cumbre-social-por-la-accion-climatica\/#breadcrumb"},"inLanguage":"es","potentialAction":[{"@type":"ReadAction","target":["https:\/\/350.org\/es\/inscripciones-para-la-cumbre-social-por-la-accion-climatica\/"]}]},{"@type":"ImageObject","inLanguage":"es","@id":"https:\/\/350.org\/es\/inscripciones-para-la-cumbre-social-por-la-accion-climatica\/#primaryimage","url":"https:\/\/350.org\/es\/wp-content\/uploads\/sites\/10\/2019\/09\/F100009954.jpg","contentUrl":"https:\/\/350.org\/es\/wp-content\/uploads\/sites\/10\/2019\/09\/F100009954.jpg","width":1920,"height":1080,"caption":"Inscripci\u00f3nes para SCAC"},{"@type":"BreadcrumbList","@id":"https:\/\/350.org\/es\/inscripciones-para-la-cumbre-social-por-la-accion-climatica\/#breadcrumb","itemListElement":[{"@type":"ListItem","position":1,"name":"Home","item":"https:\/\/350.org\/es\/"},{"@type":"ListItem","position":2,"name":"Inscripciones para la Cumbre Social por la Acci\u00f3n Clim\u00e1tica"}]},{"@type":"WebSite","@id":"https:\/\/350.org\/es\/#website","url":"https:\/\/350.org\/es\/","name":"350 Espa\u00f1ol","description":"","potentialAction":[{"@type":"SearchAction","target":{"@type":"EntryPoint","urlTemplate":"https:\/\/350.org\/es\/?s={search_term_string}"},"query-input":{"@type":"PropertyValueSpecification","valueRequired":true,"valueName":"search_term_string"}}],"inLanguage":"es"},{"@type":"Person","@id":"","url":"https:\/\/350.org\/es\/author\/"}]}},"_links":{"self":[{"href":"https:\/\/350.org\/es\/wp-json\/wp\/v2\/posts\/132580","targetHints":{"allow":["GET"]}}],"collection":[{"href":"https:\/\/350.org\/es\/wp-json\/wp\/v2\/posts"}],"about":[{"href":"https:\/\/350.org\/es\/wp-json\/wp\/v2\/types\/post"}],"author":[{"embeddable":true,"href":"https:\/\/350.org\/es\/wp-json\/wp\/v2\/users\/10012200"}],"replies":[{"embeddable":true,"href":"https:\/\/350.org\/es\/wp-json\/wp\/v2\/comments?post=132580"}],"version-history":[{"count":0,"href":"https:\/\/350.org\/es\/wp-json\/wp\/v2\/posts\/132580\/revisions"}],"wp:featuredmedia":[{"embeddable":true,"href":"https:\/\/350.org\/es\/wp-json\/wp\/v2\/media\/132584"}],"wp:attachment":[{"href":"https:\/\/350.org\/es\/wp-json\/wp\/v2\/media?parent=132580"}],"wp:term":[{"taxonomy":"category","embeddable":true,"href":"https:\/\/350.org\/es\/wp-json\/wp\/v2\/categories?post=132580"},{"taxonomy":"post_tag","embeddable":true,"href":"https:\/\/350.org\/es\/wp-json\/wp\/v2\/tags?post=132580"}],"curies":[{"name":"wp","href":"https:\/\/api.w.org\/{rel}","templated":true}]}}