{"id":134496,"date":"2021-05-07T18:27:29","date_gmt":"2021-05-07T18:27:29","guid":{"rendered":"https:\/\/350.org\/es\/?p=134496"},"modified":"2021-06-01T20:30:14","modified_gmt":"2021-06-01T20:30:14","slug":"350-org-apoya-demandas-por-libertad-de-manifestacion-y-nuevas-politicas-sociales-en-colombia","status":"publish","type":"post","link":"https:\/\/350.org\/es\/350-org-apoya-demandas-por-libertad-de-manifestacion-y-nuevas-politicas-sociales-en-colombia\/","title":{"rendered":"350.org apoya demandas por libertad de manifestaci\u00f3n y nuevas pol\u00edticas sociales en Colombia"},"content":{"rendered":"<p style=\"text-align: justify;\"><span style=\"font-weight: 400;\">Los derechos a la libre manifestaci\u00f3n, a la salud y a un medio ambiente sano no son negociables y deben respetarse plenamente en cualquier parte del mundo. Bas\u00e1ndose en estos principios, 350.org hace p\u00fablico su apoyo a los manifestantes pac\u00edficos que est\u00e1n saliendo a las calles de varias ciudades de Colombia para reclamar cambios en las pol\u00edticas sociales, sanitarias y econ\u00f3micas y, sobre todo, para exigir el cese inmediato de la violencia policial, militar y estatal contra ciudadanos desarmados.<\/span><\/p>\n<blockquote>\n<p style=\"text-align: justify;\"><span style=\"font-weight: 400;\">\u00abEs inaceptable que el gobierno colombiano permita acciones policiales represivas y extremadamente violentas contra una gran mayor\u00eda de ciudadanos desarmados y pac\u00edficos, que s\u00f3lo est\u00e1n ejerciendo su derecho a exigir cambios que consideran esenciales para el pa\u00eds\u00bb, dijo Ilan Zugman, director de 350.org en Am\u00e9rica Latina.<\/span><\/p>\n<\/blockquote>\n<div id=\"attachment_134501\" style=\"width: 893px\" class=\"wp-caption alignnone\"><img loading=\"lazy\" decoding=\"async\" aria-describedby=\"caption-attachment-134501\" class=\"wp-image-134501\" src=\"https:\/\/350.org\/es\/wp-content\/uploads\/sites\/10\/2021\/05\/182772701_2895032094105084_5617827958138815628_n-300x201.jpeg\" alt=\"Manifestantes en protesta por cambios pol\u00edticos y sociales en Colombia, en uno de los paros de mayo de 2021.\" width=\"883\" height=\"591\" srcset=\"https:\/\/350.org\/es\/wp-content\/uploads\/sites\/10\/2021\/05\/182772701_2895032094105084_5617827958138815628_n-300x201.jpeg 300w, https:\/\/350.org\/es\/wp-content\/uploads\/sites\/10\/2021\/05\/182772701_2895032094105084_5617827958138815628_n-1024x686.jpeg 1024w, https:\/\/350.org\/es\/wp-content\/uploads\/sites\/10\/2021\/05\/182772701_2895032094105084_5617827958138815628_n-225x150.jpeg 225w, https:\/\/350.org\/es\/wp-content\/uploads\/sites\/10\/2021\/05\/182772701_2895032094105084_5617827958138815628_n-768x514.jpeg 768w, https:\/\/350.org\/es\/wp-content\/uploads\/sites\/10\/2021\/05\/182772701_2895032094105084_5617827958138815628_n-430x288.jpeg 430w, https:\/\/350.org\/es\/wp-content\/uploads\/sites\/10\/2021\/05\/182772701_2895032094105084_5617827958138815628_n-20x13.jpeg 20w, https:\/\/350.org\/es\/wp-content\/uploads\/sites\/10\/2021\/05\/182772701_2895032094105084_5617827958138815628_n.jpeg 1080w\" sizes=\"auto, (max-width: 883px) 100vw, 883px\" \/><p id=\"caption-attachment-134501\" class=\"wp-caption-text\">J\u00f3venes exigen del gobierno colombiano pol\u00edticas sociales y econ\u00f3micas m\u00e1s inclusivas. Cr\u00e9dito: Nathalia Angarita \/ Reuters &#8211; @nathalianph<\/p><\/div>\n<p style=\"text-align: justify;\"><span style=\"font-weight: 400;\">Seg\u00fan <a href=\"https:\/\/www.france24.com\/es\/am%C3%A9rica-latina\/20210503-colombia-protestas-violencia-policial-duque\" target=\"_blank\" rel=\"noopener noreferrer\">la agencia de noticias AFP<\/a>, que se basa en informes de la ONG colombiana <a href=\"https:\/\/twitter.com\/TembloresOng?ref_src=twsrc%5Egoogle%7Ctwcamp%5Eserp%7Ctwgr%5Eauthor\" target=\"_blank\" rel=\"noopener noreferrer\">Temblores<\/a>, las acciones policiales est\u00e1n dejando un saldo aterrador. Solo en los tres primeros d\u00edas de las protestas se produjeron 1181 casos de violencia policial, 92 v\u00edctimas de abuso de fuerza, 26 muertos, cuatro v\u00edctimas de agresiones sexuales, 672 detenciones arbitrarias y 12 agresiones a los ojos de los manifestantes.\u00a0<\/span><\/p>\n<p style=\"text-align: justify;\"><span style=\"font-weight: 400;\">Los medios de comunicaci\u00f3n colombianos que cubren ampliamente los temas relacionados con el medio ambiente y los derechos humanos, como <a href=\"https:\/\/lasillavacia.com\/\" target=\"_blank\" rel=\"noopener noreferrer\">La Silla Vac\u00eda<\/a>, <a href=\"https:\/\/cerosetenta.uniandes.edu.co\/\" target=\"_blank\" rel=\"noopener noreferrer\">Cero Setenta<\/a> y <a href=\"https:\/\/pacifista.tv\/\" target=\"_blank\" rel=\"noopener noreferrer\">Pacifista<\/a>, tambi\u00e9n est\u00e1n registrando las acciones irresponsables de la polic\u00eda en varios lugares, as\u00ed como la respuesta masiva y pac\u00edfica de miles de colombianos a estos abusos.<\/span><\/p>\n<div id=\"attachment_134503\" style=\"width: 909px\" class=\"wp-caption alignnone\"><img loading=\"lazy\" decoding=\"async\" aria-describedby=\"caption-attachment-134503\" class=\" wp-image-134503\" src=\"https:\/\/350.org\/es\/wp-content\/uploads\/sites\/10\/2021\/05\/180010404_505711003779226_7988604378390045056_n-300x200.jpeg\" alt=\"\" width=\"899\" height=\"600\" srcset=\"https:\/\/350.org\/es\/wp-content\/uploads\/sites\/10\/2021\/05\/180010404_505711003779226_7988604378390045056_n-300x200.jpeg 300w, https:\/\/350.org\/es\/wp-content\/uploads\/sites\/10\/2021\/05\/180010404_505711003779226_7988604378390045056_n-1024x682.jpeg 1024w, https:\/\/350.org\/es\/wp-content\/uploads\/sites\/10\/2021\/05\/180010404_505711003779226_7988604378390045056_n-225x150.jpeg 225w, https:\/\/350.org\/es\/wp-content\/uploads\/sites\/10\/2021\/05\/180010404_505711003779226_7988604378390045056_n-430x286.jpeg 430w, https:\/\/350.org\/es\/wp-content\/uploads\/sites\/10\/2021\/05\/180010404_505711003779226_7988604378390045056_n-20x13.jpeg 20w, https:\/\/350.org\/es\/wp-content\/uploads\/sites\/10\/2021\/05\/180010404_505711003779226_7988604378390045056_n.jpeg 1080w\" sizes=\"auto, (max-width: 899px) 100vw, 899px\" \/><p id=\"caption-attachment-134503\" class=\"wp-caption-text\">Manifestante y miembro de la fuerza policial discuten en una protesta: 350.org y muchas otras organizaciones piden que la Polic\u00eda pare inmediatamente con los abusos. Cr\u00e9dito: Cr\u00e9dito: Nathalia Angarita \/ Reuters &#8211; @nathalianph<\/p><\/div>\n<blockquote><p><span style=\"text-align: justify;\">\u00abLos movimientos sociales y los j\u00f3venes de Colombia est\u00e1n dando un ejemplo de valent\u00eda y compromiso al llevar a las calles del pa\u00eds sus demandas de pol\u00edticas sociales, sanitarias y econ\u00f3micas m\u00e1s justas y eficientes. Sin embargo, la respuesta de la polic\u00eda ha sido aterradora y reprobable. Las personas que murieron y las que fueron agredidas o amenazadas merecen una investigaci\u00f3n adecuada de estos abusos de autoridad y la garant\u00eda de que tendr\u00e1n seguridad y libertad a partir de ahora\u00bb, se\u00f1al\u00f3 Zugman.<\/span><\/p><\/blockquote>\n<h4 style=\"text-align: justify;\"><b>Oportunidades de acci\u00f3n por una Recuperaci\u00f3n Justa<\/b><\/h4>\n<p style=\"text-align: justify;\"><span style=\"font-weight: 400;\">Tambi\u00e9n cabe destacar que, aunque la propuesta de reforma fiscal del gobierno fue el detonante de las protestas, las manifestaciones ya engloban otras demandas, que tienen en com\u00fan el deseo de pol\u00edticas p\u00fablicas urgentes que pongan en el centro de atenci\u00f3n a las comunidades m\u00e1s necesitadas.\u00a0<\/span><\/p>\n<p style=\"text-align: justify;\"><span style=\"font-weight: 400;\">Los grupos de j\u00f3venes del clima, las asociaciones ind\u00edgenas y varias ONGs expresan su preocupaci\u00f3n <a href=\"https:\/\/www.france24.com\/es\/am%C3%A9rica-latina\/20210504-colombia-paro-protestas-duque-salud\" target=\"_blank\" rel=\"noopener noreferrer\">por la reforma del sistema de salud p\u00fablica<\/a> por parte del gobierno, que podr\u00eda socavar la atenci\u00f3n sanitaria en las zonas rurales y pobres del pa\u00eds, y por la insuficiencia de medidas para <a href=\"https:\/\/elpais.com\/internacional\/2021-05-07\/colombia-enfrenta-su-peor-momento-en-la-pandemia-en-mitad-del-descontento-social.html\" target=\"_blank\" rel=\"noopener noreferrer\">combatir la pandemia<\/a> y apoyar a las familias m\u00e1s vulnerables.<\/span><\/p>\n<p style=\"text-align: justify;\"><span style=\"font-weight: 400;\">Dos cuestiones estrechamente relacionadas con la misi\u00f3n de 350.org aparecen tambi\u00e9n en la agenda de la mayor\u00eda de los manifestantes: la necesidad de garantizar la seguridad y la dignidad de los activistas clim\u00e1ticos y la aplicaci\u00f3n de pol\u00edticas medioambientales que lleven a Colombia a una transici\u00f3n energ\u00e9tica justa y completa.<\/span><\/p>\n<div id=\"attachment_134505\" style=\"width: 885px\" class=\"wp-caption alignnone\"><img loading=\"lazy\" decoding=\"async\" aria-describedby=\"caption-attachment-134505\" class=\" wp-image-134505\" src=\"https:\/\/350.org\/es\/wp-content\/uploads\/sites\/10\/2021\/05\/182079976_159421266112711_3614915161849236080_n-300x200.jpeg\" alt=\"\" width=\"875\" height=\"584\" srcset=\"https:\/\/350.org\/es\/wp-content\/uploads\/sites\/10\/2021\/05\/182079976_159421266112711_3614915161849236080_n-300x200.jpeg 300w, https:\/\/350.org\/es\/wp-content\/uploads\/sites\/10\/2021\/05\/182079976_159421266112711_3614915161849236080_n-1024x684.jpeg 1024w, https:\/\/350.org\/es\/wp-content\/uploads\/sites\/10\/2021\/05\/182079976_159421266112711_3614915161849236080_n-225x150.jpeg 225w, https:\/\/350.org\/es\/wp-content\/uploads\/sites\/10\/2021\/05\/182079976_159421266112711_3614915161849236080_n-768x513.jpeg 768w, https:\/\/350.org\/es\/wp-content\/uploads\/sites\/10\/2021\/05\/182079976_159421266112711_3614915161849236080_n-430x287.jpeg 430w, https:\/\/350.org\/es\/wp-content\/uploads\/sites\/10\/2021\/05\/182079976_159421266112711_3614915161849236080_n-20x13.jpeg 20w, https:\/\/350.org\/es\/wp-content\/uploads\/sites\/10\/2021\/05\/182079976_159421266112711_3614915161849236080_n.jpeg 1080w\" sizes=\"auto, (max-width: 875px) 100vw, 875px\" \/><p id=\"caption-attachment-134505\" class=\"wp-caption-text\">Protestas que empezaron por desacuerdos con la pol\u00edtica fiscal pasaron a incluir demandas como la protecci\u00f3n a los l\u00edderes comunitarios y una mejor atenci\u00f3n de salud a las comunidades rurales. Cr\u00e9dito: Nathalia Angarita \/ Reuters &#8211; @nathalianph<\/p><\/div>\n<p style=\"text-align: justify;\"><span style=\"font-weight: 400;\">Colombia ostenta el vergonzoso t\u00edtulo de pa\u00eds <a href=\"https:\/\/www.semana.com\/impacto\/articulo\/colombia-el-pais-donde-mas-asesinan-defensores-ambientales-en-el-mundo-hoy\/53492\/\" target=\"_blank\" rel=\"noopener noreferrer\">campe\u00f3n del mundo en asesinatos de l\u00edderes sociales y medioambientales<\/a>, incluyendo <a href=\"https:\/\/www.nodal.am\/2021\/04\/colombia-ya-son-49-lideresas-y-lideres-asesinados-en-2021-y-1-163-desde-la-firma-de-la-paz\/\" target=\"_blank\" rel=\"noopener noreferrer\">l\u00edderes ind\u00edgenas<\/a> que terminan siendo asesinados por defender sus territorios de la invasi\u00f3n y la destrucci\u00f3n ambiental. Una parte muy importante de la sociedad civil colombiana exige que el Estado act\u00fae de forma mucho m\u00e1s activa para proteger a estas personas y hacer justicia con los que ya han sido asesinados.<\/span><\/p>\n<p style=\"text-align: justify;\"><span style=\"font-weight: 400;\">En este sentido, destacan los casos de los \u00ab<a href=\"https:\/\/www.bbc.com\/mundo\/noticias-america-latina-56119174\" target=\"_blank\" rel=\"noopener noreferrer\">falsos positivos<\/a>\u00ab, j\u00f3venes inocentes, generalmente de muy bajos recursos, que por la falsa promesa de obtener empleos en zonas rurales fueron ejecutados por las fuerzas militares bajo el argumento de que eran guerrilleros, con el fin de hacer creer que las pol\u00edticas de seguridad del gobierno de turno daban resultados.<\/span><\/p>\n<h4><strong>El fracking acent\u00faa los problemas socio ambientales de Colombia<\/strong><\/h4>\n<p style=\"text-align: justify;\"><span style=\"font-weight: 400;\">En cuanto al aspecto medioambiental, llama la atenci\u00f3n la insistencia del gobierno nacional\u00a0 en ampliar la extracci\u00f3n de petr\u00f3leo, gas y carb\u00f3n y, en particular, en <a href=\"https:\/\/www.reuters.com\/article\/colombia-petroleo-fracking-idLTAKBN2BN369\" target=\"_blank\" rel=\"noopener noreferrer\">impulsar el uso de la fracturaci\u00f3n hidr\u00e1ulica<\/a> (fracking) para la producci\u00f3n de gas, en un momento en que el mundo necesita desesperadamente dejar los combustibles f\u00f3siles bajo tierra.\u00a0<\/span><\/p>\n<p style=\"text-align: justify;\"><span style=\"font-weight: 400;\">Con una visi\u00f3n de futuro econ\u00f3mica, ya que los combustibles f\u00f3siles tienen claramente sus d\u00edas contados en el mercado mundial, estas inversiones pueden impulsar actividades contaminantes en el suelo, el agua y los alimentos. La industria de los combustibles f\u00f3siles tambi\u00e9n concentra los ingresos y no hace nada para preparar al pa\u00eds para los desaf\u00edos econ\u00f3micos globales de las pr\u00f3ximas d\u00e9cadas.\u00a0<\/span><\/p>\n<p style=\"text-align: justify;\"><span style=\"font-weight: 400;\">Otro punto de preocupaci\u00f3n es la represi\u00f3n espec\u00edficamente de los manifestantes contra el fracking en la regi\u00f3n del Magdalena Medio, donde el gobierno est\u00e1 tratando de desarrollar un proyecto piloto de fracking. Tal y como ha expresado el equipo de 350.org en <\/span><strong><a href=\"https:\/\/350.org\/es\/colombia-carta-de-apoyo-hacia-los-activistas-antifracking-amenazados-en-puerto-wilches\/\" target=\"_blank\" rel=\"noopener noreferrer\">esta carta<\/a><\/strong><span style=\"font-weight: 400;\"> enviada al presidente de Colombia, Iv\u00e1n Duque, y en los eventos sobre el tema, los activistas de esta regi\u00f3n est\u00e1n siendo amenazados e intimidados por su defensa de un territorio libre de los graves da\u00f1os que provoca el fracking. Corresponde al gobierno colombiano garantizar la protecci\u00f3n de los derechos constitucionales a la libre expresi\u00f3n, a la dignidad y a la vida, que no se est\u00e1n respetando en este caso.<\/span><\/p>\n<div id=\"attachment_134507\" style=\"width: 899px\" class=\"wp-caption alignnone\"><img loading=\"lazy\" decoding=\"async\" aria-describedby=\"caption-attachment-134507\" class=\" wp-image-134507\" src=\"https:\/\/350.org\/es\/wp-content\/uploads\/sites\/10\/2021\/05\/182440241_1188449168283168_7227317370529789459_n-300x200.jpeg\" alt=\"\" width=\"889\" height=\"592\" srcset=\"https:\/\/350.org\/es\/wp-content\/uploads\/sites\/10\/2021\/05\/182440241_1188449168283168_7227317370529789459_n-300x200.jpeg 300w, https:\/\/350.org\/es\/wp-content\/uploads\/sites\/10\/2021\/05\/182440241_1188449168283168_7227317370529789459_n-1024x683.jpeg 1024w, https:\/\/350.org\/es\/wp-content\/uploads\/sites\/10\/2021\/05\/182440241_1188449168283168_7227317370529789459_n-225x150.jpeg 225w, https:\/\/350.org\/es\/wp-content\/uploads\/sites\/10\/2021\/05\/182440241_1188449168283168_7227317370529789459_n-768x512.jpeg 768w, https:\/\/350.org\/es\/wp-content\/uploads\/sites\/10\/2021\/05\/182440241_1188449168283168_7227317370529789459_n-430x287.jpeg 430w, https:\/\/350.org\/es\/wp-content\/uploads\/sites\/10\/2021\/05\/182440241_1188449168283168_7227317370529789459_n-20x13.jpeg 20w, https:\/\/350.org\/es\/wp-content\/uploads\/sites\/10\/2021\/05\/182440241_1188449168283168_7227317370529789459_n.jpeg 1080w\" sizes=\"auto, (max-width: 889px) 100vw, 889px\" \/><p id=\"caption-attachment-134507\" class=\"wp-caption-text\">Manifestante en una protesta: organizaciones de la sociedad civil se\u00f1alan que Colombia debe invertir en mejores servicios sociales y no en combustibles f\u00f3siles. Cr\u00e9dito: Nathalia Angarita \/ Reuters &#8211; @nathalianph<\/p><\/div>\n<blockquote>\n<p style=\"text-align: justify;\"><span style=\"font-weight: 400;\">\u00abEl desarrollo se hace incluyendo a la gente en la toma de decisiones y apoyando la mejora de la calidad de vida de las comunidades. El caso del fracking en Colombia va en sentido contrario en ambos aspectos. El pa\u00eds tiene la oportunidad de revisar sus pol\u00edticas p\u00fablicas en este \u00e1mbito e invertir en una Recuperaci\u00f3n Justa inmediatamente, como piden muchos de los manifestantes\u00bb, afirm\u00f3 Ilan Zugman.<\/span><\/p>\n<\/blockquote>\n<ul>\n<li style=\"text-align: justify;\"><em><strong>Para conocer las ideas para una Recuperaci\u00f3n Justa en Colombia y en todo el mundo, vea <a href=\"https:\/\/es.justrecoverygathering.org\/#videos\" target=\"_blank\" rel=\"noopener noreferrer\">estas sesiones<\/a> del Encuentro Global para una Recuperaci\u00f3n Justa, que 350.org realiz\u00f3 en abril de 2021.<\/strong><\/em><\/li>\n<\/ul>\n","protected":false},"excerpt":{"rendered":"<p>La represi\u00f3n policial a las personas que est\u00e1n en las calles exigiendo mejores condiciones de vida y el derecho de libre expresi\u00f3n es inaceptable y tiene que parar inmediatamente<\/p>\n","protected":false},"author":10012189,"featured_media":134498,"comment_status":"closed","ping_status":"closed","sticky":false,"template":"","format":"standard","meta":{"_acf_changed":false,"footnotes":""},"categories":[22],"tags":[135,369,367,368],"class_list":["post-134496","post","type-post","status-publish","format-standard","has-post-thumbnail","hentry","category-latin-america","tag-colombia","tag-justicia-social","tag-manifestaciones-en-colombia","tag-muertes-en-colombia"],"acf":[],"yoast_head":"<!-- This site is optimized with the Yoast SEO Premium plugin v26.9 (Yoast SEO v27.5) - https:\/\/yoast.com\/product\/yoast-seo-premium-wordpress\/ -->\n<title>350.org apoya demandas por libertad de manifestaci\u00f3n y nuevas pol\u00edticas sociales en Colombia - 350 Espa\u00f1ol<\/title>\n<meta name=\"robots\" content=\"index, follow, max-snippet:-1, max-image-preview:large, max-video-preview:-1\" \/>\n<link rel=\"canonical\" href=\"https:\/\/350.org\/es\/350-org-apoya-demandas-por-libertad-de-manifestacion-y-nuevas-politicas-sociales-en-colombia\/\" \/>\n<meta property=\"og:locale\" content=\"es_ES\" \/>\n<meta property=\"og:type\" content=\"article\" \/>\n<meta property=\"og:title\" content=\"350.org apoya demandas por libertad de manifestaci\u00f3n y nuevas pol\u00edticas sociales en Colombia\" \/>\n<meta property=\"og:description\" content=\"La represi\u00f3n policial a las personas que est\u00e1n en las calles exigiendo mejores condiciones de vida y el derecho de libre expresi\u00f3n es inaceptable y tiene que parar inmediatamente\" \/>\n<meta property=\"og:url\" content=\"https:\/\/350.org\/es\/350-org-apoya-demandas-por-libertad-de-manifestacion-y-nuevas-politicas-sociales-en-colombia\/\" \/>\n<meta property=\"og:site_name\" content=\"350 Espa\u00f1ol\" \/>\n<meta property=\"article:published_time\" content=\"2021-05-07T18:27:29+00:00\" \/>\n<meta property=\"article:modified_time\" content=\"2021-06-01T20:30:14+00:00\" \/>\n<meta property=\"og:image\" content=\"https:\/\/350.org\/es\/wp-content\/uploads\/sites\/10\/2021\/05\/182208874_855104178378343_5832571411303358419_n.jpeg\" \/>\n\t<meta property=\"og:image:width\" content=\"1080\" \/>\n\t<meta property=\"og:image:height\" content=\"720\" \/>\n\t<meta property=\"og:image:type\" content=\"image\/jpeg\" \/>\n<meta name=\"author\" content=\"peridias\" \/>\n<meta name=\"twitter:card\" content=\"summary_large_image\" \/>\n<meta name=\"twitter:label1\" content=\"Escrito por\" \/>\n\t<meta name=\"twitter:data1\" content=\"peridias\" \/>\n\t<meta name=\"twitter:label2\" content=\"Tiempo de lectura\" \/>\n\t<meta name=\"twitter:data2\" content=\"6 minutos\" \/>\n<script type=\"application\/ld+json\" class=\"yoast-schema-graph\">{\"@context\":\"https:\\\/\\\/schema.org\",\"@graph\":[{\"@type\":\"Article\",\"@id\":\"https:\\\/\\\/350.org\\\/es\\\/350-org-apoya-demandas-por-libertad-de-manifestacion-y-nuevas-politicas-sociales-en-colombia\\\/#article\",\"isPartOf\":{\"@id\":\"https:\\\/\\\/350.org\\\/es\\\/350-org-apoya-demandas-por-libertad-de-manifestacion-y-nuevas-politicas-sociales-en-colombia\\\/\"},\"author\":{\"name\":\"peridias\",\"@id\":\"https:\\\/\\\/350.org\\\/es\\\/#\\\/schema\\\/person\\\/ea1e8e239a4621ea6da6d49353817f13\"},\"headline\":\"350.org apoya demandas por libertad de manifestaci\u00f3n y nuevas pol\u00edticas sociales en Colombia\",\"datePublished\":\"2021-05-07T18:27:29+00:00\",\"dateModified\":\"2021-06-01T20:30:14+00:00\",\"mainEntityOfPage\":{\"@id\":\"https:\\\/\\\/350.org\\\/es\\\/350-org-apoya-demandas-por-libertad-de-manifestacion-y-nuevas-politicas-sociales-en-colombia\\\/\"},\"wordCount\":1225,\"image\":{\"@id\":\"https:\\\/\\\/350.org\\\/es\\\/350-org-apoya-demandas-por-libertad-de-manifestacion-y-nuevas-politicas-sociales-en-colombia\\\/#primaryimage\"},\"thumbnailUrl\":\"https:\\\/\\\/350.org\\\/es\\\/wp-content\\\/uploads\\\/sites\\\/10\\\/2021\\\/05\\\/182208874_855104178378343_5832571411303358419_n.jpeg\",\"keywords\":[\"Col\u00f4mbia\",\"Justicia social\",\"Manifestaciones en Colombia\",\"Muertes en Colombia\"],\"articleSection\":[\"Latin America\"],\"inLanguage\":\"es\"},{\"@type\":\"WebPage\",\"@id\":\"https:\\\/\\\/350.org\\\/es\\\/350-org-apoya-demandas-por-libertad-de-manifestacion-y-nuevas-politicas-sociales-en-colombia\\\/\",\"url\":\"https:\\\/\\\/350.org\\\/es\\\/350-org-apoya-demandas-por-libertad-de-manifestacion-y-nuevas-politicas-sociales-en-colombia\\\/\",\"name\":\"350.org apoya demandas por libertad de manifestaci\u00f3n y nuevas pol\u00edticas sociales en Colombia - 350 Espa\u00f1ol\",\"isPartOf\":{\"@id\":\"https:\\\/\\\/350.org\\\/es\\\/#website\"},\"primaryImageOfPage\":{\"@id\":\"https:\\\/\\\/350.org\\\/es\\\/350-org-apoya-demandas-por-libertad-de-manifestacion-y-nuevas-politicas-sociales-en-colombia\\\/#primaryimage\"},\"image\":{\"@id\":\"https:\\\/\\\/350.org\\\/es\\\/350-org-apoya-demandas-por-libertad-de-manifestacion-y-nuevas-politicas-sociales-en-colombia\\\/#primaryimage\"},\"thumbnailUrl\":\"https:\\\/\\\/350.org\\\/es\\\/wp-content\\\/uploads\\\/sites\\\/10\\\/2021\\\/05\\\/182208874_855104178378343_5832571411303358419_n.jpeg\",\"datePublished\":\"2021-05-07T18:27:29+00:00\",\"dateModified\":\"2021-06-01T20:30:14+00:00\",\"author\":{\"@id\":\"https:\\\/\\\/350.org\\\/es\\\/#\\\/schema\\\/person\\\/ea1e8e239a4621ea6da6d49353817f13\"},\"breadcrumb\":{\"@id\":\"https:\\\/\\\/350.org\\\/es\\\/350-org-apoya-demandas-por-libertad-de-manifestacion-y-nuevas-politicas-sociales-en-colombia\\\/#breadcrumb\"},\"inLanguage\":\"es\",\"potentialAction\":[{\"@type\":\"ReadAction\",\"target\":[\"https:\\\/\\\/350.org\\\/es\\\/350-org-apoya-demandas-por-libertad-de-manifestacion-y-nuevas-politicas-sociales-en-colombia\\\/\"]}]},{\"@type\":\"ImageObject\",\"inLanguage\":\"es\",\"@id\":\"https:\\\/\\\/350.org\\\/es\\\/350-org-apoya-demandas-por-libertad-de-manifestacion-y-nuevas-politicas-sociales-en-colombia\\\/#primaryimage\",\"url\":\"https:\\\/\\\/350.org\\\/es\\\/wp-content\\\/uploads\\\/sites\\\/10\\\/2021\\\/05\\\/182208874_855104178378343_5832571411303358419_n.jpeg\",\"contentUrl\":\"https:\\\/\\\/350.org\\\/es\\\/wp-content\\\/uploads\\\/sites\\\/10\\\/2021\\\/05\\\/182208874_855104178378343_5832571411303358419_n.jpeg\",\"width\":1080,\"height\":720,\"caption\":\"Cr\u00e9dito: Nathalia Angarita \\\/ Reuters - @nathalianph\"},{\"@type\":\"BreadcrumbList\",\"@id\":\"https:\\\/\\\/350.org\\\/es\\\/350-org-apoya-demandas-por-libertad-de-manifestacion-y-nuevas-politicas-sociales-en-colombia\\\/#breadcrumb\",\"itemListElement\":[{\"@type\":\"ListItem\",\"position\":1,\"name\":\"Home\",\"item\":\"https:\\\/\\\/350.org\\\/es\\\/\"},{\"@type\":\"ListItem\",\"position\":2,\"name\":\"350.org apoya demandas por libertad de manifestaci\u00f3n y nuevas pol\u00edticas sociales en Colombia\"}]},{\"@type\":\"WebSite\",\"@id\":\"https:\\\/\\\/350.org\\\/es\\\/#website\",\"url\":\"https:\\\/\\\/350.org\\\/es\\\/\",\"name\":\"350 Espa\u00f1ol\",\"description\":\"\",\"potentialAction\":[{\"@type\":\"SearchAction\",\"target\":{\"@type\":\"EntryPoint\",\"urlTemplate\":\"https:\\\/\\\/350.org\\\/es\\\/?s={search_term_string}\"},\"query-input\":{\"@type\":\"PropertyValueSpecification\",\"valueRequired\":true,\"valueName\":\"search_term_string\"}}],\"inLanguage\":\"es\"},{\"@type\":\"Person\",\"@id\":\"https:\\\/\\\/350.org\\\/es\\\/#\\\/schema\\\/person\\\/ea1e8e239a4621ea6da6d49353817f13\",\"name\":\"peridias\",\"image\":{\"@type\":\"ImageObject\",\"inLanguage\":\"es\",\"@id\":\"https:\\\/\\\/secure.gravatar.com\\\/avatar\\\/96405288e64b4e6ce11714bec27911897bd8bf8e87e3829fa86d777934c3c729?s=96&d=mm&r=g\",\"url\":\"https:\\\/\\\/secure.gravatar.com\\\/avatar\\\/96405288e64b4e6ce11714bec27911897bd8bf8e87e3829fa86d777934c3c729?s=96&d=mm&r=g\",\"contentUrl\":\"https:\\\/\\\/secure.gravatar.com\\\/avatar\\\/96405288e64b4e6ce11714bec27911897bd8bf8e87e3829fa86d777934c3c729?s=96&d=mm&r=g\",\"caption\":\"peridias\"},\"url\":\"https:\\\/\\\/350.org\\\/es\\\/author\\\/peridias\\\/\"}]}<\/script>\n<!-- \/ Yoast SEO Premium plugin. -->","yoast_head_json":{"title":"350.org apoya demandas por libertad de manifestaci\u00f3n y nuevas pol\u00edticas sociales en Colombia - 350 Espa\u00f1ol","robots":{"index":"index","follow":"follow","max-snippet":"max-snippet:-1","max-image-preview":"max-image-preview:large","max-video-preview":"max-video-preview:-1"},"canonical":"https:\/\/350.org\/es\/350-org-apoya-demandas-por-libertad-de-manifestacion-y-nuevas-politicas-sociales-en-colombia\/","og_locale":"es_ES","og_type":"article","og_title":"350.org apoya demandas por libertad de manifestaci\u00f3n y nuevas pol\u00edticas sociales en Colombia","og_description":"La represi\u00f3n policial a las personas que est\u00e1n en las calles exigiendo mejores condiciones de vida y el derecho de libre expresi\u00f3n es inaceptable y tiene que parar inmediatamente","og_url":"https:\/\/350.org\/es\/350-org-apoya-demandas-por-libertad-de-manifestacion-y-nuevas-politicas-sociales-en-colombia\/","og_site_name":"350 Espa\u00f1ol","article_published_time":"2021-05-07T18:27:29+00:00","article_modified_time":"2021-06-01T20:30:14+00:00","og_image":[{"width":1080,"height":720,"url":"https:\/\/350.org\/es\/wp-content\/uploads\/sites\/10\/2021\/05\/182208874_855104178378343_5832571411303358419_n.jpeg","type":"image\/jpeg"}],"author":"peridias","twitter_card":"summary_large_image","twitter_misc":{"Escrito por":"peridias","Tiempo de lectura":"6 minutos"},"schema":{"@context":"https:\/\/schema.org","@graph":[{"@type":"Article","@id":"https:\/\/350.org\/es\/350-org-apoya-demandas-por-libertad-de-manifestacion-y-nuevas-politicas-sociales-en-colombia\/#article","isPartOf":{"@id":"https:\/\/350.org\/es\/350-org-apoya-demandas-por-libertad-de-manifestacion-y-nuevas-politicas-sociales-en-colombia\/"},"author":{"name":"peridias","@id":"https:\/\/350.org\/es\/#\/schema\/person\/ea1e8e239a4621ea6da6d49353817f13"},"headline":"350.org apoya demandas por libertad de manifestaci\u00f3n y nuevas pol\u00edticas sociales en Colombia","datePublished":"2021-05-07T18:27:29+00:00","dateModified":"2021-06-01T20:30:14+00:00","mainEntityOfPage":{"@id":"https:\/\/350.org\/es\/350-org-apoya-demandas-por-libertad-de-manifestacion-y-nuevas-politicas-sociales-en-colombia\/"},"wordCount":1225,"image":{"@id":"https:\/\/350.org\/es\/350-org-apoya-demandas-por-libertad-de-manifestacion-y-nuevas-politicas-sociales-en-colombia\/#primaryimage"},"thumbnailUrl":"https:\/\/350.org\/es\/wp-content\/uploads\/sites\/10\/2021\/05\/182208874_855104178378343_5832571411303358419_n.jpeg","keywords":["Col\u00f4mbia","Justicia social","Manifestaciones en Colombia","Muertes en Colombia"],"articleSection":["Latin America"],"inLanguage":"es"},{"@type":"WebPage","@id":"https:\/\/350.org\/es\/350-org-apoya-demandas-por-libertad-de-manifestacion-y-nuevas-politicas-sociales-en-colombia\/","url":"https:\/\/350.org\/es\/350-org-apoya-demandas-por-libertad-de-manifestacion-y-nuevas-politicas-sociales-en-colombia\/","name":"350.org apoya demandas por libertad de manifestaci\u00f3n y nuevas pol\u00edticas sociales en Colombia - 350 Espa\u00f1ol","isPartOf":{"@id":"https:\/\/350.org\/es\/#website"},"primaryImageOfPage":{"@id":"https:\/\/350.org\/es\/350-org-apoya-demandas-por-libertad-de-manifestacion-y-nuevas-politicas-sociales-en-colombia\/#primaryimage"},"image":{"@id":"https:\/\/350.org\/es\/350-org-apoya-demandas-por-libertad-de-manifestacion-y-nuevas-politicas-sociales-en-colombia\/#primaryimage"},"thumbnailUrl":"https:\/\/350.org\/es\/wp-content\/uploads\/sites\/10\/2021\/05\/182208874_855104178378343_5832571411303358419_n.jpeg","datePublished":"2021-05-07T18:27:29+00:00","dateModified":"2021-06-01T20:30:14+00:00","author":{"@id":"https:\/\/350.org\/es\/#\/schema\/person\/ea1e8e239a4621ea6da6d49353817f13"},"breadcrumb":{"@id":"https:\/\/350.org\/es\/350-org-apoya-demandas-por-libertad-de-manifestacion-y-nuevas-politicas-sociales-en-colombia\/#breadcrumb"},"inLanguage":"es","potentialAction":[{"@type":"ReadAction","target":["https:\/\/350.org\/es\/350-org-apoya-demandas-por-libertad-de-manifestacion-y-nuevas-politicas-sociales-en-colombia\/"]}]},{"@type":"ImageObject","inLanguage":"es","@id":"https:\/\/350.org\/es\/350-org-apoya-demandas-por-libertad-de-manifestacion-y-nuevas-politicas-sociales-en-colombia\/#primaryimage","url":"https:\/\/350.org\/es\/wp-content\/uploads\/sites\/10\/2021\/05\/182208874_855104178378343_5832571411303358419_n.jpeg","contentUrl":"https:\/\/350.org\/es\/wp-content\/uploads\/sites\/10\/2021\/05\/182208874_855104178378343_5832571411303358419_n.jpeg","width":1080,"height":720,"caption":"Cr\u00e9dito: Nathalia Angarita \/ Reuters - @nathalianph"},{"@type":"BreadcrumbList","@id":"https:\/\/350.org\/es\/350-org-apoya-demandas-por-libertad-de-manifestacion-y-nuevas-politicas-sociales-en-colombia\/#breadcrumb","itemListElement":[{"@type":"ListItem","position":1,"name":"Home","item":"https:\/\/350.org\/es\/"},{"@type":"ListItem","position":2,"name":"350.org apoya demandas por libertad de manifestaci\u00f3n y nuevas pol\u00edticas sociales en Colombia"}]},{"@type":"WebSite","@id":"https:\/\/350.org\/es\/#website","url":"https:\/\/350.org\/es\/","name":"350 Espa\u00f1ol","description":"","potentialAction":[{"@type":"SearchAction","target":{"@type":"EntryPoint","urlTemplate":"https:\/\/350.org\/es\/?s={search_term_string}"},"query-input":{"@type":"PropertyValueSpecification","valueRequired":true,"valueName":"search_term_string"}}],"inLanguage":"es"},{"@type":"Person","@id":"https:\/\/350.org\/es\/#\/schema\/person\/ea1e8e239a4621ea6da6d49353817f13","name":"peridias","image":{"@type":"ImageObject","inLanguage":"es","@id":"https:\/\/secure.gravatar.com\/avatar\/96405288e64b4e6ce11714bec27911897bd8bf8e87e3829fa86d777934c3c729?s=96&d=mm&r=g","url":"https:\/\/secure.gravatar.com\/avatar\/96405288e64b4e6ce11714bec27911897bd8bf8e87e3829fa86d777934c3c729?s=96&d=mm&r=g","contentUrl":"https:\/\/secure.gravatar.com\/avatar\/96405288e64b4e6ce11714bec27911897bd8bf8e87e3829fa86d777934c3c729?s=96&d=mm&r=g","caption":"peridias"},"url":"https:\/\/350.org\/es\/author\/peridias\/"}]}},"_links":{"self":[{"href":"https:\/\/350.org\/es\/wp-json\/wp\/v2\/posts\/134496","targetHints":{"allow":["GET"]}}],"collection":[{"href":"https:\/\/350.org\/es\/wp-json\/wp\/v2\/posts"}],"about":[{"href":"https:\/\/350.org\/es\/wp-json\/wp\/v2\/types\/post"}],"author":[{"embeddable":true,"href":"https:\/\/350.org\/es\/wp-json\/wp\/v2\/users\/10012189"}],"replies":[{"embeddable":true,"href":"https:\/\/350.org\/es\/wp-json\/wp\/v2\/comments?post=134496"}],"version-history":[{"count":0,"href":"https:\/\/350.org\/es\/wp-json\/wp\/v2\/posts\/134496\/revisions"}],"wp:featuredmedia":[{"embeddable":true,"href":"https:\/\/350.org\/es\/wp-json\/wp\/v2\/media\/134498"}],"wp:attachment":[{"href":"https:\/\/350.org\/es\/wp-json\/wp\/v2\/media?parent=134496"}],"wp:term":[{"taxonomy":"category","embeddable":true,"href":"https:\/\/350.org\/es\/wp-json\/wp\/v2\/categories?post=134496"},{"taxonomy":"post_tag","embeddable":true,"href":"https:\/\/350.org\/es\/wp-json\/wp\/v2\/tags?post=134496"}],"curies":[{"name":"wp","href":"https:\/\/api.w.org\/{rel}","templated":true}]}}