{"id":126174,"date":"2010-10-11T16:10:32","date_gmt":"2010-10-11T16:10:32","guid":{"rendered":""},"modified":"2010-10-18T20:09:01","modified_gmt":"2010-10-18T20:09:01","slug":"et-depuis-la-fontaine-des-innoncents-paris","status":"publish","type":"post","link":"https:\/\/350.org\/fr\/et-depuis-la-fontaine-des-innoncents-paris\/","title":{"rendered":"Le 10\/10\/10 \u00e0 Paris"},"content":{"rendered":"<p>Et voil\u00e0 aussi d&#39;autres photos prises sur Paris pour la Journ\u00e9e International des Solutions Climatiques. Merci Julie pour votre soutien!!<\/p>\n<img decoding=\"async\" alt=\"sites\/all\/files\/paris350.jpg\" class=\"imagecache imagecache-Medium_250_Pixels_Wide imgupload imgupl_floating_none \" src=\"..\/sites\/all\/files\/imagecache\/Medium_250_Pixels_Wide\/paris350.jpg\" title=\"\" \/>\n<img decoding=\"async\" alt=\"sites\/all\/files\/paris350_2.jpg\" class=\"imagecache imagecache-Medium_250_Pixels_Wide imgupload imgupl_floating_none \" src=\"..\/sites\/all\/files\/imagecache\/Medium_250_Pixels_Wide\/paris350_2.jpg\" title=\"\" \/>\n","protected":false},"excerpt":{"rendered":"<p>Et voil\u00e0 aussi d&#39;autres photos prises sur Paris pour la Journ\u00e9e International des Solutions Climatiques. Merci Julie pour votre soutien!!<\/p>\n","protected":false},"author":3787,"featured_media":0,"comment_status":"open","ping_status":"open","sticky":false,"template":"","format":"standard","meta":{"_acf_changed":false,"footnotes":""},"categories":[],"tags":[],"class_list":["post-126174","post","type-post","status-publish","format-standard","hentry"],"acf":[],"yoast_head":"<!-- This site is optimized with the Yoast SEO Premium plugin v26.9 (Yoast SEO v27.5) - https:\/\/yoast.com\/product\/yoast-seo-premium-wordpress\/ -->\n<title>Le 10\/10\/10 \u00e0 Paris - 350 Fran\u00e7ais<\/title>\n<meta name=\"robots\" content=\"index, follow, max-snippet:-1, max-image-preview:large, max-video-preview:-1\" \/>\n<link rel=\"canonical\" href=\"https:\/\/350.org\/fr\/et-depuis-la-fontaine-des-innoncents-paris\/\" \/>\n<meta property=\"og:locale\" content=\"fr_FR\" \/>\n<meta property=\"og:type\" content=\"article\" \/>\n<meta property=\"og:title\" content=\"Le 10\/10\/10 \u00e0 Paris\" \/>\n<meta property=\"og:description\" content=\"Et voil\u00e0 aussi d&#039;autres photos prises sur Paris pour la Journ\u00e9e International des Solutions Climatiques. Merci Julie pour votre soutien!!\" \/>\n<meta property=\"og:url\" content=\"https:\/\/350.org\/fr\/et-depuis-la-fontaine-des-innoncents-paris\/\" \/>\n<meta property=\"og:site_name\" content=\"350 Fran\u00e7ais\" \/>\n<meta property=\"article:published_time\" content=\"2010-10-11T16:10:32+00:00\" \/>\n<meta property=\"article:modified_time\" content=\"2010-10-18T20:09:01+00:00\" \/>\n<meta name=\"twitter:card\" content=\"summary_large_image\" \/>\n<meta name=\"twitter:label1\" content=\"\u00c9crit par\" \/>\n\t<meta name=\"twitter:data1\" content=\"\" \/>\n<script type=\"application\/ld+json\" class=\"yoast-schema-graph\">{\"@context\":\"https:\\\/\\\/schema.org\",\"@graph\":[{\"@type\":\"Article\",\"@id\":\"https:\\\/\\\/350.org\\\/fr\\\/et-depuis-la-fontaine-des-innoncents-paris\\\/#article\",\"isPartOf\":{\"@id\":\"https:\\\/\\\/350.org\\\/fr\\\/et-depuis-la-fontaine-des-innoncents-paris\\\/\"},\"author\":{\"name\":\"\",\"@id\":\"\"},\"headline\":\"Le 10\\\/10\\\/10 \u00e0 Paris\",\"datePublished\":\"2010-10-11T16:10:32+00:00\",\"dateModified\":\"2010-10-18T20:09:01+00:00\",\"mainEntityOfPage\":{\"@id\":\"https:\\\/\\\/350.org\\\/fr\\\/et-depuis-la-fontaine-des-innoncents-paris\\\/\"},\"wordCount\":24,\"commentCount\":0,\"inLanguage\":\"fr-FR\",\"potentialAction\":[{\"@type\":\"CommentAction\",\"name\":\"Comment\",\"target\":[\"https:\\\/\\\/350.org\\\/fr\\\/et-depuis-la-fontaine-des-innoncents-paris\\\/#respond\"]}]},{\"@type\":\"WebPage\",\"@id\":\"https:\\\/\\\/350.org\\\/fr\\\/et-depuis-la-fontaine-des-innoncents-paris\\\/\",\"url\":\"https:\\\/\\\/350.org\\\/fr\\\/et-depuis-la-fontaine-des-innoncents-paris\\\/\",\"name\":\"Le 10\\\/10\\\/10 \u00e0 Paris - 350 Fran\u00e7ais\",\"isPartOf\":{\"@id\":\"https:\\\/\\\/350.org\\\/fr\\\/#website\"},\"datePublished\":\"2010-10-11T16:10:32+00:00\",\"dateModified\":\"2010-10-18T20:09:01+00:00\",\"author\":{\"@id\":\"\"},\"breadcrumb\":{\"@id\":\"https:\\\/\\\/350.org\\\/fr\\\/et-depuis-la-fontaine-des-innoncents-paris\\\/#breadcrumb\"},\"inLanguage\":\"fr-FR\",\"potentialAction\":[{\"@type\":\"ReadAction\",\"target\":[\"https:\\\/\\\/350.org\\\/fr\\\/et-depuis-la-fontaine-des-innoncents-paris\\\/\"]}]},{\"@type\":\"BreadcrumbList\",\"@id\":\"https:\\\/\\\/350.org\\\/fr\\\/et-depuis-la-fontaine-des-innoncents-paris\\\/#breadcrumb\",\"itemListElement\":[{\"@type\":\"ListItem\",\"position\":1,\"name\":\"Home\",\"item\":\"https:\\\/\\\/350.org\\\/fr\\\/\"},{\"@type\":\"ListItem\",\"position\":2,\"name\":\"Le 10\\\/10\\\/10 \u00e0 Paris\"}]},{\"@type\":\"WebSite\",\"@id\":\"https:\\\/\\\/350.org\\\/fr\\\/#website\",\"url\":\"https:\\\/\\\/350.org\\\/fr\\\/\",\"name\":\"350 Fran\u00e7ais\",\"description\":\"\",\"potentialAction\":[{\"@type\":\"SearchAction\",\"target\":{\"@type\":\"EntryPoint\",\"urlTemplate\":\"https:\\\/\\\/350.org\\\/fr\\\/?s={search_term_string}\"},\"query-input\":{\"@type\":\"PropertyValueSpecification\",\"valueRequired\":true,\"valueName\":\"search_term_string\"}}],\"inLanguage\":\"fr-FR\"},{\"@type\":\"Person\",\"@id\":\"\",\"url\":\"https:\\\/\\\/350.org\\\/fr\\\/author\\\/\"}]}<\/script>\n<!-- \/ Yoast SEO Premium plugin. -->","yoast_head_json":{"title":"Le 10\/10\/10 \u00e0 Paris - 350 Fran\u00e7ais","robots":{"index":"index","follow":"follow","max-snippet":"max-snippet:-1","max-image-preview":"max-image-preview:large","max-video-preview":"max-video-preview:-1"},"canonical":"https:\/\/350.org\/fr\/et-depuis-la-fontaine-des-innoncents-paris\/","og_locale":"fr_FR","og_type":"article","og_title":"Le 10\/10\/10 \u00e0 Paris","og_description":"Et voil\u00e0 aussi d&#39;autres photos prises sur Paris pour la Journ\u00e9e International des Solutions Climatiques. Merci Julie pour votre soutien!!","og_url":"https:\/\/350.org\/fr\/et-depuis-la-fontaine-des-innoncents-paris\/","og_site_name":"350 Fran\u00e7ais","article_published_time":"2010-10-11T16:10:32+00:00","article_modified_time":"2010-10-18T20:09:01+00:00","twitter_card":"summary_large_image","twitter_misc":{"\u00c9crit par":""},"schema":{"@context":"https:\/\/schema.org","@graph":[{"@type":"Article","@id":"https:\/\/350.org\/fr\/et-depuis-la-fontaine-des-innoncents-paris\/#article","isPartOf":{"@id":"https:\/\/350.org\/fr\/et-depuis-la-fontaine-des-innoncents-paris\/"},"author":{"name":"","@id":""},"headline":"Le 10\/10\/10 \u00e0 Paris","datePublished":"2010-10-11T16:10:32+00:00","dateModified":"2010-10-18T20:09:01+00:00","mainEntityOfPage":{"@id":"https:\/\/350.org\/fr\/et-depuis-la-fontaine-des-innoncents-paris\/"},"wordCount":24,"commentCount":0,"inLanguage":"fr-FR","potentialAction":[{"@type":"CommentAction","name":"Comment","target":["https:\/\/350.org\/fr\/et-depuis-la-fontaine-des-innoncents-paris\/#respond"]}]},{"@type":"WebPage","@id":"https:\/\/350.org\/fr\/et-depuis-la-fontaine-des-innoncents-paris\/","url":"https:\/\/350.org\/fr\/et-depuis-la-fontaine-des-innoncents-paris\/","name":"Le 10\/10\/10 \u00e0 Paris - 350 Fran\u00e7ais","isPartOf":{"@id":"https:\/\/350.org\/fr\/#website"},"datePublished":"2010-10-11T16:10:32+00:00","dateModified":"2010-10-18T20:09:01+00:00","author":{"@id":""},"breadcrumb":{"@id":"https:\/\/350.org\/fr\/et-depuis-la-fontaine-des-innoncents-paris\/#breadcrumb"},"inLanguage":"fr-FR","potentialAction":[{"@type":"ReadAction","target":["https:\/\/350.org\/fr\/et-depuis-la-fontaine-des-innoncents-paris\/"]}]},{"@type":"BreadcrumbList","@id":"https:\/\/350.org\/fr\/et-depuis-la-fontaine-des-innoncents-paris\/#breadcrumb","itemListElement":[{"@type":"ListItem","position":1,"name":"Home","item":"https:\/\/350.org\/fr\/"},{"@type":"ListItem","position":2,"name":"Le 10\/10\/10 \u00e0 Paris"}]},{"@type":"WebSite","@id":"https:\/\/350.org\/fr\/#website","url":"https:\/\/350.org\/fr\/","name":"350 Fran\u00e7ais","description":"","potentialAction":[{"@type":"SearchAction","target":{"@type":"EntryPoint","urlTemplate":"https:\/\/350.org\/fr\/?s={search_term_string}"},"query-input":{"@type":"PropertyValueSpecification","valueRequired":true,"valueName":"search_term_string"}}],"inLanguage":"fr-FR"},{"@type":"Person","@id":"","url":"https:\/\/350.org\/fr\/author\/"}]}},"_links":{"self":[{"href":"https:\/\/350.org\/fr\/wp-json\/wp\/v2\/posts\/126174","targetHints":{"allow":["GET"]}}],"collection":[{"href":"https:\/\/350.org\/fr\/wp-json\/wp\/v2\/posts"}],"about":[{"href":"https:\/\/350.org\/fr\/wp-json\/wp\/v2\/types\/post"}],"author":[{"embeddable":true,"href":"https:\/\/350.org\/fr\/wp-json\/wp\/v2\/users\/3787"}],"replies":[{"embeddable":true,"href":"https:\/\/350.org\/fr\/wp-json\/wp\/v2\/comments?post=126174"}],"version-history":[{"count":0,"href":"https:\/\/350.org\/fr\/wp-json\/wp\/v2\/posts\/126174\/revisions"}],"wp:attachment":[{"href":"https:\/\/350.org\/fr\/wp-json\/wp\/v2\/media?parent=126174"}],"wp:term":[{"taxonomy":"category","embeddable":true,"href":"https:\/\/350.org\/fr\/wp-json\/wp\/v2\/categories?post=126174"},{"taxonomy":"post_tag","embeddable":true,"href":"https:\/\/350.org\/fr\/wp-json\/wp\/v2\/tags?post=126174"}],"curies":[{"name":"wp","href":"https:\/\/api.w.org\/{rel}","templated":true}]}}