{"id":131254,"date":"2016-04-07T20:49:07","date_gmt":"2016-04-07T20:49:07","guid":{"rendered":"https:\/\/350.org\/fr\/?p=131254"},"modified":"2016-04-10T17:18:44","modified_gmt":"2016-04-10T17:18:44","slug":"pau-moment-fondateur","status":"publish","type":"post","link":"https:\/\/350.org\/fr\/pau-moment-fondateur\/","title":{"rendered":"Pau : un moment fondateur"},"content":{"rendered":"<p style=\"text-align: justify;\"><strong>Mardi 5 avril &#8211; la strat\u00e9gie Dracula<\/strong><\/p>\n<p style=\"text-align: justify;\">Le jour vient de se lever sur Pau. La pr\u00e9fecture du B\u00e9arn, fief historique de Total, s&rsquo;appr\u00eate \u00e0 accueillir un sommet international sur les forages p\u00e9troliers en haute-mer.<br \/>\nDu &lsquo;business-as-usual&rsquo; pour les principaux acteurs du secteur. 500 d\u00e9l\u00e9gu\u00e9.e.s, venu.e.s du monde entier, s&rsquo;affairent dans leurs h\u00f4tels, et se pr\u00e9parent \u00e0 se rendre au Palais Baumont, pour l&rsquo;ouverture officielle de leur congr\u00e8s. Au menu : des discussions sur la mani\u00e8re dont poursuivre l&rsquo;exploitation des gisements d&rsquo;hydrocarbures en haute-mer (plus de 1000 m\u00e8tre de profondeur) et tr\u00e8s haute mer (plus de 1500 m\u00e8tres de profondeur) alors que la chute du prix du baril de p\u00e9trole remet totalement en cause la rentabilit\u00e9 du secteur.<\/p>\n<p style=\"text-align: justify;\"><img loading=\"lazy\" decoding=\"async\" class=\"alignright wp-image-131255 size-full\" src=\"https:\/\/350.org\/fr\/wp-content\/uploads\/sites\/13\/2016\/04\/25983080450_74196f2017_z-e1460061531420.jpg\" alt=\"25983080450_74196f2017_z\" width=\"400\" height=\"266\" \/>Au m\u00eame moment, nous sommes plusieurs dizaines \u00e0 nous affairer \u00e9galement<strong>. Notre but ? Bloquer le sommet, ou, \u00e0 d\u00e9faut, perturber aussi fortement que possible la tenue des d\u00e9bats. Notre approche ? La d\u00e9sob\u00e9issance climatique.<\/strong> Utiliser nos corps, quelques bottes de paille, des sifflets et des cornes de brume, pour emp\u00eacher les congressistes de se r\u00e9unir (ou, \u00e0 d\u00e9faut, de pouvoir discuter). Le tout sans s&rsquo;en prendre aux biens ou aux personnes. Pour marquer que la violence et la destruction sont bien du c\u00f4t\u00e9 de celles et ceux qui se r\u00e9uniront au Palais Baumont.<\/p>\n<p style=\"text-align: justify;\">Mais ce choix n&rsquo;est pas celui de la passivit\u00e9, sans cela, nous ne pourrions rien faire : un important dispositif policier doit permettre aux congressistes de se r\u00e9unir en toute qui\u00e9tude. De ce point de vue, trois mois apr\u00e8s la COP21 et l&rsquo;adoption de l&rsquo;accord de Paris,<strong> l&rsquo;\u00e9tat fran\u00e7ais a fait son choix : soutenir celles et ceux qui d\u00e9truisent le climat, c&rsquo;est-\u00e0-dire r\u00e9primer les militant.e.s de la justice climatique.<\/strong><\/p>\n<p style=\"text-align: justify;\">Nous courrons donc vers le Palais Baumont et tentons de rentrer dans le b\u00e2timent. La police, les gendarmes mobiles et l&rsquo;entreprise assurant la s\u00e9curit\u00e9 du Palais d\u00e9cide alors d&rsquo;en fermer les portes. Premi\u00e8re victoire : puisque les portes sont ferm\u00e9es, personne ne peut rentrer. Une bonne cinquantaine de congressistes est donc bloqu\u00e9e devant l&rsquo;acc\u00e8s principal au Palais Baumont, tandis que leurs confr\u00e8res et cons\u0153urs sont dirig\u00e9.e.s vers d&rsquo;autres acc\u00e8s, et perdent de pr\u00e9ciseuses minutes dans le parc Baumont.<br \/>\nMieux : trois militant.e.s ont r\u00e9ussi \u00e0 rentrer et se sont encha\u00een\u00e9.e.s sur la tribune o\u00f9 Fran\u00e7ois Bayrou doit prononcer l&rsquo;allocution d&rsquo;ouverture. En lieu et place du maire de Pau, les participant.e.s au sommet entendent donc nos revendications : respecte les engagements pris \u00e0 Paris lors de la COP21. C&rsquo;est-\u00e0-dire laisser les combustibles fossiles dans le sol, afin de maintenir le r\u00e9chauffement globale le plus possible en-dessous des 2\u00b0C.<\/p>\n<p style=\"text-align: justify;\">Nous sommes bient\u00f4t rejoint.e.s par une deuxi\u00e8me vague, d&rsquo;une bonne centaine de militant.e.s et en profitons pour franchir les barri\u00e8res de police, afin d&rsquo;essayer d&rsquo;atteindre d&rsquo;autres portes.<br \/>\nAvec d\u00e9termination, bien s\u00fbr, mais aussi avec calme, malgr\u00e9 les coups de matraques et les gaz lacrymog\u00e8nes et poivr\u00e9s.<\/p>\n<p style=\"text-align: justify;\">Nous occuperons les pelouses du Palais Baumont toute la journ\u00e9e. La presse est pr\u00e9sente en masse &#8211; pour la premi\u00e8re fois, des m\u00e9dias g\u00e9n\u00e9ralistes couvrent un congr\u00e8s de professionnel.le.s des hydrocarbures. Et ils le font parce que nous pointons du doigt la nocivit\u00e9 de ce secteur d&rsquo;activit\u00e9.<\/p>\n<p style=\"text-align: justify;\"><img loading=\"lazy\" decoding=\"async\" class=\"alignright wp-image-131270 size-full\" src=\"https:\/\/350.org\/fr\/wp-content\/uploads\/sites\/13\/2016\/04\/day1-police-hands-up-e1460298782827.jpg\" alt=\"\" width=\"400\" height=\"266\" \/>C&rsquo;est la \u00ab\u00a0strat\u00e9gie Dracula\u00a0\u00bb, qui avait permis au mouvement altermondialiste de remporter ses premiers succ\u00e8s (en particulier contre le projet d&rsquo;AMI). Les vampires sont des \u00eatres de l&rsquo;ombre. Expos\u00e9s \u00e0 la lumi\u00e8re, ils perdent leur pouvoir, se r\u00e9duisent \u00e0 un tas de poussi\u00e8re.<\/p>\n<p style=\"text-align: justify;\"><strong>Exposer publiquement ce qui se joue dans ce genre d&rsquo;ar\u00e8nes qui n&rsquo;est habituellement ouverte aux seul.e.s <em>happy few<\/em> suffit \u00e0 gripper les rouages de leurs projets : ceux-ci n&rsquo;ont de l&rsquo;avenir que si les opinions publiques en ignorent les tenants et les aboutissements.<\/strong><\/p>\n<p style=\"text-align: justify;\">Ouvrir un d\u00e9bat sur la l\u00e9gitimit\u00e9 d&rsquo;une telle rencontre, quelques mois \u00e0 peine apr\u00e8s la COP21 (salu\u00e9e comme la \u00ab\u00a0plus belle des r\u00e9volutions\u00a0\u00bb par Fran\u00e7ois Hollande) n&rsquo;est pas sans effet politique. C&rsquo;est ouvrir une br\u00e8che, et remettre un peu plus en cause la l\u00e9gitimit\u00e9 sociale que nous accordons \u00e0 l&rsquo;industrie des combustibles fossiles. <strong>L&rsquo;extraction de gaz et de p\u00e9trole est en effet bien plus nocive pour notre avenir qu&rsquo;indispensable \u00e0 notre quotidien.<\/strong><\/p>\n<p style=\"text-align: justify;\">Nous mettons fin \u00e0 notre occupation en fin d&rsquo;apr\u00e8s-midi, au moment o\u00f9 les premiers congressistes repartent pour leurs h\u00f4tels.<\/p>\n<hr \/>\n<p style=\"text-align: justify;\"><strong>Mercredi 6 avril &#8211; nuit debout pour les fossoyeurs du climat<\/strong><\/p>\n<p style=\"text-align: justify;\">Le soir m\u00eame, Pau devait tenir sa premi\u00e8re nuit debout. Mais la pluie est trop forte pour occuper massivement l&rsquo;espace public.<br \/>\nPau conna\u00eetra pourtant une d\u00e9clinaison toute particuli\u00e8re de la nuit debout : \u00e0 2 heures du matin, ce 6 avril, quelques militant.e.s se retrouvent devant les 5 \u00e9toiles o\u00f9 sont h\u00e9berg\u00e9.e.s les congressistes les plus important.e.s. Cornes de brumes, sir\u00e8nes et m\u00e9gaphones les sortent du sommeil. Deux heures plus tard, les m\u00eames sc\u00e8nes se r\u00e9p\u00e8tent, mais \u00e0 l&rsquo;int\u00e9rieur m\u00eame des h\u00f4tels cette fois-ci. En particulier au dernier \u00e9tage, celui des suites les plus luxueuses.<br \/>\n\u00c0 l&rsquo;aube, apr\u00e8s une nuit agit\u00e9e, les congressistes se rendent compte qu&rsquo;il leur est impossible de quitter leurs h\u00f4tels par la grande porte : plusieurs militant.e.s se sont encha\u00een\u00e9.e.s, avec des cha\u00eenes et des cadenas, aux principaux acc\u00e8s.<\/p>\n<p style=\"text-align: justify;\"><img loading=\"lazy\" decoding=\"async\" class=\"alignright wp-image-131257 size-full\" src=\"https:\/\/350.org\/fr\/wp-content\/uploads\/sites\/13\/2016\/04\/26229993006_cf2037fd70_z-e1460061688290.jpg\" alt=\"26229993006_cf2037fd70_z\" width=\"400\" height=\"266\" \/>L&rsquo;enjeu n&rsquo;est pas secondaire, bien au contraire. <strong>Quand un syst\u00e8me est sur le point de s&rsquo;effondrer, lorsqu&rsquo;il vacille jusque dans ses fondements \u00e9thiques, \u00ab\u00a0convertir\u00a0\u00bb ou \u00ab\u00a0retourner\u00a0\u00bb des personnes qui contribuaient jusqu&rsquo;alors \u00e0 faire fonctionner ce syst\u00e8me, s&rsquo;impose comme un axe strat\u00e9gique de construction du changement.<\/strong> Il faut pour cela pousser ces acteurs \u00e0 s&rsquo;interroger sur le sens de leur activit\u00e9 &#8211; en l&rsquo;occurence de leur m\u00e9tier. Venir perturber leur sommeil n&rsquo;est ni b\u00eate, ni m\u00e9chant : il s&rsquo;agit de provoquer une prise de conscience. On imagine en effet que nombreuses et nombreux seront celles et ceux qui, de retour \u00e0 la maison, raconterons \u00e0 leur proche ce qui s&rsquo;est pass\u00e9. Que des militant.e.s sont venu.e.s les r\u00e9veiller en pleine nuit pour d\u00e9noncer les cons\u00e9quences de leur secteur d&rsquo;activit\u00e9. Ainsi, nous faisons p\u00e9n\u00e9trer notre critique dans le cercle intime, personnel, des cadres du secteur p\u00e9trolier. Et l&rsquo;on sait bien que le couple critique-justification est bien plus difficile \u00e0 d\u00e9ployer \u00e0 mesure que l&rsquo;on rentre dans des consid\u00e9rations \u00e9thiques et personnelles.<\/p>\n<p style=\"text-align: justify;\">Nos actions ne s&rsquo;arr\u00eatent pas une fois le jour lev\u00e9. Nous continuons de perturber l&rsquo;acc\u00e8s au palais Baumont, en formant une gigantesque cha\u00eene humaine devant les entr\u00e9es principales. Au moment o\u00f9 d\u00e9bute la soir\u00e9e de gala \u00e0 l&rsquo;int\u00e9rieur du Palais Baumont, nous organisons un concert sauvage quelques m\u00e8tres plus loin. Parce que nous savons aussi faire du bruit pour nous amuser, pour danser et f\u00eater.<\/p>\n<hr \/>\n<p style=\"text-align: justify;\"><strong>Jeudi 7 avril &#8211; le Velvet Underground &amp; Ende Gelaende<\/strong><\/p>\n<p style=\"text-align: justify;\">La fatigue commence \u00e0 se faire sentir. Je me rends donc au Palais Baumont un peu plus tard que pr\u00e9vu. Surpris : tous les acc\u00e8s sont bloqu\u00e9s. Aucun congressiste ne peut rentrer. 150 militant.e.s sont en effet encha\u00eenes aux grilles ou aux roues d&rsquo;une camionnette de l&rsquo;un des organisateurs du sommet. Les cubes gonflables qui \u00e9taient au c\u0153ur de la chor\u00e9graphie de l&rsquo;action des lignes rouges, le 12 d\u00e9cembre dernier, en cl\u00f4ture de la COP21, sont de sortie.<br \/>\n<img loading=\"lazy\" decoding=\"async\" class=\"wp-image-131258 size-full alignleft\" src=\"https:\/\/350.org\/fr\/wp-content\/uploads\/sites\/13\/2016\/04\/26019126470_735c24657d_z-e1460061765512.jpg\" alt=\"26019126470_735c24657d_z\" width=\"400\" height=\"266\" \/>Ailleurs, nous nous allongeons sur la chauss\u00e9e. Les congressistes peuvent passer, mais ils doivent litt\u00e9ralement nous marcher dessus. Chacun.e. est interpel\u00e9.e, calmement et r\u00e9solument, ouvrant la porte \u00e0 des dialogues parfois \u00e9tonnants.<\/p>\n<p style=\"text-align: justify;\">En milieu de journ\u00e9e, nous organisons un die-in g\u00e9ant. 500 personnes s&rsquo;allongent devant le Palais Baumont, pour symboliser les victimes du r\u00e9chauffement climatique &amp; mettre en \u00e9vidence que les coupables sont de l&rsquo;autre c\u00f4t\u00e9 des barri\u00e8res, prot\u00e9g\u00e9.e.s par la police.<\/p>\n<p style=\"text-align: justify;\">Avant de nous relever, pour pouvoir raccompagner un \u00e0 un les congressistes qui s&rsquo;appr\u00eatent \u00e0 rentrer chez eux \u00e0 l&rsquo;ext\u00e9rieur du Palais Baumont, nous prenons date : cette mobilisation de Pau est un commencement. Comme l&rsquo;expliquait Fr\u00e9d\u00e9ric Lordon, place de la R\u00e9publique le 31 mars pour lancer la nuit debout, \u00ab\u00a0il se pourrait bien que nous soyons en train d&rsquo;accomplir quelque chose\u00a0\u00bb.<\/p>\n<p style=\"text-align: justify;\">Ce quelque chose n&rsquo;est pas vain :<strong> il s&rsquo;agit de respecter nos engagements et de tenir nos promesses. Les chef.fe.s d&rsquo;\u00e9tats et de gouvernement ne sont en effet pas les seul.e.s \u00e0 avoir pris des engagements forts \u00e0 Paris, lors de la COP21. Nous l&rsquo;avons \u00e9galement fait <\/strong>: nous avons annonc\u00e9 que nous nous mobiliserions, partout o\u00f9 ce serait n\u00e9cessaire, pour faire barrage \u00e0 la destruction du climat. Parce que nous prenons trop au s\u00e9rieux la lutte contre le r\u00e9chauffement climatique pour l&rsquo;abandonner aux seuls \u00c9tats.<\/p>\n<p style=\"text-align: justify;\">Contrairement \u00e0 eux, \u00e0 Pau, nous avons honor\u00e9 notre promesse. Et nous continuerons de le faire : le 21 avril, \u00e0 Paris, en marge du \u00ab\u00a0Oil International Summit\u00a0\u00bb qui se tiendra porte Maillot. Et en mai prochain, dans le cadre des actions \u00ab\u00a0<a href=\"https:\/\/fr.breakfree2016.org\">Breakfree &#8211; Lib\u00e9rons-nous des combustibles fossiles<\/a>\u00ab\u00a0.<\/p>\n<p style=\"text-align: justify;\">Pau n&rsquo;est en effet pas une date isol\u00e9e, une mobilisation sans pass\u00e9 ni devenir. Les trois jours qui viennent de s&rsquo;achever s&rsquo;inscrivent dans la m\u00eame dynamique que les camps actions climat et que les actions de blocage d&rsquo;infrastructures fossiles. \u00c0 Pau, nous avons ainsi franchi des barrages policiers en ayant recours \u00e0 des tactiques utilis\u00e9s l&rsquo;\u00e9t\u00e9 dernier, lors de l&rsquo;action \u00ab\u00a0Ende Gelaende\u00a0\u00bb de blocage d&rsquo;une mine de charbon. La boucle est sur le point d&rsquo;\u00eatre boucl\u00e9e, puisque <a href=\"https:\/\/www.ende-geleaende.org\/fr\">la seconde \u00e9dition d&rsquo;Ende Gelaende aura lieu du 13 au 16 mai prochains<\/a>, dans l&rsquo;est de l&rsquo;Allemagne, dans le cadre de la campagne d&rsquo;actions \u00ab\u00a0Breakfree &#8211; Lib\u00e9rons-nous des combustibles fossiles\u00a0\u00bb.<br \/>\nEnde Gelaende avait \u00e9t\u00e9 un moment fondateur pour de nombreuses et nombreux militant.e.s, en particulier anglo-saxons. <strong>La radicalit\u00e9, la d\u00e9termination, la puissance, la joie et la tendresse qui ont anim\u00e9 les trois jours de blocage du sommet de Pau laissent peu de place au doute : il s&rsquo;agit l\u00e0-aussi d&rsquo;un mouvement fondateur du mouvement fran\u00e7ais pour la justice climatique.<\/strong><\/p>\n<p style=\"text-align: justify;\"><img loading=\"lazy\" decoding=\"async\" class=\"alignright wp-image-131268 size-full\" src=\"https:\/\/350.org\/fr\/wp-content\/uploads\/sites\/13\/2016\/04\/day-3-mass-die-in-e1460298850148.jpg\" alt=\"\" width=\"400\" height=\"268\" \/>C&rsquo;est le syndrome du Velvet Underground : leur premier album a eu une influence sur la musique inversement proportionnelle \u00e0 son succ\u00e8s. Vendu \u00e0 quelques milliers d&rsquo;exemplaires seulement, rien ne pr\u00e9sageait en effet qu&rsquo;il passerait \u00e0 la post\u00e9rit\u00e9. \u00c0 ceci pr\u00eat, que, comme le dit la l\u00e9gende, tous les acqu\u00e9reurs du disque ont \u00e9t\u00e9 tellement marqu\u00e9 par le son du Velvet qu&rsquo;ils et elles ont cr\u00e9\u00e9 un groupe dans la foul\u00e9e.<\/p>\n<p style=\"text-align: justify;\">Ende Gelaende et Pau sont d&rsquo;ind\u00e9niables succ\u00e8s. Mobiliser plus de 500 personnes en quelques semaines, comme nous venons de le faire, est en effet une vraie victoire. Mais ce sont surtout des succ\u00e8s qui en annoncent d&rsquo;autres : nous repartons tou.te.s d\u00e9termin\u00e9.e.s \u00e0 organiser nous-m\u00eames de nouvelles actions.<\/p>\n<p style=\"text-align: justify;\"><strong>Parce que nous prenons au s\u00e9rieux l&rsquo;\u00e9tat d&rsquo;urgence climatique. Parce que nous nous sommes engag\u00e9.e.s \u00e0 agir pour que les lignes rouges d&rsquo;un futur juste et durable ne soient jamais franchies. Nous honorons nos promesses.<\/strong><\/p>\n<hr \/>\n","protected":false},"excerpt":{"rendered":"<p>Mardi 5 avril &#8211; la strat\u00e9gie Dracula Le jour vient de se lever sur Pau. La pr\u00e9fecture du B\u00e9arn, fief<span class=\"text-cutoff\">&#8230;<\/span><\/p>\n","protected":false},"author":10012018,"featured_media":131247,"comment_status":"open","ping_status":"open","sticky":false,"template":"","format":"standard","meta":{"_acf_changed":false,"footnotes":""},"categories":[20,4,17],"tags":[],"class_list":["post-131254","post","type-post","status-publish","format-standard","has-post-thumbnail","hentry","category-europe","category-featured","category-location"],"acf":[],"yoast_head":"<!-- This site is optimized with the Yoast SEO Premium plugin v26.9 (Yoast SEO v28.3) - https:\/\/yoast.com\/product\/yoast-seo-premium-wordpress\/ -->\n<title>Pau : un moment fondateur - 350 Fran\u00e7ais<\/title>\n<meta name=\"robots\" content=\"index, follow, max-snippet:-1, max-image-preview:large, max-video-preview:-1\" \/>\n<link rel=\"canonical\" href=\"https:\/\/350.org\/fr\/pau-moment-fondateur\/\" \/>\n<meta property=\"og:locale\" content=\"fr_FR\" \/>\n<meta property=\"og:type\" content=\"article\" \/>\n<meta property=\"og:title\" content=\"Pau : un moment fondateur\" \/>\n<meta property=\"og:description\" content=\"Mardi 5 avril &#8211; la strat\u00e9gie Dracula Le jour vient de se lever sur Pau. La pr\u00e9fecture du B\u00e9arn, fief...\" \/>\n<meta property=\"og:url\" content=\"https:\/\/350.org\/fr\/pau-moment-fondateur\/\" \/>\n<meta property=\"og:site_name\" content=\"350 Fran\u00e7ais\" \/>\n<meta property=\"article:published_time\" content=\"2016-04-07T20:49:07+00:00\" \/>\n<meta property=\"article:modified_time\" content=\"2016-04-10T17:18:44+00:00\" \/>\n<meta property=\"og:image\" content=\"https:\/\/350.org\/fr\/wp-content\/uploads\/sites\/13\/2016\/04\/Capture-d\u2019\u00e9cran-2016-04-06-\u00e0-10.45.07.png\" \/>\n\t<meta property=\"og:image:width\" content=\"714\" \/>\n\t<meta property=\"og:image:height\" content=\"528\" \/>\n\t<meta property=\"og:image:type\" content=\"image\/png\" \/>\n<meta name=\"twitter:card\" content=\"summary_large_image\" \/>\n<meta name=\"twitter:label1\" content=\"\u00c9crit par\" \/>\n\t<meta name=\"twitter:data1\" content=\"\" \/>\n\t<meta name=\"twitter:label2\" content=\"Dur\u00e9e de lecture estim\u00e9e\" \/>\n\t<meta name=\"twitter:data2\" content=\"10 minutes\" \/>\n<script type=\"application\/ld+json\" class=\"yoast-schema-graph\">{\"@context\":\"https:\\\/\\\/schema.org\",\"@graph\":[{\"@type\":\"Article\",\"@id\":\"https:\\\/\\\/350.org\\\/fr\\\/pau-moment-fondateur\\\/#article\",\"isPartOf\":{\"@id\":\"https:\\\/\\\/350.org\\\/fr\\\/pau-moment-fondateur\\\/\"},\"author\":{\"name\":\"\",\"@id\":\"\"},\"headline\":\"Pau : un moment fondateur\",\"datePublished\":\"2016-04-07T20:49:07+00:00\",\"dateModified\":\"2016-04-10T17:18:44+00:00\",\"mainEntityOfPage\":{\"@id\":\"https:\\\/\\\/350.org\\\/fr\\\/pau-moment-fondateur\\\/\"},\"wordCount\":1997,\"commentCount\":0,\"image\":{\"@id\":\"https:\\\/\\\/350.org\\\/fr\\\/pau-moment-fondateur\\\/#primaryimage\"},\"thumbnailUrl\":\"https:\\\/\\\/350.org\\\/fr\\\/wp-content\\\/uploads\\\/sites\\\/13\\\/2016\\\/04\\\/Capture-d\u2019\u00e9cran-2016-04-06-\u00e0-10.45.07.png\",\"articleSection\":[\"Europe\",\"Featured\",\"Location\"],\"inLanguage\":\"fr-FR\",\"potentialAction\":[{\"@type\":\"CommentAction\",\"name\":\"Comment\",\"target\":[\"https:\\\/\\\/350.org\\\/fr\\\/pau-moment-fondateur\\\/#respond\"]}]},{\"@type\":\"WebPage\",\"@id\":\"https:\\\/\\\/350.org\\\/fr\\\/pau-moment-fondateur\\\/\",\"url\":\"https:\\\/\\\/350.org\\\/fr\\\/pau-moment-fondateur\\\/\",\"name\":\"Pau : un moment fondateur - 350 Fran\u00e7ais\",\"isPartOf\":{\"@id\":\"https:\\\/\\\/350.org\\\/fr\\\/#website\"},\"primaryImageOfPage\":{\"@id\":\"https:\\\/\\\/350.org\\\/fr\\\/pau-moment-fondateur\\\/#primaryimage\"},\"image\":{\"@id\":\"https:\\\/\\\/350.org\\\/fr\\\/pau-moment-fondateur\\\/#primaryimage\"},\"thumbnailUrl\":\"https:\\\/\\\/350.org\\\/fr\\\/wp-content\\\/uploads\\\/sites\\\/13\\\/2016\\\/04\\\/Capture-d\u2019\u00e9cran-2016-04-06-\u00e0-10.45.07.png\",\"datePublished\":\"2016-04-07T20:49:07+00:00\",\"dateModified\":\"2016-04-10T17:18:44+00:00\",\"author\":{\"@id\":\"\"},\"breadcrumb\":{\"@id\":\"https:\\\/\\\/350.org\\\/fr\\\/pau-moment-fondateur\\\/#breadcrumb\"},\"inLanguage\":\"fr-FR\",\"potentialAction\":[{\"@type\":\"ReadAction\",\"target\":[\"https:\\\/\\\/350.org\\\/fr\\\/pau-moment-fondateur\\\/\"]}]},{\"@type\":\"ImageObject\",\"inLanguage\":\"fr-FR\",\"@id\":\"https:\\\/\\\/350.org\\\/fr\\\/pau-moment-fondateur\\\/#primaryimage\",\"url\":\"https:\\\/\\\/350.org\\\/fr\\\/wp-content\\\/uploads\\\/sites\\\/13\\\/2016\\\/04\\\/Capture-d\u2019\u00e9cran-2016-04-06-\u00e0-10.45.07.png\",\"contentUrl\":\"https:\\\/\\\/350.org\\\/fr\\\/wp-content\\\/uploads\\\/sites\\\/13\\\/2016\\\/04\\\/Capture-d\u2019\u00e9cran-2016-04-06-\u00e0-10.45.07.png\",\"width\":714,\"height\":528},{\"@type\":\"BreadcrumbList\",\"@id\":\"https:\\\/\\\/350.org\\\/fr\\\/pau-moment-fondateur\\\/#breadcrumb\",\"itemListElement\":[{\"@type\":\"ListItem\",\"position\":1,\"name\":\"Home\",\"item\":\"https:\\\/\\\/350.org\\\/fr\\\/\"},{\"@type\":\"ListItem\",\"position\":2,\"name\":\"Pau : un moment fondateur\"}]},{\"@type\":\"WebSite\",\"@id\":\"https:\\\/\\\/350.org\\\/fr\\\/#website\",\"url\":\"https:\\\/\\\/350.org\\\/fr\\\/\",\"name\":\"350 Fran\u00e7ais\",\"description\":\"\",\"potentialAction\":[{\"@type\":\"SearchAction\",\"target\":{\"@type\":\"EntryPoint\",\"urlTemplate\":\"https:\\\/\\\/350.org\\\/fr\\\/?s={search_term_string}\"},\"query-input\":{\"@type\":\"PropertyValueSpecification\",\"valueRequired\":true,\"valueName\":\"search_term_string\"}}],\"inLanguage\":\"fr-FR\"},{\"@type\":\"Person\",\"@id\":\"\",\"url\":\"https:\\\/\\\/350.org\\\/fr\\\/author\\\/\"}]}<\/script>\n<!-- \/ Yoast SEO Premium plugin. -->","yoast_head_json":{"title":"Pau : un moment fondateur - 350 Fran\u00e7ais","robots":{"index":"index","follow":"follow","max-snippet":"max-snippet:-1","max-image-preview":"max-image-preview:large","max-video-preview":"max-video-preview:-1"},"canonical":"https:\/\/350.org\/fr\/pau-moment-fondateur\/","og_locale":"fr_FR","og_type":"article","og_title":"Pau : un moment fondateur","og_description":"Mardi 5 avril &#8211; la strat\u00e9gie Dracula Le jour vient de se lever sur Pau. La pr\u00e9fecture du B\u00e9arn, fief...","og_url":"https:\/\/350.org\/fr\/pau-moment-fondateur\/","og_site_name":"350 Fran\u00e7ais","article_published_time":"2016-04-07T20:49:07+00:00","article_modified_time":"2016-04-10T17:18:44+00:00","og_image":[{"width":714,"height":528,"url":"https:\/\/350.org\/fr\/wp-content\/uploads\/sites\/13\/2016\/04\/Capture-d\u2019\u00e9cran-2016-04-06-\u00e0-10.45.07.png","type":"image\/png"}],"twitter_card":"summary_large_image","twitter_misc":{"\u00c9crit par":"","Dur\u00e9e de lecture estim\u00e9e":"10 minutes"},"schema":{"@context":"https:\/\/schema.org","@graph":[{"@type":"Article","@id":"https:\/\/350.org\/fr\/pau-moment-fondateur\/#article","isPartOf":{"@id":"https:\/\/350.org\/fr\/pau-moment-fondateur\/"},"author":{"name":"","@id":""},"headline":"Pau : un moment fondateur","datePublished":"2016-04-07T20:49:07+00:00","dateModified":"2016-04-10T17:18:44+00:00","mainEntityOfPage":{"@id":"https:\/\/350.org\/fr\/pau-moment-fondateur\/"},"wordCount":1997,"commentCount":0,"image":{"@id":"https:\/\/350.org\/fr\/pau-moment-fondateur\/#primaryimage"},"thumbnailUrl":"https:\/\/350.org\/fr\/wp-content\/uploads\/sites\/13\/2016\/04\/Capture-d\u2019\u00e9cran-2016-04-06-\u00e0-10.45.07.png","articleSection":["Europe","Featured","Location"],"inLanguage":"fr-FR","potentialAction":[{"@type":"CommentAction","name":"Comment","target":["https:\/\/350.org\/fr\/pau-moment-fondateur\/#respond"]}]},{"@type":"WebPage","@id":"https:\/\/350.org\/fr\/pau-moment-fondateur\/","url":"https:\/\/350.org\/fr\/pau-moment-fondateur\/","name":"Pau : un moment fondateur - 350 Fran\u00e7ais","isPartOf":{"@id":"https:\/\/350.org\/fr\/#website"},"primaryImageOfPage":{"@id":"https:\/\/350.org\/fr\/pau-moment-fondateur\/#primaryimage"},"image":{"@id":"https:\/\/350.org\/fr\/pau-moment-fondateur\/#primaryimage"},"thumbnailUrl":"https:\/\/350.org\/fr\/wp-content\/uploads\/sites\/13\/2016\/04\/Capture-d\u2019\u00e9cran-2016-04-06-\u00e0-10.45.07.png","datePublished":"2016-04-07T20:49:07+00:00","dateModified":"2016-04-10T17:18:44+00:00","author":{"@id":""},"breadcrumb":{"@id":"https:\/\/350.org\/fr\/pau-moment-fondateur\/#breadcrumb"},"inLanguage":"fr-FR","potentialAction":[{"@type":"ReadAction","target":["https:\/\/350.org\/fr\/pau-moment-fondateur\/"]}]},{"@type":"ImageObject","inLanguage":"fr-FR","@id":"https:\/\/350.org\/fr\/pau-moment-fondateur\/#primaryimage","url":"https:\/\/350.org\/fr\/wp-content\/uploads\/sites\/13\/2016\/04\/Capture-d\u2019\u00e9cran-2016-04-06-\u00e0-10.45.07.png","contentUrl":"https:\/\/350.org\/fr\/wp-content\/uploads\/sites\/13\/2016\/04\/Capture-d\u2019\u00e9cran-2016-04-06-\u00e0-10.45.07.png","width":714,"height":528},{"@type":"BreadcrumbList","@id":"https:\/\/350.org\/fr\/pau-moment-fondateur\/#breadcrumb","itemListElement":[{"@type":"ListItem","position":1,"name":"Home","item":"https:\/\/350.org\/fr\/"},{"@type":"ListItem","position":2,"name":"Pau : un moment fondateur"}]},{"@type":"WebSite","@id":"https:\/\/350.org\/fr\/#website","url":"https:\/\/350.org\/fr\/","name":"350 Fran\u00e7ais","description":"","potentialAction":[{"@type":"SearchAction","target":{"@type":"EntryPoint","urlTemplate":"https:\/\/350.org\/fr\/?s={search_term_string}"},"query-input":{"@type":"PropertyValueSpecification","valueRequired":true,"valueName":"search_term_string"}}],"inLanguage":"fr-FR"},{"@type":"Person","@id":"","url":"https:\/\/350.org\/fr\/author\/"}]}},"_links":{"self":[{"href":"https:\/\/350.org\/fr\/wp-json\/wp\/v2\/posts\/131254","targetHints":{"allow":["GET"]}}],"collection":[{"href":"https:\/\/350.org\/fr\/wp-json\/wp\/v2\/posts"}],"about":[{"href":"https:\/\/350.org\/fr\/wp-json\/wp\/v2\/types\/post"}],"author":[{"embeddable":true,"href":"https:\/\/350.org\/fr\/wp-json\/wp\/v2\/users\/10012018"}],"replies":[{"embeddable":true,"href":"https:\/\/350.org\/fr\/wp-json\/wp\/v2\/comments?post=131254"}],"version-history":[{"count":0,"href":"https:\/\/350.org\/fr\/wp-json\/wp\/v2\/posts\/131254\/revisions"}],"wp:featuredmedia":[{"embeddable":true,"href":"https:\/\/350.org\/fr\/wp-json\/wp\/v2\/media\/131247"}],"wp:attachment":[{"href":"https:\/\/350.org\/fr\/wp-json\/wp\/v2\/media?parent=131254"}],"wp:term":[{"taxonomy":"category","embeddable":true,"href":"https:\/\/350.org\/fr\/wp-json\/wp\/v2\/categories?post=131254"},{"taxonomy":"post_tag","embeddable":true,"href":"https:\/\/350.org\/fr\/wp-json\/wp\/v2\/tags?post=131254"}],"curies":[{"name":"wp","href":"https:\/\/api.w.org\/{rel}","templated":true}]}}