{"id":131837,"date":"2016-11-11T16:07:49","date_gmt":"2016-11-11T16:07:49","guid":{"rendered":"https:\/\/350.org\/fr\/?p=131837"},"modified":"2023-10-13T15:10:14","modified_gmt":"2023-10-13T15:10:14","slug":"cop22-appel-a-la-reconnaissance-et-a-la-protection-les-defenseurs-de-lenvironnement","status":"publish","type":"post","link":"https:\/\/350.org\/fr\/cop22-appel-a-la-reconnaissance-et-a-la-protection-les-defenseurs-de-lenvironnement\/","title":{"rendered":"COP22 : appel \u00e0 la reconnaissance et \u00e0 la protection les d\u00e9fenseurs de l&rsquo;environnement"},"content":{"rendered":"<p><em>En 2015, au moins <\/em><a href=\"https:\/\/www.globalwitness.org\/en\/reports\/dangerous-ground\/\"><strong><em>trois d\u00e9fenseur.e.s de l&rsquo;environnement ont <\/em><\/strong><\/a><em>\u00e9t\u00e9 tu\u00e9s chaque semaine, tandis que des centaines d&rsquo;autres ont subi des intimidations, re\u00e7u des menaces de mort ou \u00e9t\u00e9 arr\u00eat\u00e9.e.s. Ces militant.e.s se battent pour prot\u00e9ger de la destruction les terres, les oc\u00e9ans, les rivi\u00e8res et les for\u00eats, et pour que les combustibles fossiles restent sous terre, parce que c\u2019est le seul moyen de limiter le r\u00e9chauffement \u00e0 1,5\u00a0\u00b0C. \u00c0 cette fin, ils et elles ont besoin de la reconnaissance juridique, de la s\u00e9curit\u00e9 et de la protection de l\u2019\u00c9tat. <\/em><\/p>\n<p>Voil\u00e0 le message que nous souhaitons formuler ce samedi durant les n\u00e9gociations climatiques de la COP22, qui se d\u00e9roule \u00e0 Marrakech (Maroc). En partenariat avec Amnesty International et Track0, nous voulons insister sur les risques accrus qu&rsquo;encourent les d\u00e9fenseur.e.s du climat dans leurs actions contre les industries extractives.<\/p>\n<img loading=\"lazy\" decoding=\"async\" class=\"aligncenter wp-image-131838 size-large\" src=\"https:\/\/350.org\/fr\/wp-content\/uploads\/sites\/13\/2016\/11\/FR_cop22-envdefenders-email-image-1024x640.jpg\" alt=\"fr_cop22-envdefenders-email-image\" width=\"1024\" height=\"640\" srcset=\"https:\/\/350.org\/fr\/wp-content\/uploads\/sites\/13\/2016\/11\/FR_cop22-envdefenders-email-image-1024x640.jpg 1024w, https:\/\/350.org\/fr\/wp-content\/uploads\/sites\/13\/2016\/11\/FR_cop22-envdefenders-email-image-225x141.jpg 225w, https:\/\/350.org\/fr\/wp-content\/uploads\/sites\/13\/2016\/11\/FR_cop22-envdefenders-email-image-300x188.jpg 300w, https:\/\/350.org\/fr\/wp-content\/uploads\/sites\/13\/2016\/11\/FR_cop22-envdefenders-email-image-768x480.jpg 768w, https:\/\/350.org\/fr\/wp-content\/uploads\/sites\/13\/2016\/11\/FR_cop22-envdefenders-email-image-430x269.jpg 430w, https:\/\/350.org\/fr\/wp-content\/uploads\/sites\/13\/2016\/11\/FR_cop22-envdefenders-email-image-1280x800.jpg 1280w\" sizes=\"auto, (max-width: 1024px) 100vw, 1024px\" \/>\n<p>Mettre fin \u00e0 l&rsquo;extraction des combustibles fossiles pour limiter le r\u00e9chauffement \u00e0 1,5\u00a0\u00b0C n\u00e9cessitera que le mouvement mondial redouble d&rsquo;efforts dans les mois et ann\u00e9es \u00e0 venir. \u00c0 cet \u00e9gard, les \u00ab\u00a0d\u00e9fenseur.e.s de l\u2019environnement\u00a0\u00bb constituent une force d&rsquo;action essentielle dans la mise en \u0153uvre de l&rsquo;accord de Paris et des objectifs de d\u00e9veloppement durable. Les \u00c9tats doivent reconna\u00eetre l&rsquo;importance du travail des d\u00e9fenseur.e.s de l\u2019environnement et les risques incroyablement \u00e9lev\u00e9s qu&rsquo;ils encourent, en leur offrant une reconnaissance et une protection juridique<\/p>\n<p>Retrouvez-nous en direct de l&rsquo;\u00e9v\u00e9nement <a href=\"https:\/\/350.org\/the-push-for-recognition-protection-for-environmental-defenders-at-cop22\/\"><strong>ici<\/strong><\/a>.<\/p>\n<h3><strong>Intervenants\u00a0:<\/strong><\/h3>\n<p><strong>Victoria Tauli-Corpuz<\/strong> est la rapporteuse sp\u00e9ciale de l&rsquo;ONU sur les droits des peuples autochtones. Sp\u00e9cialiste des droits humains, Victoria se concentre essentiellement sur les droits des populations autochtones et des femmes, ainsi que sur le droit au d\u00e9veloppement et \u00e0 un environnement s\u00fbr et durable. En tant qu&rsquo;organisatrice communautaire et cr\u00e9atrice d&rsquo;institutions et de mouvements, elle a contribu\u00e9 \u00e0 la mise en place et au renforcement d&rsquo;organisations locales autochtones et de formations autochtones r\u00e9gionales et internationales.<\/p>\n<p><strong>Roberto Marques<\/strong> est chef du groupe ethnique des Anace. Il est tr\u00e8s engag\u00e9 dans la lutte contre les int\u00e9r\u00eats charbonniers et la fracturation hydraulique dans le nord-est du Br\u00e9sil.<\/p>\n<p><strong>Hindou Oumarou Ibrahim<\/strong> est originaire de la communaut\u00e9 pastorale des Mbororo, au Tchad. Elle est coordonnatrice de l&rsquo;Association des femmes peules et autochtones du Tchad (AFPAT) et copr\u00e9sidente du Forum international des peuples autochtones sur le changement climatique, qui repr\u00e9sente les populations autochtones \u00e0 la CCNUCC.<\/p>\n<p><strong>Mohamed Ed-Daoudy<\/strong> est n\u00e9 \u00e0 Imider, au Maroc. Il est membre du comit\u00e9 communication et m\u00e9dias de \u00ab\u00a0Movement on the road 96\u00a0\u00bb, un mouvement social cr\u00e9\u00e9 \u00e0 Imider. Depuis cinq ans, cette organisation tient un sit-in permanent sur le mont Alleban, dans le massif de l&rsquo;Atlas, pour protester contre l&rsquo;exploitation d&rsquo;une mine d&rsquo;argent \u00e0 proximit\u00e9 d&rsquo;Imider. Ce sit-in a \u00e9t\u00e9 lanc\u00e9 en ao\u00fbt\u00a02011 par des \u00e9tudiants locaux qui r\u00e9clamaient des emplois dans la mine. Leurs exigences se sont ensuite \u00e9largies afin d&rsquo;inclure des pr\u00e9occupations environnementales, telles que l&rsquo;utilisation par la mine des sources d&rsquo;eau locales au d\u00e9triment des besoins de la population et des activit\u00e9s agricoles, ou encore la pollution \u00e9mise par les d\u00e9chets toxiques rejet\u00e9s par la mine. Depuis, plusieurs protestataires ont \u00e9t\u00e9 arr\u00eat\u00e9s, poursuivis en justice et condamn\u00e9s sur la base de charges visiblement invent\u00e9es de toutes pi\u00e8ces.<\/p>\n<p><strong>Winona Jalisa Kisino<\/strong> est une jeune d\u00e9l\u00e9gu\u00e9e de la R\u00e9publique des \u00eeles Marshall. Elle est \u00ab\u00a0d\u00e9fenseure de la Terre\u00a0\u00bb au sein de \u00ab\u00a0Jo-Jikum\u00a0\u00bb, une organisation bas\u00e9e \u00e0 Majuro (\u00eeles Marshall) qui lutte contre la crise du changement climatique \u00e0 laquelle les atolls de faible altitude comme les \u00eeles Marshall sont confront\u00e9s Elle est m\u00e8re de deux filles de moins de 5 ans.<\/p>\n<p><strong>Mod\u00e9rateur\u00a0: Savio Carvalho, <\/strong>conseiller senior sur les questions de d\u00e9veloppement international et de droits humains au secr\u00e9tariat international d&rsquo;Amnesty International. Il travaille depuis plus de vingt ans sur le d\u00e9veloppement international et les droits humanitaires et humains en Asie du Sud et centrale, en Afrique de l&rsquo;Est et en Europe. Il se concentre actuellement sur le renforcement des liens entre d\u00e9veloppement et droits humains. Il dirige \u00e9galement le travail d&rsquo;Amnesty International concernant l&rsquo;Agenda 2030.<\/p>\n<p>&nbsp;<\/p>\n","protected":false},"excerpt":{"rendered":"<p>En 2015, au moins trois d\u00e9fenseur.e.s de l&rsquo;environnement ont \u00e9t\u00e9 tu\u00e9s chaque semaine, tandis que des centaines d&rsquo;autres ont subi<span class=\"text-cutoff\">&#8230;<\/span><\/p>\n","protected":false},"author":10012012,"featured_media":131838,"comment_status":"open","ping_status":"open","sticky":false,"template":"","format":"standard","meta":{"_acf_changed":false,"footnotes":""},"categories":[15,16,4,28,208],"tags":[],"class_list":["post-131837","post","type-post","status-publish","format-standard","has-post-thumbnail","hentry","category-impacts","category-justice","category-featured","category-global","category-kiitg"],"acf":[],"yoast_head":"<!-- This site is optimized with the Yoast SEO Premium plugin v26.9 (Yoast SEO v28.3) - https:\/\/yoast.com\/product\/yoast-seo-premium-wordpress\/ -->\n<title>COP22 : appel \u00e0 la reconnaissance et \u00e0 la protection les d\u00e9fenseurs de l&#039;environnement - 350 Fran\u00e7ais<\/title>\n<meta name=\"robots\" content=\"index, follow, max-snippet:-1, max-image-preview:large, max-video-preview:-1\" \/>\n<link rel=\"canonical\" href=\"https:\/\/350.org\/fr\/cop22-appel-a-la-reconnaissance-et-a-la-protection-les-defenseurs-de-lenvironnement\/\" \/>\n<meta property=\"og:locale\" content=\"fr_FR\" \/>\n<meta property=\"og:type\" content=\"article\" \/>\n<meta property=\"og:title\" content=\"COP22 : appel \u00e0 la reconnaissance et \u00e0 la protection les d\u00e9fenseurs de l&#039;environnement\" \/>\n<meta property=\"og:description\" content=\"En 2015, au moins trois d\u00e9fenseur.e.s de l&rsquo;environnement ont \u00e9t\u00e9 tu\u00e9s chaque semaine, tandis que des centaines d&rsquo;autres ont subi...\" \/>\n<meta property=\"og:url\" content=\"https:\/\/350.org\/fr\/cop22-appel-a-la-reconnaissance-et-a-la-protection-les-defenseurs-de-lenvironnement\/\" \/>\n<meta property=\"og:site_name\" content=\"350 Fran\u00e7ais\" \/>\n<meta property=\"article:published_time\" content=\"2016-11-11T16:07:49+00:00\" \/>\n<meta property=\"article:modified_time\" content=\"2023-10-13T15:10:14+00:00\" \/>\n<meta property=\"og:image\" content=\"https:\/\/350.org\/fr\/wp-content\/uploads\/sites\/13\/2016\/11\/FR_cop22-envdefenders-email-image.jpg\" \/>\n\t<meta property=\"og:image:width\" content=\"3000\" \/>\n\t<meta property=\"og:image:height\" content=\"1875\" \/>\n\t<meta property=\"og:image:type\" content=\"image\/jpeg\" \/>\n<meta name=\"author\" content=\"D\u00e9bora Gastal\" \/>\n<meta name=\"twitter:card\" content=\"summary_large_image\" \/>\n<meta name=\"twitter:creator\" content=\"@deboragastal\" \/>\n<meta name=\"twitter:label1\" content=\"\u00c9crit par\" \/>\n\t<meta name=\"twitter:data1\" content=\"D\u00e9bora Gastal\" \/>\n\t<meta name=\"twitter:label2\" content=\"Dur\u00e9e de lecture estim\u00e9e\" \/>\n\t<meta name=\"twitter:data2\" content=\"4 minutes\" \/>\n<script type=\"application\/ld+json\" class=\"yoast-schema-graph\">{\"@context\":\"https:\\\/\\\/schema.org\",\"@graph\":[{\"@type\":\"Article\",\"@id\":\"https:\\\/\\\/350.org\\\/fr\\\/cop22-appel-a-la-reconnaissance-et-a-la-protection-les-defenseurs-de-lenvironnement\\\/#article\",\"isPartOf\":{\"@id\":\"https:\\\/\\\/350.org\\\/fr\\\/cop22-appel-a-la-reconnaissance-et-a-la-protection-les-defenseurs-de-lenvironnement\\\/\"},\"author\":{\"name\":\"D\u00e9bora Gastal\",\"@id\":\"https:\\\/\\\/350.org\\\/fr\\\/#\\\/schema\\\/person\\\/0632d7eab67421462b6ff196d89cb5a7\"},\"headline\":\"COP22 : appel \u00e0 la reconnaissance et \u00e0 la protection les d\u00e9fenseurs de l&rsquo;environnement\",\"datePublished\":\"2016-11-11T16:07:49+00:00\",\"dateModified\":\"2023-10-13T15:10:14+00:00\",\"mainEntityOfPage\":{\"@id\":\"https:\\\/\\\/350.org\\\/fr\\\/cop22-appel-a-la-reconnaissance-et-a-la-protection-les-defenseurs-de-lenvironnement\\\/\"},\"wordCount\":751,\"commentCount\":0,\"image\":{\"@id\":\"https:\\\/\\\/350.org\\\/fr\\\/cop22-appel-a-la-reconnaissance-et-a-la-protection-les-defenseurs-de-lenvironnement\\\/#primaryimage\"},\"thumbnailUrl\":\"https:\\\/\\\/350.org\\\/fr\\\/wp-content\\\/uploads\\\/sites\\\/13\\\/2016\\\/11\\\/FR_cop22-envdefenders-email-image.jpg\",\"articleSection\":[\"Climate Impacts\",\"Climate Justice\",\"Featured\",\"Global\",\"KIITG\"],\"inLanguage\":\"fr-FR\",\"potentialAction\":[{\"@type\":\"CommentAction\",\"name\":\"Comment\",\"target\":[\"https:\\\/\\\/350.org\\\/fr\\\/cop22-appel-a-la-reconnaissance-et-a-la-protection-les-defenseurs-de-lenvironnement\\\/#respond\"]}]},{\"@type\":\"WebPage\",\"@id\":\"https:\\\/\\\/350.org\\\/fr\\\/cop22-appel-a-la-reconnaissance-et-a-la-protection-les-defenseurs-de-lenvironnement\\\/\",\"url\":\"https:\\\/\\\/350.org\\\/fr\\\/cop22-appel-a-la-reconnaissance-et-a-la-protection-les-defenseurs-de-lenvironnement\\\/\",\"name\":\"COP22 : appel \u00e0 la reconnaissance et \u00e0 la protection les d\u00e9fenseurs de l'environnement - 350 Fran\u00e7ais\",\"isPartOf\":{\"@id\":\"https:\\\/\\\/350.org\\\/fr\\\/#website\"},\"primaryImageOfPage\":{\"@id\":\"https:\\\/\\\/350.org\\\/fr\\\/cop22-appel-a-la-reconnaissance-et-a-la-protection-les-defenseurs-de-lenvironnement\\\/#primaryimage\"},\"image\":{\"@id\":\"https:\\\/\\\/350.org\\\/fr\\\/cop22-appel-a-la-reconnaissance-et-a-la-protection-les-defenseurs-de-lenvironnement\\\/#primaryimage\"},\"thumbnailUrl\":\"https:\\\/\\\/350.org\\\/fr\\\/wp-content\\\/uploads\\\/sites\\\/13\\\/2016\\\/11\\\/FR_cop22-envdefenders-email-image.jpg\",\"datePublished\":\"2016-11-11T16:07:49+00:00\",\"dateModified\":\"2023-10-13T15:10:14+00:00\",\"author\":{\"@id\":\"https:\\\/\\\/350.org\\\/fr\\\/#\\\/schema\\\/person\\\/0632d7eab67421462b6ff196d89cb5a7\"},\"breadcrumb\":{\"@id\":\"https:\\\/\\\/350.org\\\/fr\\\/cop22-appel-a-la-reconnaissance-et-a-la-protection-les-defenseurs-de-lenvironnement\\\/#breadcrumb\"},\"inLanguage\":\"fr-FR\",\"potentialAction\":[{\"@type\":\"ReadAction\",\"target\":[\"https:\\\/\\\/350.org\\\/fr\\\/cop22-appel-a-la-reconnaissance-et-a-la-protection-les-defenseurs-de-lenvironnement\\\/\"]}]},{\"@type\":\"ImageObject\",\"inLanguage\":\"fr-FR\",\"@id\":\"https:\\\/\\\/350.org\\\/fr\\\/cop22-appel-a-la-reconnaissance-et-a-la-protection-les-defenseurs-de-lenvironnement\\\/#primaryimage\",\"url\":\"https:\\\/\\\/350.org\\\/fr\\\/wp-content\\\/uploads\\\/sites\\\/13\\\/2016\\\/11\\\/FR_cop22-envdefenders-email-image.jpg\",\"contentUrl\":\"https:\\\/\\\/350.org\\\/fr\\\/wp-content\\\/uploads\\\/sites\\\/13\\\/2016\\\/11\\\/FR_cop22-envdefenders-email-image.jpg\",\"width\":3000,\"height\":1875},{\"@type\":\"BreadcrumbList\",\"@id\":\"https:\\\/\\\/350.org\\\/fr\\\/cop22-appel-a-la-reconnaissance-et-a-la-protection-les-defenseurs-de-lenvironnement\\\/#breadcrumb\",\"itemListElement\":[{\"@type\":\"ListItem\",\"position\":1,\"name\":\"Home\",\"item\":\"https:\\\/\\\/350.org\\\/fr\\\/\"},{\"@type\":\"ListItem\",\"position\":2,\"name\":\"COP22 : appel \u00e0 la reconnaissance et \u00e0 la protection les d\u00e9fenseurs de l&#8217;environnement\"}]},{\"@type\":\"WebSite\",\"@id\":\"https:\\\/\\\/350.org\\\/fr\\\/#website\",\"url\":\"https:\\\/\\\/350.org\\\/fr\\\/\",\"name\":\"350 Fran\u00e7ais\",\"description\":\"\",\"potentialAction\":[{\"@type\":\"SearchAction\",\"target\":{\"@type\":\"EntryPoint\",\"urlTemplate\":\"https:\\\/\\\/350.org\\\/fr\\\/?s={search_term_string}\"},\"query-input\":{\"@type\":\"PropertyValueSpecification\",\"valueRequired\":true,\"valueName\":\"search_term_string\"}}],\"inLanguage\":\"fr-FR\"},{\"@type\":\"Person\",\"@id\":\"https:\\\/\\\/350.org\\\/fr\\\/#\\\/schema\\\/person\\\/0632d7eab67421462b6ff196d89cb5a7\",\"name\":\"D\u00e9bora Gastal\",\"image\":{\"@type\":\"ImageObject\",\"inLanguage\":\"fr-FR\",\"@id\":\"https:\\\/\\\/350.org\\\/wp-content\\\/uploads\\\/2024\\\/11\\\/cropped-foto-De-baixa-scaled-1-96x96.jpg\",\"url\":\"https:\\\/\\\/350.org\\\/wp-content\\\/uploads\\\/2024\\\/11\\\/cropped-foto-De-baixa-scaled-1-96x96.jpg\",\"contentUrl\":\"https:\\\/\\\/350.org\\\/wp-content\\\/uploads\\\/2024\\\/11\\\/cropped-foto-De-baixa-scaled-1-96x96.jpg\",\"caption\":\"D\u00e9bora Gastal\"},\"sameAs\":[\"https:\\\/\\\/www.instagram.com\\\/degastal\\\/?hl=en\",\"https:\\\/\\\/www.linkedin.com\\\/in\\\/deboragastal\\\/\",\"https:\\\/\\\/x.com\\\/deboragastal\"],\"url\":\"https:\\\/\\\/350.org\\\/fr\\\/author\\\/debora\\\/\"}]}<\/script>\n<!-- \/ Yoast SEO Premium plugin. -->","yoast_head_json":{"title":"COP22 : appel \u00e0 la reconnaissance et \u00e0 la protection les d\u00e9fenseurs de l'environnement - 350 Fran\u00e7ais","robots":{"index":"index","follow":"follow","max-snippet":"max-snippet:-1","max-image-preview":"max-image-preview:large","max-video-preview":"max-video-preview:-1"},"canonical":"https:\/\/350.org\/fr\/cop22-appel-a-la-reconnaissance-et-a-la-protection-les-defenseurs-de-lenvironnement\/","og_locale":"fr_FR","og_type":"article","og_title":"COP22 : appel \u00e0 la reconnaissance et \u00e0 la protection les d\u00e9fenseurs de l'environnement","og_description":"En 2015, au moins trois d\u00e9fenseur.e.s de l&rsquo;environnement ont \u00e9t\u00e9 tu\u00e9s chaque semaine, tandis que des centaines d&rsquo;autres ont subi...","og_url":"https:\/\/350.org\/fr\/cop22-appel-a-la-reconnaissance-et-a-la-protection-les-defenseurs-de-lenvironnement\/","og_site_name":"350 Fran\u00e7ais","article_published_time":"2016-11-11T16:07:49+00:00","article_modified_time":"2023-10-13T15:10:14+00:00","og_image":[{"width":3000,"height":1875,"url":"https:\/\/350.org\/fr\/wp-content\/uploads\/sites\/13\/2016\/11\/FR_cop22-envdefenders-email-image.jpg","type":"image\/jpeg"}],"author":"D\u00e9bora Gastal","twitter_card":"summary_large_image","twitter_creator":"@deboragastal","twitter_misc":{"\u00c9crit par":"D\u00e9bora Gastal","Dur\u00e9e de lecture estim\u00e9e":"4 minutes"},"schema":{"@context":"https:\/\/schema.org","@graph":[{"@type":"Article","@id":"https:\/\/350.org\/fr\/cop22-appel-a-la-reconnaissance-et-a-la-protection-les-defenseurs-de-lenvironnement\/#article","isPartOf":{"@id":"https:\/\/350.org\/fr\/cop22-appel-a-la-reconnaissance-et-a-la-protection-les-defenseurs-de-lenvironnement\/"},"author":{"name":"D\u00e9bora Gastal","@id":"https:\/\/350.org\/fr\/#\/schema\/person\/0632d7eab67421462b6ff196d89cb5a7"},"headline":"COP22 : appel \u00e0 la reconnaissance et \u00e0 la protection les d\u00e9fenseurs de l&rsquo;environnement","datePublished":"2016-11-11T16:07:49+00:00","dateModified":"2023-10-13T15:10:14+00:00","mainEntityOfPage":{"@id":"https:\/\/350.org\/fr\/cop22-appel-a-la-reconnaissance-et-a-la-protection-les-defenseurs-de-lenvironnement\/"},"wordCount":751,"commentCount":0,"image":{"@id":"https:\/\/350.org\/fr\/cop22-appel-a-la-reconnaissance-et-a-la-protection-les-defenseurs-de-lenvironnement\/#primaryimage"},"thumbnailUrl":"https:\/\/350.org\/fr\/wp-content\/uploads\/sites\/13\/2016\/11\/FR_cop22-envdefenders-email-image.jpg","articleSection":["Climate Impacts","Climate Justice","Featured","Global","KIITG"],"inLanguage":"fr-FR","potentialAction":[{"@type":"CommentAction","name":"Comment","target":["https:\/\/350.org\/fr\/cop22-appel-a-la-reconnaissance-et-a-la-protection-les-defenseurs-de-lenvironnement\/#respond"]}]},{"@type":"WebPage","@id":"https:\/\/350.org\/fr\/cop22-appel-a-la-reconnaissance-et-a-la-protection-les-defenseurs-de-lenvironnement\/","url":"https:\/\/350.org\/fr\/cop22-appel-a-la-reconnaissance-et-a-la-protection-les-defenseurs-de-lenvironnement\/","name":"COP22 : appel \u00e0 la reconnaissance et \u00e0 la protection les d\u00e9fenseurs de l'environnement - 350 Fran\u00e7ais","isPartOf":{"@id":"https:\/\/350.org\/fr\/#website"},"primaryImageOfPage":{"@id":"https:\/\/350.org\/fr\/cop22-appel-a-la-reconnaissance-et-a-la-protection-les-defenseurs-de-lenvironnement\/#primaryimage"},"image":{"@id":"https:\/\/350.org\/fr\/cop22-appel-a-la-reconnaissance-et-a-la-protection-les-defenseurs-de-lenvironnement\/#primaryimage"},"thumbnailUrl":"https:\/\/350.org\/fr\/wp-content\/uploads\/sites\/13\/2016\/11\/FR_cop22-envdefenders-email-image.jpg","datePublished":"2016-11-11T16:07:49+00:00","dateModified":"2023-10-13T15:10:14+00:00","author":{"@id":"https:\/\/350.org\/fr\/#\/schema\/person\/0632d7eab67421462b6ff196d89cb5a7"},"breadcrumb":{"@id":"https:\/\/350.org\/fr\/cop22-appel-a-la-reconnaissance-et-a-la-protection-les-defenseurs-de-lenvironnement\/#breadcrumb"},"inLanguage":"fr-FR","potentialAction":[{"@type":"ReadAction","target":["https:\/\/350.org\/fr\/cop22-appel-a-la-reconnaissance-et-a-la-protection-les-defenseurs-de-lenvironnement\/"]}]},{"@type":"ImageObject","inLanguage":"fr-FR","@id":"https:\/\/350.org\/fr\/cop22-appel-a-la-reconnaissance-et-a-la-protection-les-defenseurs-de-lenvironnement\/#primaryimage","url":"https:\/\/350.org\/fr\/wp-content\/uploads\/sites\/13\/2016\/11\/FR_cop22-envdefenders-email-image.jpg","contentUrl":"https:\/\/350.org\/fr\/wp-content\/uploads\/sites\/13\/2016\/11\/FR_cop22-envdefenders-email-image.jpg","width":3000,"height":1875},{"@type":"BreadcrumbList","@id":"https:\/\/350.org\/fr\/cop22-appel-a-la-reconnaissance-et-a-la-protection-les-defenseurs-de-lenvironnement\/#breadcrumb","itemListElement":[{"@type":"ListItem","position":1,"name":"Home","item":"https:\/\/350.org\/fr\/"},{"@type":"ListItem","position":2,"name":"COP22 : appel \u00e0 la reconnaissance et \u00e0 la protection les d\u00e9fenseurs de l&#8217;environnement"}]},{"@type":"WebSite","@id":"https:\/\/350.org\/fr\/#website","url":"https:\/\/350.org\/fr\/","name":"350 Fran\u00e7ais","description":"","potentialAction":[{"@type":"SearchAction","target":{"@type":"EntryPoint","urlTemplate":"https:\/\/350.org\/fr\/?s={search_term_string}"},"query-input":{"@type":"PropertyValueSpecification","valueRequired":true,"valueName":"search_term_string"}}],"inLanguage":"fr-FR"},{"@type":"Person","@id":"https:\/\/350.org\/fr\/#\/schema\/person\/0632d7eab67421462b6ff196d89cb5a7","name":"D\u00e9bora Gastal","image":{"@type":"ImageObject","inLanguage":"fr-FR","@id":"https:\/\/350.org\/wp-content\/uploads\/2024\/11\/cropped-foto-De-baixa-scaled-1-96x96.jpg","url":"https:\/\/350.org\/wp-content\/uploads\/2024\/11\/cropped-foto-De-baixa-scaled-1-96x96.jpg","contentUrl":"https:\/\/350.org\/wp-content\/uploads\/2024\/11\/cropped-foto-De-baixa-scaled-1-96x96.jpg","caption":"D\u00e9bora Gastal"},"sameAs":["https:\/\/www.instagram.com\/degastal\/?hl=en","https:\/\/www.linkedin.com\/in\/deboragastal\/","https:\/\/x.com\/deboragastal"],"url":"https:\/\/350.org\/fr\/author\/debora\/"}]}},"_links":{"self":[{"href":"https:\/\/350.org\/fr\/wp-json\/wp\/v2\/posts\/131837","targetHints":{"allow":["GET"]}}],"collection":[{"href":"https:\/\/350.org\/fr\/wp-json\/wp\/v2\/posts"}],"about":[{"href":"https:\/\/350.org\/fr\/wp-json\/wp\/v2\/types\/post"}],"author":[{"embeddable":true,"href":"https:\/\/350.org\/fr\/wp-json\/wp\/v2\/users\/10012012"}],"replies":[{"embeddable":true,"href":"https:\/\/350.org\/fr\/wp-json\/wp\/v2\/comments?post=131837"}],"version-history":[{"count":0,"href":"https:\/\/350.org\/fr\/wp-json\/wp\/v2\/posts\/131837\/revisions"}],"wp:featuredmedia":[{"embeddable":true,"href":"https:\/\/350.org\/fr\/wp-json\/wp\/v2\/media\/131838"}],"wp:attachment":[{"href":"https:\/\/350.org\/fr\/wp-json\/wp\/v2\/media?parent=131837"}],"wp:term":[{"taxonomy":"category","embeddable":true,"href":"https:\/\/350.org\/fr\/wp-json\/wp\/v2\/categories?post=131837"},{"taxonomy":"post_tag","embeddable":true,"href":"https:\/\/350.org\/fr\/wp-json\/wp\/v2\/tags?post=131837"}],"curies":[{"name":"wp","href":"https:\/\/api.w.org\/{rel}","templated":true}]}}