{"id":133370,"date":"2018-05-17T23:06:24","date_gmt":"2018-05-17T23:06:24","guid":{"rendered":"https:\/\/350.org\/fr\/?p=133370"},"modified":"2023-10-13T14:12:05","modified_gmt":"2023-10-13T14:12:05","slug":"sept-luttes-emblematiques-pour-laisser-les-combustibles-fossiles-sous-terre","status":"publish","type":"post","link":"https:\/\/350.org\/fr\/sept-luttes-emblematiques-pour-laisser-les-combustibles-fossiles-sous-terre\/","title":{"rendered":"Sept luttes embl\u00e9matiques pour laisser les combustibles fossiles sous terre"},"content":{"rendered":"<p>Malgr\u00e9 l&rsquo;urgence de la crise climatique, l&rsquo;industrie fossile et ses soutiens financiers continuent de soutenir de nouveaux projets visant \u00e0 extraire, transporter et br\u00fbler du charbon, du p\u00e9trole et du gaz. Ces projets sont non seulement une menace pour les citoyen.ne.s qui s&rsquo;y opposent, mais ils nous obligent \u00e0 recourir aux combustibles fossiles pendant encore des dizaines d&rsquo;ann\u00e9es, alors qu&rsquo;il est urgent d&rsquo;en sortir.\u00a0<strong> Quand on est au fond du trou, il faut arr\u00eater de creuser !<\/strong><\/p>\n<p>L&rsquo;industrie fossile poss\u00e8de une envergure mondiale, mais, heureusement, ses opposants sont \u00e9galement pr\u00e9sents dans le monde entier. D\u00e9couvrez comment vous pouvez soutenir les sept luttes qui se d\u00e9roulent <em>en ce moment m\u00eame<\/em> pour laisser les combustibles fossiles sous terre.<\/p>\n<hr \/>\n<h1><\/h1>\n<h1>Kinder Morgan<\/h1>\n<p>Dans l&rsquo;Ouest canadien, la r\u00e9sistance des populations situ\u00e9es en premi\u00e8re ligne (et les actions de solidarit\u00e9 au Canada et dans le monde entier) a permis de freiner les projets d&rsquo;expansion du pipeline Trans Mountain de Kinder Morgan. Le 10 mars, plus de 10\u00a0000 personnes sont descendues dans les rues de Burnaby, au Canada, ce qui constitue la plus forte mobilisation \u00e0 ce jour contre Kinder Morgan. La manifestation \u00e9tait organis\u00e9e en solidarit\u00e9 avec les leaders autochtones qui ont construit un <a href=\"https:\/\/protecttheinlet.ca\/structure\/\">\u00ab\u00a0poste de surveillance\u00a0\u00bb<\/a> \u2013 une structure traditionnelle utilis\u00e9e pendant des g\u00e9n\u00e9rations par le peuple autochtone des Salish de la c\u00f4te pour surveiller les ennemis &#8211; sur le trac\u00e9 du pipeline \u00e0 Burnaby Mountain.<\/p>\n<p>Plus de <a href=\"https:\/\/medium.com\/@350Canada\/history-has-been-made-442adf6a8401\">200 personnes ont \u00e9t\u00e9 arr\u00eat\u00e9es depuis lors sur le terminal du pipeline<\/a> \u00e0 Burnaby Mountain, lors d&rsquo;actions men\u00e9es par des militant.e.s autochtones, des \u00e9tudiant.e.s, des grands-parents et de nombreuses autres personnes, dont deux d\u00e9put\u00e9.e.s en exercice au parlement, qui se sont r\u00e9solument engag\u00e9.e.s \u00e0 s&rsquo;opposer \u00e0 Kinder Morgan pour prot\u00e9ger la terre, l&rsquo;eau et le climat.<\/p>\n<p><iframe loading=\"lazy\" src=\"https:\/\/www.youtube.com\/embed\/frm64INKOMw?rel=0\" width=\"660\" height=\"415\" frameborder=\"0\" allowfullscreen=\"allowfullscreen\"><\/iframe><\/p>\n<p>En raison de la multiplication de ces actions, Kinder Morgan a perdu la confiance des investisseurs et s&rsquo;est vu oblig\u00e9 d&rsquo;arr\u00eater le chantier de pipeline. La soci\u00e9t\u00e9 s&rsquo;est maintenant fix\u00e9 la date butoir du 31 mai pour d\u00e9cider du destin du pipeline, mais les choses ne se pr\u00e9sentent pas sous les meilleurs auspices pour le projet et m\u00eame le PDG admet que le projet est \u00abintenable\u00a0\u00bb. Cependant, le Premier ministre canadien Justin Trudeau est pr\u00eat \u00e0 injecter des milliards d&rsquo;argent public pour forcer la construction du pipeline, quel qu&rsquo;en soit le prix, <a href=\"https:\/\/medium.com\/@350Canada\/this-is-our-moment-to-stop-kinder-morgan-heres-how-we-think-we-can-do-it-fda5649dd84c\">malgr\u00e9 l&rsquo;opposition des communaut\u00e9s autochtones et du gouvernement de la province de Colombie-Britannique.<\/a><\/p>\n<p>Comme des citoyen.ne.s du pays tout entier trouvent cette d\u00e9cision inacceptable, ils s&rsquo;opposent \u00e0 ce renflouement d&rsquo;un montant de plusieurs milliards de dollars du pipeline qui est propos\u00e9 par Justin Trudeau et montrent au gouvernement que la construction de ce pipeline constitue un risque politique majeur.<\/p>\n<p>Si vous \u00eates au Canada, vous pouvez trouver une action pr\u00e8s de chez vous ou vous inscrire pour cr\u00e9er un \u00e9v\u00e9nement l\u00e0 o\u00f9 vous vivez <a href=\"https:\/\/350.org\/real-climate-action\/\">sur le site web des citoyen.ne.s oppos\u00e9.e.s \u00e0 Kinder Morgan.<\/a><\/p>\n<p>Vous pouvez \u00e9galement soutenir la lutte \u00e0 distance. Kinder Morgan a en effet engag\u00e9 de nombreuses poursuites judiciaires et une proc\u00e8s-b\u00e2illon contre les 200 personnes arr\u00eat\u00e9es \u00e0 Burnaby Mountain. Si vous le pouvez, <a href=\"https:\/\/stopkmlegalfund.org\/\">merci de faire un don \u00e0 la caisse servant \u00e0 payer les frais de justice<\/a> de ces personnes.<\/p>\n<h1><\/h1>\n<hr \/>\n<h1>Save Lamu<\/h1>\n<p>Un mouvement pour le climat est n\u00e9 en Afrique de l&rsquo;Est en opposition \u00e0 la construction d&rsquo;une centrale \u00e0 charbon au Kenya dans une magnifique zone c\u00f4ti\u00e8re prot\u00e9g\u00e9e par l&rsquo;UNESCO et il s&rsquo;est \u00e9tendu au-del\u00e0 de cette r\u00e9gion. Le projet de Lamu, qui serait la premi\u00e8re centrale \u00e0 charbon du continent hors d&rsquo;Afrique du Sud, repr\u00e9sente une menace sociale et environnementale majeure pour les populations locales. De plus, il constituerait un pr\u00e9c\u00e9dent dangereux pour le Kenya et les autres pays africains, ouvrant la voie \u00e0 un d\u00e9veloppement du charbon, alors qu&rsquo;il n&rsquo;a jamais \u00e9t\u00e9 aussi urgent d&rsquo;abandonner cette \u00e9nergie.<\/p>\n<p>Malgr\u00e9 les tentatives d\u00e9lib\u00e9r\u00e9es visant \u00e0 exclure les populations locales des consultations publiques, le mouvement <a href=\"https:\/\/www.savelamu.org\/\">Save Lamu<\/a> et ses partenaires continuent de s&rsquo;opposer \u00e0 la construction de cette centrale avec le soutien d&rsquo;alli\u00e9s aux plans national et international. Les populations locales ont exprim\u00e9 de vives inqui\u00e9tudes qu&rsquo;elles ont r\u00e9ussi \u00e0 porter devant la justice k\u00e9nyane gr\u00e2ce \u00e0 une forte mobilisation sur le terrain et \u00e0 la cr\u00e9ation de r\u00e9seaux d&rsquo;opposition qui ont abouti \u00e0 la formation du mouvement national anti-charbon et pro-\u00e9nergies renouvelables <a href=\"https:\/\/www.decoalonize.org\/\">deCOALonize.org.<\/a><\/p>\n<p><iframe loading=\"lazy\" src=\"https:\/\/www.youtube.com\/embed\/vRrwYOiDABc?rel=0\" width=\"660\" height=\"415\" frameborder=\"0\" allowfullscreen=\"allowfullscreen\"><\/iframe><\/p>\n<p>&nbsp;<\/p>\n<p>La lutte continue. Le 30 avril, la Cour supr\u00eame du Kenya a rendu un arr\u00eat capital sur les droits des populations locales et des p\u00eacheurs concernant les projets de d\u00e9veloppement. <a href=\"https:\/\/decoalonise.africa\/\">Et le 25 mai, c&rsquo;est une journ\u00e9e d&rsquo;actions coordonn\u00e9es, intitul\u00e9e Break Free (\u00ab Lib\u00e9rons-nous \u00bb), qui se tiendra dans toute l&rsquo;Afrique<\/a> pour montrer le caract\u00e8re embl\u00e9matique de la lutte de Lamu dans le cadre d&rsquo;un mouvement plus large visant \u00e0 remplacer le charbon par des solutions renouvelables, afin de r\u00e9pondre aux probl\u00e8mes de pr\u00e9carit\u00e9 \u00e9nerg\u00e9tique et de pauvret\u00e9 et d&rsquo;aider les populations \u00e0 devenir plus r\u00e9silientes.<\/p>\n<p>&nbsp;<\/p>\n<hr \/>\n<h1>Bayou Bridge<\/h1>\n<p><a href=\"https:\/\/medium.com\/@350\/a-battle-for-life-and-water-in-southern-louisiana-ddcc31a0882\">L\u2019eau est la Vie<\/a> est un camp d&rsquo;opposant.e.s implant\u00e9 dans le sud de la Louisiane aux \u00c9tats-Unis qui gagne de l&rsquo;ampleur depuis novembre 2017. Il organise une r\u00e9sistance continue contre Bayou Bridge, un projet de pipeline d&rsquo;une longueur de 260 km qui doit traverser plus de 700 cours et \u00e9tendues d&rsquo;eau. Energy Transfer Partners, la soci\u00e9t\u00e9 qui porte le projet et qui est d\u00e9j\u00e0 responsable de la construction du pipeline Dakota Access, poss\u00e8de le pire bilan environnemental du pays. En plus des effets du d\u00e9r\u00e8glement climatique qui sont d\u00e9j\u00e0 bien r\u00e9els dans la r\u00e9gion, ce projet constitue une menace pour les zones humides de Louisiane et les populations qui y ont prosp\u00e9r\u00e9 depuis des g\u00e9n\u00e9rations.<\/p>\n<p>Heureusement, des citoyen.ne.s de la r\u00e9gion s&rsquo;organisent pour alerter leurs voisins \u00e0 propos du projet et s&rsquo;opposer \u00e0 sa r\u00e9alisation. Il y a deux mois, un juge a ordonn\u00e9 l&rsquo;arr\u00eat des travaux dans la zone sensible du bassin d&rsquo;Atchafalaya et une action en justice a \u00e9t\u00e9 lanc\u00e9e contre le permis accord\u00e9 au projet par les autorit\u00e9s f\u00e9d\u00e9rales. Des groupes de d\u00e9fense de l&rsquo;environnement ont \u00e9galement entam\u00e9 des poursuites judiciaires \u00e0 l&rsquo;encontre du Corps des ing\u00e9nieurs de l&rsquo;arm\u00e9e des \u00c9tats-Unis pour violation de la loi f\u00e9d\u00e9rale sur l&rsquo;eau lors de l&rsquo;octroi du permis de construction du pipeline. Mais le chantier se poursuit alors que la d\u00e9cision concernant cette injonction est encore en suspens. Cette semaine, un juge de Louisiane a d\u00e9clar\u00e9 que l&rsquo;\u00c9tat <a href=\"https:\/\/thinkprogress.org\/ruling-louisiana-bayou-bridge-pipeline-impact-black-residents-33ef6eede994\/\">avait viol\u00e9 la loi relevant de sa juridiction<\/a> en accordant un permis c\u00f4tier de construction du pipeline Bayou Bridge sans tenir compte des r\u00e9percussions sur la sant\u00e9 et sur la s\u00e9curit\u00e9 de la population majoritairement afro-am\u00e9ricaine de St James.<\/p>\n<p><iframe loading=\"lazy\" src=\"https:\/\/www.youtube.com\/embed\/L09F1l0anfs?rel=0\" width=\"660\" height=\"415\" frameborder=\"0\" allowfullscreen=\"allowfullscreen\"><\/iframe><\/p>\n<p>Vous pouvez suivre la mobilisation et <a href=\"https:\/\/www.facebook.com\/LeauEstLaVie\/\">apporter votre soutien \u00e0 la lutte ici.<\/a><\/p>\n<p>&nbsp;<\/p>\n<hr \/>\n<h1>Line 3<\/h1>\n<p><a href=\"https:\/\/www.stopline3.org\/\">Line 3 est un projet de pipeline<\/a> visant \u00e0 acheminer du p\u00e9trole brut depuis les sables bitumineux de l&rsquo;Alberta au Canada vers Superior, dans l&rsquo;\u00c9tat du Wisconsin aux \u00c9tats-Unis. M\u00eame si Enbridge, l&rsquo;entreprise \u00e0 l&rsquo;origine du projet, essaye de le faire passer pour un pipeline de \u00ab\u00a0remplacement\u00a0\u00bb, il s&rsquo;agit d&rsquo;un chantier d&rsquo;expansion de grande ampleur qui traverserait directement les territoires de peuples autochtones, en violation des droits issus de trait\u00e9s, et qui repr\u00e9sente une menace directe pour l&rsquo;eau, la terre et le mode de vie des populations locales. L&rsquo;objectif d&rsquo;Enbridge est d&rsquo;exporter plus de 750\u00a0000\u00a0barils de p\u00e9trole par an pendant 30\u00a0ans, un prix \u00e0 payer insupportable pour les populations locales comme pour le climat.<\/p>\n<p>Cette vid\u00e9o de juillet 2017 pr\u00e9sente le probl\u00e8me de mani\u00e8re d\u00e9taill\u00e9e.<\/p>\n<p><iframe loading=\"lazy\" style=\"border: none; overflow: hidden;\" src=\"https:\/\/web.facebook.com\/plugins\/video.php?href=https%3A%2F%2Fweb.facebook.com%2FStopLine3%2Fvideos%2F1861201910867390%2F&amp;show_text=0&amp;width=560\" width=\"660\" height=\"315\" frameborder=\"0\" scrolling=\"no\" allowfullscreen=\"allowfullscreen\"><span data-mce-type=\"bookmark\" style=\"display: inline-block; width: 0px; overflow: hidden; line-height: 0;\" class=\"mce_SELRES_start\">\ufeff<\/span><\/iframe><\/p>\n<p>Ce pipeline se heurte \u00e0 une farouche opposition au Canada et aux \u00c9tats-Unis depuis 2012, date \u00e0 laquelle le projet a \u00e9t\u00e9 soumis initialement. R\u00e9cemment, <a href=\"https:\/\/350.org\/major-news-on-line-3\/\">le lundi 23 avril, un juge s&rsquo;est oppos\u00e9 au trac\u00e9 privil\u00e9gi\u00e9<\/a>, d\u00e9clarant que le projet ne peut \u00eatre approuv\u00e9 que s&rsquo;il satisfaisait \u00e0 17\u00a0conditions.<\/p>\n<p>Cependant, la lutte est loin d&rsquo;\u00eatre termin\u00e9e. Les populations directement touch\u00e9es pr\u00e9parent une <a href=\"https:\/\/www.facebook.com\/events\/221343581932989\/\">grande mobilisation dans le Minnesota les 18 et 19 mai<\/a> et invitent les gens de la r\u00e9gion \u00e0 les rejoindre.<\/p>\n<p>&nbsp;<\/p>\n<hr \/>\n<h1><strong>Fracturation hydraulique au Br\u00e9s<\/strong>il<\/h1>\n<p>Au Br\u00e9sil, une <a href=\"https:\/\/naofrackingbrasil.com.br\/\">coalition de groupes<\/a> se mobilise pour r\u00e9sister \u00e0 la fracturation hydraulique dans le pays depuis 2012. L&rsquo;une de leurs tactiques consiste \u00e0 protester lors des ench\u00e8res nationales, au cours desquelles le gouvernement organise la vente de terres aux grandes entreprises p\u00e9troli\u00e8res pour qu&rsquo;elles extraient du p\u00e9trole et du gaz. <a href=\"https:\/\/350.org\/keep-in-the-ground-brazil\/\">\u00c0 l&rsquo;ouverture des derni\u00e8res ench\u00e8res qui ont \u00e9t\u00e9 organis\u00e9es<\/a>, des militant.e.s venu.e.s de tous les \u00c9tats du Br\u00e9sil ont vigoureusement d\u00e9nonc\u00e9 la menace que repr\u00e9sente le d\u00e9veloppement de l&rsquo;utilisation de combustibles fossiles pour leurs communaut\u00e9s, ainsi que les risques suppl\u00e9mentaires li\u00e9s aux techniques d&rsquo;extraction dangereuses telles que la fracturation hydraulique. Suite \u00e0 cette action, aucune terre n&rsquo;a \u00e9t\u00e9 vendue, ce qui signifie que l&rsquo;\u00e9quivalent de 3,2\u00a0milliards de barils de p\u00e9trole et de 1,1 milliard de tonnes de dioxyde de carbone sont rest\u00e9s dans le sol. Les prochaines ench\u00e8res, qui ne concernent cette fois que des zones offshore, sont pr\u00e9vues le 7 juin et des militant.e.s ont pr\u00e9vu de se manifester \u00e0 nouveau pour que les combustibles fossiles restent sous terre.<\/p>\n<img loading=\"lazy\" decoding=\"async\" class=\"aligncenter wp-image-133371 size-large\" src=\"https:\/\/350.org\/fr\/wp-content\/uploads\/sites\/13\/2018\/05\/DSC_0065-1024x678.jpg\" alt=\"\" width=\"1024\" height=\"678\" srcset=\"https:\/\/350.org\/fr\/wp-content\/uploads\/sites\/13\/2018\/05\/DSC_0065-1024x678.jpg 1024w, https:\/\/350.org\/fr\/wp-content\/uploads\/sites\/13\/2018\/05\/DSC_0065-225x150.jpg 225w, https:\/\/350.org\/fr\/wp-content\/uploads\/sites\/13\/2018\/05\/DSC_0065-300x199.jpg 300w, https:\/\/350.org\/fr\/wp-content\/uploads\/sites\/13\/2018\/05\/DSC_0065-768x509.jpg 768w, https:\/\/350.org\/fr\/wp-content\/uploads\/sites\/13\/2018\/05\/DSC_0065-430x285.jpg 430w, https:\/\/350.org\/fr\/wp-content\/uploads\/sites\/13\/2018\/05\/DSC_0065-20x13.jpg 20w, https:\/\/350.org\/fr\/wp-content\/uploads\/sites\/13\/2018\/05\/DSC_0065-1208x800.jpg 1208w\" sizes=\"auto, (max-width: 1024px) 100vw, 1024px\" \/>\n<img loading=\"lazy\" decoding=\"async\" class=\"aligncenter size-large wp-image-133371\" src=\"https:\/\/350.org\/fr\/fr\/wp-content\/uploads\/sites\/13\/2018\/05\/DSC_0065-1024x678.jpg\" alt=\"\" width=\"1024\" height=\"678\" srcset=\"https:\/\/350.org\/fr\/wp-content\/uploads\/sites\/13\/2018\/05\/DSC_0065-1024x678.jpg 1024w, https:\/\/350.org\/fr\/wp-content\/uploads\/sites\/13\/2018\/05\/DSC_0065-225x150.jpg 225w, https:\/\/350.org\/fr\/wp-content\/uploads\/sites\/13\/2018\/05\/DSC_0065-300x199.jpg 300w, https:\/\/350.org\/fr\/wp-content\/uploads\/sites\/13\/2018\/05\/DSC_0065-768x509.jpg 768w, https:\/\/350.org\/fr\/wp-content\/uploads\/sites\/13\/2018\/05\/DSC_0065-430x285.jpg 430w, https:\/\/350.org\/fr\/wp-content\/uploads\/sites\/13\/2018\/05\/DSC_0065-20x13.jpg 20w, https:\/\/350.org\/fr\/wp-content\/uploads\/sites\/13\/2018\/05\/DSC_0065-1208x800.jpg 1208w\" sizes=\"auto, (max-width: 1024px) 100vw, 1024px\" \/>\n<p>&nbsp;<\/p>\n<p>Les mouvements citoyens de militant.e.s soutiennent les leaders des peuples autochtones <a href=\"https:\/\/350.org\/marching-for-free-lands\/\">qui luttent pour d\u00e9fendre leurs droits et leurs territoires<\/a> en r\u00e9sistant \u00e0 la fracturation hydraulique sur leurs terres. Cette pratique a d\u00e9j\u00e0 \u00e9t\u00e9 interdite par 380 municipalit\u00e9s au Br\u00e9sil. La coalition a maintenant pour objectif une interdiction totale \u00e0 l&rsquo;\u00e9chelle nationale, comme c&rsquo;est le cas dans de nombreux autres pays dans le monde. Le mouvement s&rsquo;\u00e9tend \u00e9galement en Argentine, en Uruguay et au Paraguay, laissant esp\u00e9rer que la fracturation hydraulique finira par \u00eatre interdite dans toute l&rsquo;Am\u00e9rique latine.<\/p>\n<p>Vous pouvez soutenir leur action en utilisant le hashtag #Leil\u00e3oF\u00f3ssilN\u00e3o le 7 juin, date des prochaines ench\u00e8res. La solidarit\u00e9 internationale est une composante importante de la lutte. Il peut s&rsquo;av\u00e9rer tr\u00e8s utile de montrer que le monde entier s&rsquo;int\u00e9resse \u00e0 la situation.<\/p>\n<p>&nbsp;<\/p>\n<hr \/>\n<h1>#NoTAP<\/h1>\n<p>Le Trans-Adriatic Pipeline, ou TAP, fait partie du corridor gazier sud-europ\u00e9en, un gigantesque gazoduc de plus de 3\u00a0000\u00a0kilom\u00e8tres. Ce projet permettrait d&rsquo;acheminer du gaz, un combustible fossile polluant principalement compos\u00e9 de m\u00e9thane, depuis l&rsquo;Azerba\u00efdjan vers l&rsquo;Europe.<\/p>\n<p>Alors que la r\u00e9gion d&rsquo;extraction est le th\u00e9\u00e2tre de violations des droits de l&rsquo;homme, il est pr\u00e9vu que le pipeline traverse des zones maritimes et des centaines de villages. <a href=\"https:\/\/defundtap.org\/\">Dans toute l&rsquo;Europe, des militant.e.s s&rsquo;organisent<\/a> pour exprimer leur opposition \u00e0 ce pipeline, qui est d\u00e9j\u00e0 inutile m\u00eame au regard des conditions actuelles d&rsquo;approvisionnement en gaz. Les populations locales de Melendugno, San Foca et Lecce en Italie sont \u00e0 la pointe de la r\u00e9sistance, malgr\u00e9 la forte r\u00e9pression polici\u00e8re. Les maires de ces municipalit\u00e9s et des localit\u00e9s alentour ont officiellement exprim\u00e9 leur opposition au pipeline, mais le gouvernement national a d\u00e9cid\u00e9 de passer outre et d&rsquo;autoriser la construction. En novembre, la police a effectu\u00e9 un raid nocturne pour arr\u00eater les opposant.e.s au pipeline et permettre le d\u00e9but des travaux, en d\u00e9clarant la r\u00e9gion \u00ab\u00a0zone rouge\u00a0\u00bb.<\/p>\n<p>De plus, l&rsquo;Union europ\u00e9enne, par le biais de son organe sp\u00e9cialis\u00e9, la Banque europ\u00e9enne d&rsquo;investissement, a d\u00e9cid\u00e9 de soutenir ce projet climaticide. Apr\u00e8s avoir retard\u00e9 ses d\u00e9cisions \u00e0 plusieurs reprises, elle a accord\u00e9 au projet en f\u00e9vrier son pr\u00eat le plus important \u00e0 ce jour, qui s&rsquo;\u00e9l\u00e8ve \u00e0 1,5 milliard d&rsquo;euros d&rsquo;argent public. <a href=\"https:\/\/defundtap.org\/\">Mais le mouvement de r\u00e9sistance n&rsquo;a absolument pas disparu<\/a>. De nombreux autres financeurs doivent s&rsquo;engager pour que le pipeline devienne une r\u00e9alit\u00e9 et l&rsquo;opposition au projet n&rsquo;a jamais \u00e9t\u00e9 si forte qu&rsquo;aujourd&rsquo;hui. Voici un message d&rsquo;Elena de San Foca \u00e0 l&rsquo;attention d&rsquo;un des financeurs du projet, la banque Intensa\u00a0:<\/p>\n<p><iframe loading=\"lazy\" src=\"https:\/\/www.youtube.com\/embed\/AFIWdfobZDc?rel=0\" width=\"660\" height=\"415\" frameborder=\"0\" allowfullscreen=\"allowfullscreen\"><\/iframe><\/p>\n<p>&nbsp;<\/p>\n<hr \/>\n<h1>Stop Adani<\/h1>\n<p>La <a href=\"https:\/\/www.stopadani.com\/\">lutte #StopAdani<\/a> a mobilis\u00e9 des dizaines de milliers de personnes en Australie et dans le reste du monde. Le gigantesque projet de mine de charbon Carmichael dans l&rsquo;\u00c9tat du Queensland, situ\u00e9 dans le nord-est de l&rsquo;Australie, entra\u00eenerait la construction de la plus grande mine d&rsquo;Australie et de l&rsquo;une des plus grandes du monde. S&rsquo;il venait \u00e0 se concr\u00e9tiser, ce projet ouvrirait la voie au d\u00e9veloppement d&rsquo;autres mines dans cette r\u00e9gion actuellement peu d\u00e9velopp\u00e9e du bassin de Galil\u00e9e, dont le corridor d&rsquo;exportation passerait par la Grande barri\u00e8re de corail, d\u00e9j\u00e0 irr\u00e9m\u00e9diablement endommag\u00e9e par l&rsquo;augmentation de la temp\u00e9rature des oc\u00e9ans. L&rsquo;entreprise indienne Adani \u00e0 l&rsquo;origine du projet de mine est connue dans le monde entier pour ses pratiques d&rsquo;\u00e9vasion fiscale, de violation des droits de l&rsquo;homme et de m\u00e9pris des r\u00e9glementations environnementales. La volont\u00e9 affich\u00e9e par l&rsquo;entreprise de construire la mine malgr\u00e9 l&rsquo;\u00e9norme opposition publique dont elle fait l&rsquo;objet t\u00e9moigne de son m\u00e9pris du sort des peuples autochtones Wangan et Jagalingou, dont les terres ancestrales se trouvent sur les lieux du projet. Les principales banques australiennes et 24 \u00e9tablissements financiers parmi les plus importants dans le monde, tels que Bank of China, HSBC, Deutsche Bank et Morgan Stanley, ont refus\u00e9 de financer le projet Adani.<\/p>\n<img loading=\"lazy\" decoding=\"async\" class=\"size-large wp-image-133373\" src=\"https:\/\/350.org\/fr\/fr\/wp-content\/uploads\/sites\/13\/2018\/05\/Drone-Stop-Adani-Bondi-1024x576.jpg\" alt=\"\" width=\"1024\" height=\"576\" srcset=\"https:\/\/350.org\/fr\/wp-content\/uploads\/sites\/13\/2018\/05\/Drone-Stop-Adani-Bondi-1024x576.jpg 1024w, https:\/\/350.org\/fr\/wp-content\/uploads\/sites\/13\/2018\/05\/Drone-Stop-Adani-Bondi-225x126.jpg 225w, https:\/\/350.org\/fr\/wp-content\/uploads\/sites\/13\/2018\/05\/Drone-Stop-Adani-Bondi-300x169.jpg 300w, https:\/\/350.org\/fr\/wp-content\/uploads\/sites\/13\/2018\/05\/Drone-Stop-Adani-Bondi-768x432.jpg 768w, https:\/\/350.org\/fr\/wp-content\/uploads\/sites\/13\/2018\/05\/Drone-Stop-Adani-Bondi-430x242.jpg 430w, https:\/\/350.org\/fr\/wp-content\/uploads\/sites\/13\/2018\/05\/Drone-Stop-Adani-Bondi-20x11.jpg 20w, https:\/\/350.org\/fr\/wp-content\/uploads\/sites\/13\/2018\/05\/Drone-Stop-Adani-Bondi-1280x719.jpg 1280w, https:\/\/350.org\/fr\/wp-content\/uploads\/sites\/13\/2018\/05\/Drone-Stop-Adani-Bondi.jpg 2048w\" sizes=\"auto, (max-width: 1024px) 100vw, 1024px\" \/>\n<div id=\"attachment_133373\" style=\"width: 1034px\" class=\"wp-caption aligncenter\"><img loading=\"lazy\" decoding=\"async\" aria-describedby=\"caption-attachment-133373\" class=\"size-large wp-image-133373\" src=\"https:\/\/350.org\/fr\/wp-content\/uploads\/sites\/13\/2018\/05\/Drone-Stop-Adani-Bondi-1024x576.jpg\" alt=\"\" width=\"1024\" height=\"576\" srcset=\"https:\/\/350.org\/fr\/wp-content\/uploads\/sites\/13\/2018\/05\/Drone-Stop-Adani-Bondi-1024x576.jpg 1024w, https:\/\/350.org\/fr\/wp-content\/uploads\/sites\/13\/2018\/05\/Drone-Stop-Adani-Bondi-225x126.jpg 225w, https:\/\/350.org\/fr\/wp-content\/uploads\/sites\/13\/2018\/05\/Drone-Stop-Adani-Bondi-300x169.jpg 300w, https:\/\/350.org\/fr\/wp-content\/uploads\/sites\/13\/2018\/05\/Drone-Stop-Adani-Bondi-768x432.jpg 768w, https:\/\/350.org\/fr\/wp-content\/uploads\/sites\/13\/2018\/05\/Drone-Stop-Adani-Bondi-430x242.jpg 430w, https:\/\/350.org\/fr\/wp-content\/uploads\/sites\/13\/2018\/05\/Drone-Stop-Adani-Bondi-20x11.jpg 20w, https:\/\/350.org\/fr\/wp-content\/uploads\/sites\/13\/2018\/05\/Drone-Stop-Adani-Bondi-1280x719.jpg 1280w, https:\/\/350.org\/fr\/wp-content\/uploads\/sites\/13\/2018\/05\/Drone-Stop-Adani-Bondi.jpg 2048w\" sizes=\"auto, (max-width: 1024px) 100vw, 1024px\" \/><p id=\"caption-attachment-133373\" class=\"wp-caption-text\">Action \u00e0 Bondi Beach \u00e0 Sydney (Nouvelle-Galles-du-Sud)<\/p><\/div>\n<p>&nbsp;<\/p>\n<p>La campagne #StopAdani s&rsquo;\u00e9tend dans l&rsquo;ensemble du pays qui compte plus de 160 groupes locaux et de simples citoyen.ne.s rejoignent la lutte en nombre. Vous pouvez soutenir le mouvement en organisant des projections d&rsquo;<a href=\"https:\/\/www.stopadani.com\/mightyforce\">un documentaire r\u00e9cent sur la lutte d&rsquo;Adani,<\/a> en vous adressant \u00e0 des responsables politiques australiens comme le <a href=\"https:\/\/www.pm.gov.au\/contact-your-pm\">Premier Ministre Malcolm Turnbull<\/a>\u00a0et le chef de l&rsquo;opposition Bill Shorten \u00e0 l&rsquo;adresse Bill.Shorten.MP@aph.gov.au pour exiger l&rsquo;arr\u00eat du projet minier, en participant aux manifestations #StopAdani et en appelant Adani \u00e0 abandonner son projet de mine de charbon \u00e0 l&rsquo;adresse Carmichael.project@adani.com.au.<\/p>\n<p>&nbsp;<\/p>\n<p><em>Une lutte locale proche de chez vous manque dans cette liste\u00a0? Rejoignez-nous ou organisez votre propre campagne en vous lan\u00e7ant sur <\/em><a href=\"https:\/\/zerofossile.org\/\"><em>Z\u00e9ro Fossile.<\/em><\/a><\/p>\n","protected":false},"excerpt":{"rendered":"<p>Des citoyen.ne.s du monde entier (du Kenya au Canada, en passant par l&rsquo;Australie ou le Br\u00e9sil) m\u00e8nent des actions audacieuses pour mettre un terme \u00e0 des projets d&rsquo;exploitation de combustibles fossiles. Ensemble, ils et elles participent \u00e0 un puissant \u00e9lan vers un monde z\u00e9ro fossile.<\/p>\n","protected":false},"author":10012012,"featured_media":133375,"comment_status":"closed","ping_status":"closed","sticky":false,"template":"","format":"standard","meta":{"_acf_changed":false,"footnotes":""},"categories":[4,28,208],"tags":[],"class_list":["post-133370","post","type-post","status-publish","format-standard","has-post-thumbnail","hentry","category-featured","category-global","category-kiitg"],"acf":[],"yoast_head":"<!-- This site is optimized with the Yoast SEO Premium plugin v26.9 (Yoast SEO v28.3) - https:\/\/yoast.com\/product\/yoast-seo-premium-wordpress\/ -->\n<title>Sept luttes embl\u00e9matiques pour laisser les combustibles fossiles sous terre - 350 Fran\u00e7ais<\/title>\n<meta name=\"robots\" content=\"index, follow, max-snippet:-1, max-image-preview:large, max-video-preview:-1\" \/>\n<link rel=\"canonical\" href=\"https:\/\/350.org\/fr\/sept-luttes-emblematiques-pour-laisser-les-combustibles-fossiles-sous-terre\/\" \/>\n<meta property=\"og:locale\" content=\"fr_FR\" \/>\n<meta property=\"og:type\" content=\"article\" \/>\n<meta property=\"og:title\" content=\"Sept luttes embl\u00e9matiques pour laisser les combustibles fossiles sous terre\" \/>\n<meta property=\"og:description\" content=\"Des citoyen.ne.s du monde entier (du Kenya au Canada, en passant par l&#039;Australie ou le Br\u00e9sil) m\u00e8nent des actions audacieuses pour mettre un terme \u00e0 des projets d&#039;exploitation de combustibles fossiles. Ensemble, ils et elles participent \u00e0 un puissant \u00e9lan vers un monde z\u00e9ro fossile.\" \/>\n<meta property=\"og:url\" content=\"https:\/\/350.org\/fr\/sept-luttes-emblematiques-pour-laisser-les-combustibles-fossiles-sous-terre\/\" \/>\n<meta property=\"og:site_name\" content=\"350 Fran\u00e7ais\" \/>\n<meta property=\"article:published_time\" content=\"2018-05-17T23:06:24+00:00\" \/>\n<meta property=\"article:modified_time\" content=\"2023-10-13T14:12:05+00:00\" \/>\n<meta property=\"og:image\" content=\"https:\/\/350.org\/fr\/wp-content\/uploads\/sites\/13\/2018\/05\/37342316534_8afa981a47_o.jpg\" \/>\n\t<meta property=\"og:image:width\" content=\"1500\" \/>\n\t<meta property=\"og:image:height\" content=\"1000\" \/>\n\t<meta property=\"og:image:type\" content=\"image\/jpeg\" \/>\n<meta name=\"author\" content=\"D\u00e9bora Gastal\" \/>\n<meta name=\"twitter:card\" content=\"summary_large_image\" \/>\n<meta name=\"twitter:creator\" content=\"@deboragastal\" \/>\n<meta name=\"twitter:label1\" content=\"\u00c9crit par\" \/>\n\t<meta name=\"twitter:data1\" content=\"D\u00e9bora Gastal\" \/>\n\t<meta name=\"twitter:label2\" content=\"Dur\u00e9e de lecture estim\u00e9e\" \/>\n\t<meta name=\"twitter:data2\" content=\"12 minutes\" \/>\n<script type=\"application\/ld+json\" class=\"yoast-schema-graph\">{\"@context\":\"https:\\\/\\\/schema.org\",\"@graph\":[{\"@type\":\"Article\",\"@id\":\"https:\\\/\\\/350.org\\\/fr\\\/sept-luttes-emblematiques-pour-laisser-les-combustibles-fossiles-sous-terre\\\/#article\",\"isPartOf\":{\"@id\":\"https:\\\/\\\/350.org\\\/fr\\\/sept-luttes-emblematiques-pour-laisser-les-combustibles-fossiles-sous-terre\\\/\"},\"author\":{\"name\":\"D\u00e9bora Gastal\",\"@id\":\"https:\\\/\\\/350.org\\\/fr\\\/#\\\/schema\\\/person\\\/0632d7eab67421462b6ff196d89cb5a7\"},\"headline\":\"Sept luttes embl\u00e9matiques pour laisser les combustibles fossiles sous terre\",\"datePublished\":\"2018-05-17T23:06:24+00:00\",\"dateModified\":\"2023-10-13T14:12:05+00:00\",\"mainEntityOfPage\":{\"@id\":\"https:\\\/\\\/350.org\\\/fr\\\/sept-luttes-emblematiques-pour-laisser-les-combustibles-fossiles-sous-terre\\\/\"},\"wordCount\":2532,\"image\":{\"@id\":\"https:\\\/\\\/350.org\\\/fr\\\/sept-luttes-emblematiques-pour-laisser-les-combustibles-fossiles-sous-terre\\\/#primaryimage\"},\"thumbnailUrl\":\"https:\\\/\\\/350.org\\\/fr\\\/wp-content\\\/uploads\\\/sites\\\/13\\\/2018\\\/05\\\/37342316534_8afa981a47_o.jpg\",\"articleSection\":[\"Featured\",\"Global\",\"KIITG\"],\"inLanguage\":\"fr-FR\"},{\"@type\":\"WebPage\",\"@id\":\"https:\\\/\\\/350.org\\\/fr\\\/sept-luttes-emblematiques-pour-laisser-les-combustibles-fossiles-sous-terre\\\/\",\"url\":\"https:\\\/\\\/350.org\\\/fr\\\/sept-luttes-emblematiques-pour-laisser-les-combustibles-fossiles-sous-terre\\\/\",\"name\":\"Sept luttes embl\u00e9matiques pour laisser les combustibles fossiles sous terre - 350 Fran\u00e7ais\",\"isPartOf\":{\"@id\":\"https:\\\/\\\/350.org\\\/fr\\\/#website\"},\"primaryImageOfPage\":{\"@id\":\"https:\\\/\\\/350.org\\\/fr\\\/sept-luttes-emblematiques-pour-laisser-les-combustibles-fossiles-sous-terre\\\/#primaryimage\"},\"image\":{\"@id\":\"https:\\\/\\\/350.org\\\/fr\\\/sept-luttes-emblematiques-pour-laisser-les-combustibles-fossiles-sous-terre\\\/#primaryimage\"},\"thumbnailUrl\":\"https:\\\/\\\/350.org\\\/fr\\\/wp-content\\\/uploads\\\/sites\\\/13\\\/2018\\\/05\\\/37342316534_8afa981a47_o.jpg\",\"datePublished\":\"2018-05-17T23:06:24+00:00\",\"dateModified\":\"2023-10-13T14:12:05+00:00\",\"author\":{\"@id\":\"https:\\\/\\\/350.org\\\/fr\\\/#\\\/schema\\\/person\\\/0632d7eab67421462b6ff196d89cb5a7\"},\"breadcrumb\":{\"@id\":\"https:\\\/\\\/350.org\\\/fr\\\/sept-luttes-emblematiques-pour-laisser-les-combustibles-fossiles-sous-terre\\\/#breadcrumb\"},\"inLanguage\":\"fr-FR\",\"potentialAction\":[{\"@type\":\"ReadAction\",\"target\":[\"https:\\\/\\\/350.org\\\/fr\\\/sept-luttes-emblematiques-pour-laisser-les-combustibles-fossiles-sous-terre\\\/\"]}]},{\"@type\":\"ImageObject\",\"inLanguage\":\"fr-FR\",\"@id\":\"https:\\\/\\\/350.org\\\/fr\\\/sept-luttes-emblematiques-pour-laisser-les-combustibles-fossiles-sous-terre\\\/#primaryimage\",\"url\":\"https:\\\/\\\/350.org\\\/fr\\\/wp-content\\\/uploads\\\/sites\\\/13\\\/2018\\\/05\\\/37342316534_8afa981a47_o.jpg\",\"contentUrl\":\"https:\\\/\\\/350.org\\\/fr\\\/wp-content\\\/uploads\\\/sites\\\/13\\\/2018\\\/05\\\/37342316534_8afa981a47_o.jpg\",\"width\":1500,\"height\":1000},{\"@type\":\"BreadcrumbList\",\"@id\":\"https:\\\/\\\/350.org\\\/fr\\\/sept-luttes-emblematiques-pour-laisser-les-combustibles-fossiles-sous-terre\\\/#breadcrumb\",\"itemListElement\":[{\"@type\":\"ListItem\",\"position\":1,\"name\":\"Home\",\"item\":\"https:\\\/\\\/350.org\\\/fr\\\/\"},{\"@type\":\"ListItem\",\"position\":2,\"name\":\"Sept luttes embl\u00e9matiques pour laisser les combustibles fossiles sous terre\"}]},{\"@type\":\"WebSite\",\"@id\":\"https:\\\/\\\/350.org\\\/fr\\\/#website\",\"url\":\"https:\\\/\\\/350.org\\\/fr\\\/\",\"name\":\"350 Fran\u00e7ais\",\"description\":\"\",\"potentialAction\":[{\"@type\":\"SearchAction\",\"target\":{\"@type\":\"EntryPoint\",\"urlTemplate\":\"https:\\\/\\\/350.org\\\/fr\\\/?s={search_term_string}\"},\"query-input\":{\"@type\":\"PropertyValueSpecification\",\"valueRequired\":true,\"valueName\":\"search_term_string\"}}],\"inLanguage\":\"fr-FR\"},{\"@type\":\"Person\",\"@id\":\"https:\\\/\\\/350.org\\\/fr\\\/#\\\/schema\\\/person\\\/0632d7eab67421462b6ff196d89cb5a7\",\"name\":\"D\u00e9bora Gastal\",\"image\":{\"@type\":\"ImageObject\",\"inLanguage\":\"fr-FR\",\"@id\":\"https:\\\/\\\/350.org\\\/wp-content\\\/uploads\\\/2024\\\/11\\\/cropped-foto-De-baixa-scaled-1-96x96.jpg\",\"url\":\"https:\\\/\\\/350.org\\\/wp-content\\\/uploads\\\/2024\\\/11\\\/cropped-foto-De-baixa-scaled-1-96x96.jpg\",\"contentUrl\":\"https:\\\/\\\/350.org\\\/wp-content\\\/uploads\\\/2024\\\/11\\\/cropped-foto-De-baixa-scaled-1-96x96.jpg\",\"caption\":\"D\u00e9bora Gastal\"},\"sameAs\":[\"https:\\\/\\\/www.instagram.com\\\/degastal\\\/?hl=en\",\"https:\\\/\\\/www.linkedin.com\\\/in\\\/deboragastal\\\/\",\"https:\\\/\\\/x.com\\\/deboragastal\"],\"url\":\"https:\\\/\\\/350.org\\\/fr\\\/author\\\/debora\\\/\"}]}<\/script>\n<!-- \/ Yoast SEO Premium plugin. -->","yoast_head_json":{"title":"Sept luttes embl\u00e9matiques pour laisser les combustibles fossiles sous terre - 350 Fran\u00e7ais","robots":{"index":"index","follow":"follow","max-snippet":"max-snippet:-1","max-image-preview":"max-image-preview:large","max-video-preview":"max-video-preview:-1"},"canonical":"https:\/\/350.org\/fr\/sept-luttes-emblematiques-pour-laisser-les-combustibles-fossiles-sous-terre\/","og_locale":"fr_FR","og_type":"article","og_title":"Sept luttes embl\u00e9matiques pour laisser les combustibles fossiles sous terre","og_description":"Des citoyen.ne.s du monde entier (du Kenya au Canada, en passant par l'Australie ou le Br\u00e9sil) m\u00e8nent des actions audacieuses pour mettre un terme \u00e0 des projets d'exploitation de combustibles fossiles. Ensemble, ils et elles participent \u00e0 un puissant \u00e9lan vers un monde z\u00e9ro fossile.","og_url":"https:\/\/350.org\/fr\/sept-luttes-emblematiques-pour-laisser-les-combustibles-fossiles-sous-terre\/","og_site_name":"350 Fran\u00e7ais","article_published_time":"2018-05-17T23:06:24+00:00","article_modified_time":"2023-10-13T14:12:05+00:00","og_image":[{"width":1500,"height":1000,"url":"https:\/\/350.org\/fr\/wp-content\/uploads\/sites\/13\/2018\/05\/37342316534_8afa981a47_o.jpg","type":"image\/jpeg"}],"author":"D\u00e9bora Gastal","twitter_card":"summary_large_image","twitter_creator":"@deboragastal","twitter_misc":{"\u00c9crit par":"D\u00e9bora Gastal","Dur\u00e9e de lecture estim\u00e9e":"12 minutes"},"schema":{"@context":"https:\/\/schema.org","@graph":[{"@type":"Article","@id":"https:\/\/350.org\/fr\/sept-luttes-emblematiques-pour-laisser-les-combustibles-fossiles-sous-terre\/#article","isPartOf":{"@id":"https:\/\/350.org\/fr\/sept-luttes-emblematiques-pour-laisser-les-combustibles-fossiles-sous-terre\/"},"author":{"name":"D\u00e9bora Gastal","@id":"https:\/\/350.org\/fr\/#\/schema\/person\/0632d7eab67421462b6ff196d89cb5a7"},"headline":"Sept luttes embl\u00e9matiques pour laisser les combustibles fossiles sous terre","datePublished":"2018-05-17T23:06:24+00:00","dateModified":"2023-10-13T14:12:05+00:00","mainEntityOfPage":{"@id":"https:\/\/350.org\/fr\/sept-luttes-emblematiques-pour-laisser-les-combustibles-fossiles-sous-terre\/"},"wordCount":2532,"image":{"@id":"https:\/\/350.org\/fr\/sept-luttes-emblematiques-pour-laisser-les-combustibles-fossiles-sous-terre\/#primaryimage"},"thumbnailUrl":"https:\/\/350.org\/fr\/wp-content\/uploads\/sites\/13\/2018\/05\/37342316534_8afa981a47_o.jpg","articleSection":["Featured","Global","KIITG"],"inLanguage":"fr-FR"},{"@type":"WebPage","@id":"https:\/\/350.org\/fr\/sept-luttes-emblematiques-pour-laisser-les-combustibles-fossiles-sous-terre\/","url":"https:\/\/350.org\/fr\/sept-luttes-emblematiques-pour-laisser-les-combustibles-fossiles-sous-terre\/","name":"Sept luttes embl\u00e9matiques pour laisser les combustibles fossiles sous terre - 350 Fran\u00e7ais","isPartOf":{"@id":"https:\/\/350.org\/fr\/#website"},"primaryImageOfPage":{"@id":"https:\/\/350.org\/fr\/sept-luttes-emblematiques-pour-laisser-les-combustibles-fossiles-sous-terre\/#primaryimage"},"image":{"@id":"https:\/\/350.org\/fr\/sept-luttes-emblematiques-pour-laisser-les-combustibles-fossiles-sous-terre\/#primaryimage"},"thumbnailUrl":"https:\/\/350.org\/fr\/wp-content\/uploads\/sites\/13\/2018\/05\/37342316534_8afa981a47_o.jpg","datePublished":"2018-05-17T23:06:24+00:00","dateModified":"2023-10-13T14:12:05+00:00","author":{"@id":"https:\/\/350.org\/fr\/#\/schema\/person\/0632d7eab67421462b6ff196d89cb5a7"},"breadcrumb":{"@id":"https:\/\/350.org\/fr\/sept-luttes-emblematiques-pour-laisser-les-combustibles-fossiles-sous-terre\/#breadcrumb"},"inLanguage":"fr-FR","potentialAction":[{"@type":"ReadAction","target":["https:\/\/350.org\/fr\/sept-luttes-emblematiques-pour-laisser-les-combustibles-fossiles-sous-terre\/"]}]},{"@type":"ImageObject","inLanguage":"fr-FR","@id":"https:\/\/350.org\/fr\/sept-luttes-emblematiques-pour-laisser-les-combustibles-fossiles-sous-terre\/#primaryimage","url":"https:\/\/350.org\/fr\/wp-content\/uploads\/sites\/13\/2018\/05\/37342316534_8afa981a47_o.jpg","contentUrl":"https:\/\/350.org\/fr\/wp-content\/uploads\/sites\/13\/2018\/05\/37342316534_8afa981a47_o.jpg","width":1500,"height":1000},{"@type":"BreadcrumbList","@id":"https:\/\/350.org\/fr\/sept-luttes-emblematiques-pour-laisser-les-combustibles-fossiles-sous-terre\/#breadcrumb","itemListElement":[{"@type":"ListItem","position":1,"name":"Home","item":"https:\/\/350.org\/fr\/"},{"@type":"ListItem","position":2,"name":"Sept luttes embl\u00e9matiques pour laisser les combustibles fossiles sous terre"}]},{"@type":"WebSite","@id":"https:\/\/350.org\/fr\/#website","url":"https:\/\/350.org\/fr\/","name":"350 Fran\u00e7ais","description":"","potentialAction":[{"@type":"SearchAction","target":{"@type":"EntryPoint","urlTemplate":"https:\/\/350.org\/fr\/?s={search_term_string}"},"query-input":{"@type":"PropertyValueSpecification","valueRequired":true,"valueName":"search_term_string"}}],"inLanguage":"fr-FR"},{"@type":"Person","@id":"https:\/\/350.org\/fr\/#\/schema\/person\/0632d7eab67421462b6ff196d89cb5a7","name":"D\u00e9bora Gastal","image":{"@type":"ImageObject","inLanguage":"fr-FR","@id":"https:\/\/350.org\/wp-content\/uploads\/2024\/11\/cropped-foto-De-baixa-scaled-1-96x96.jpg","url":"https:\/\/350.org\/wp-content\/uploads\/2024\/11\/cropped-foto-De-baixa-scaled-1-96x96.jpg","contentUrl":"https:\/\/350.org\/wp-content\/uploads\/2024\/11\/cropped-foto-De-baixa-scaled-1-96x96.jpg","caption":"D\u00e9bora Gastal"},"sameAs":["https:\/\/www.instagram.com\/degastal\/?hl=en","https:\/\/www.linkedin.com\/in\/deboragastal\/","https:\/\/x.com\/deboragastal"],"url":"https:\/\/350.org\/fr\/author\/debora\/"}]}},"_links":{"self":[{"href":"https:\/\/350.org\/fr\/wp-json\/wp\/v2\/posts\/133370","targetHints":{"allow":["GET"]}}],"collection":[{"href":"https:\/\/350.org\/fr\/wp-json\/wp\/v2\/posts"}],"about":[{"href":"https:\/\/350.org\/fr\/wp-json\/wp\/v2\/types\/post"}],"author":[{"embeddable":true,"href":"https:\/\/350.org\/fr\/wp-json\/wp\/v2\/users\/10012012"}],"replies":[{"embeddable":true,"href":"https:\/\/350.org\/fr\/wp-json\/wp\/v2\/comments?post=133370"}],"version-history":[{"count":0,"href":"https:\/\/350.org\/fr\/wp-json\/wp\/v2\/posts\/133370\/revisions"}],"wp:featuredmedia":[{"embeddable":true,"href":"https:\/\/350.org\/fr\/wp-json\/wp\/v2\/media\/133375"}],"wp:attachment":[{"href":"https:\/\/350.org\/fr\/wp-json\/wp\/v2\/media?parent=133370"}],"wp:term":[{"taxonomy":"category","embeddable":true,"href":"https:\/\/350.org\/fr\/wp-json\/wp\/v2\/categories?post=133370"},{"taxonomy":"post_tag","embeddable":true,"href":"https:\/\/350.org\/fr\/wp-json\/wp\/v2\/tags?post=133370"}],"curies":[{"name":"wp","href":"https:\/\/api.w.org\/{rel}","templated":true}]}}