{"id":135523,"date":"2023-05-31T13:51:50","date_gmt":"2023-05-31T13:51:50","guid":{"rendered":"https:\/\/350.org\/fr\/?p=135523"},"modified":"2023-10-13T15:18:34","modified_gmt":"2023-10-13T15:18:34","slug":"fossilfreenews-renforcons-le-mouvement-et-faisons-passer-lhumain-avant-le-profit","status":"publish","type":"post","link":"https:\/\/350.org\/fr\/fossilfreenews-renforcons-le-mouvement-et-faisons-passer-lhumain-avant-le-profit\/","title":{"rendered":"FossilFreeNews &#8211; Renfor\u00e7ons le mouvement et faisons passer l\u2019humain avant le profit"},"content":{"rendered":"<p>Nous voici \u00e0 l&rsquo;\u00e9poque de l\u2019ann\u00e9e o\u00f9 les g\u00e9ants du p\u00e9trole r\u00e9unissent leurs actionnaires, se retroussent les manches et annoncent \u00ab fi\u00e8rement \u00bb des PROFITS ahurissants. Des profits accumul\u00e9s en d\u00e9truisant notre climat !<\/p>\n<p>Cela signifie donc aussi qu\u2019il s\u2019agit d\u2019une p\u00e9riode intense pour notre mouvement ! Les activistes remuent ciel et terre \u00e0 travers le monde, levant la voix pour faire entendre leurs revendications sur l\u2019urgence de l\u2019action climatique. Alors attachez vos ceintures, les ami\u00b7e\u00b7s, car la saison d\u00e9marre, et le mouvement pour le climat ne baisse pas les bras.<\/p>\n<hr \/>\n<p><strong>Inscrivez-vous pour la Fossil Free News :<\/strong> Les derni\u00e8res actus qui comptent et qui inspirent sur la lutte pour le climat de part le monde, livr\u00e9es directement dans votre bo\u00eete mail tous les mois.<\/p>\n<table align=\"center\">\n<tbody>\n<tr>\n<td align=\"center\">\n<div><!-- [if mso]>\n<v:rect xmlns:v=\"urn:schemas-microsoft-com:vml\" xmlns:w=\"urn:schemas-microsoft-com:office:word\" href=\"https:\/\/350org.qualtrics.com\/jfe\/form\/SV_9NasPWSUAeI0982?Q_Language=EN\" style=\"height:50px;v-text-anchor:middle;width:200px;\" stroke=\"f\" fillcolor=\"#0F81E8\">\n<w:anchorlock\/>\n<center>\n<![endif]--> <a style=\"background-color: #0f81e8; color: #ffffff; display: block; font-family: Helvetica,Arial,sans-serif; font-size: 20px; line-height: 50px; height: 50px; text-align: center; font-weight: bold; text-decoration: none; width: 200px; -webkit-text-size-adjust: none;\" href=\"https:\/\/act.350.org\/signup\/fossil-free-newsletter_fr\/\" target=\"_blank\" rel=\"noopener noreferrer\">Inscrivez-vous<\/a><\/div>\n<\/td>\n<\/tr>\n<\/tbody>\n<\/table>\n<hr \/>\n<p><span style=\"font-size: 14pt; color: #0f81e8;\"><strong>IDerni\u00e8res nouvelles du front<\/strong><\/span><\/p>\n<p><span style=\"font-size: 12pt;\"><strong>L&rsquo;EACOP l\u00e2ch\u00e9 par une autre banque<\/strong><\/span><\/p>\n<p>Dites au revoir \u00e0 une autre banque qui quitte le navire de l\u2019ol\u00e9oduc de p\u00e9trole brut d&rsquo;Afrique de l&rsquo;Est (EACOP). Cette fois, c\u2019est la m\u00e9ga-banque japonaise Sumitomo Mitsui Banking Corporation (SMBC) qui s\u2019est d\u00e9cid\u00e9e \u00e0 rejoindre le club et \u00e0 revenir sur son intention d\u2019investir dans le projet. S\u2019il \u00e9tait construit, l\u2019EACOP d\u00e9placerait des milliers de familles et de paysans de leurs terres. Il pose \u00e9galement des risques importants pour les ressources en eau et les zones humides en Ouganda et en Tanzanie, notamment dans le bassin versant du lac Victoria dont d\u00e9pendent plus de 40 millions de personnes pour leur eau potable et leur production agricole de subsistance.<\/p>\n<p>La banque japonaise \u00e9tait l\u2019un des principaux conseillers financiers et elle a persist\u00e9 pour un temps, mais devinez quoi ? Elle n\u2019a pas pu r\u00e9sister plus longtemps \u00e0 la pression de notre mouvement.<\/p>\n<p>C\u2019est franchement g\u00e9nial de voir nos efforts progresser pour mettre un terme au projet destructeur de l\u2019EACOP. Presque chaque mois, nous gagnons du terrain. Nos actions, nos revendications, et la pression que nous mettons sur ces institutions sont en train de payer. Et vous savez quoi ? Ce n\u2019est pas seulement une bonne nouvelle pour nous, mais aussi pour toutes les populations et pour la vie sauvage qui ont d\u00e9sesp\u00e9r\u00e9ment besoin d\u2019un avenir sans cet ol\u00e9oduc au-dessus de leurs t\u00eates comme une \u00e9p\u00e9e de Damocl\u00e8s. Plus les abandons sont nombreux, plus leurs chances de survie augmentent !<\/p>\n<p>Ne l\u00e2chons rien !<\/p>\n<img loading=\"lazy\" decoding=\"async\" style=\"display: block; margin-left: auto; margin-right: auto;\" src=\"https:\/\/dbqvwi2zcv14h.cloudfront.net\/images\/editor-2023-05-25-5.jpg\" alt=\"\" width=\"500\" height=\"333\" \/>\n<p style=\"text-align: center;\"><span style=\"font-size: 8pt;\"><em>Les activistes pour le climat du collectif Stop Total et d\u2019autres groupes citoyens organisent une manifestation devant les bureaux de la SMBC et de la Standard Chartered \u00e0 Paris, 2023. <\/em><strong><em>Cr\u00e9dit photo :<\/em><\/strong><em> Claire Jaillard \/ 350.org<\/em><\/span><\/p>\n<p><strong><span style=\"font-size: 12pt;\">L\u2019\u00e9nergie renouvelable alimente la Journ\u00e9e mondiale de l\u2019Afrique<\/span> <\/strong><\/p>\n<p>La Journ\u00e9e mondiale de l\u2019Afrique (25 mai) a \u00e9t\u00e9 litt\u00e9ralement \u00e9lectrifi\u00e9e par le lancement du projet \u00c9nergie renouvelable. L\u2019\u00e9quipe a lanc\u00e9 cette \u00e9tude innovante qui a analys\u00e9 les politiques d\u2019\u00e9nergies renouvelables, les opportunit\u00e9s et les obstacles \u00e9ventuels au B\u00e9nin, au Ghana, au Nigeria et au Togo.<\/p>\n<p>Et ce n\u2019est pas tout ! Dans dix pays diff\u00e9rents, les activistes ont travaill\u00e9 ensemble pour pr\u00e9parer un avenir plus vert. Je vous parle de l\u2019Ouganda, de l\u2019\u00c9gypte, du Ghana, du Nigeria, du Togo, du B\u00e9nin, de l\u2019Afrique du Sud, de l\u2019\u00c9thiopie, du Congo et du Kenya. Ils ont organis\u00e9 toute une gamme d\u2019activit\u00e9s avec entre autres le Tribunal du peuple, des ateliers d\u2019art, des festivals de musique, des fresques, des r\u00e9unions pour la presse et m\u00eame des spectacles pour les talents du changement climatique.<\/p>\n<p>Ce fut une d\u00e9monstration \u00e9pique de l\u2019unit\u00e9 de l\u2019Afrique pour des lendemains durables et pleins d\u2019espoir !<\/p>\n<p>&nbsp;<\/p>\n<img loading=\"lazy\" decoding=\"async\" src=\"https:\/\/dbqvwi2zcv14h.cloudfront.net\/images\/editor-2023-05-30.jpg\" alt=\"\" width=\"373\" height=\"277\" \/>\u00a0<img loading=\"lazy\" decoding=\"async\" src=\"https:\/\/dbqvwi2zcv14h.cloudfront.net\/images\/editor-2023-05-30-4.jpg\" alt=\"\" width=\"406\" height=\"276\" \/>\n<p>&nbsp;<\/p>\n<p style=\"text-align: center;\"><span style=\"font-size: 8pt;\"><em>La Tribune Populaire des Energies Renouvelables s&rsquo;est tenue au B\u00e9nin pour mettre en lumi\u00e8re les r\u00e9sultats de la recherche en mati\u00e8re d&rsquo;\u00e9nergies renouvelables. Des jeunes, des communaut\u00e9s, des organisations de la soci\u00e9t\u00e9 civile et des experts en \u00e9nergie se sont r\u00e9unis pour c\u00e9l\u00e9brer le patrimoine, la culture et les valeurs de l&rsquo;Afrique. <strong>Cr\u00e9dit photo<\/strong> :<\/em><\/span><em>\u00a0NOUMONVI Jacques de la Coalition des \u00e9nergies renouvelables au B\u00e9nin<\/em><\/p>\n<p>\u00a0<span style=\"font-size: 12pt;\"><strong>Le sommet du G7 n\u2019assure pas sur le climat<\/strong><\/span><\/p>\n<p>Une fois de plus, le sommet du G7 au Japon vient de se planter en mati\u00e8re de protection du climat. On aurait pu penser que s\u2019attaquer \u00e0 l\u2019urgence de mettre fin \u00e0 l\u2019\u00e8re des \u00e9nergies fossiles et donner la priorit\u00e9 aux \u00e9nergies renouvelables \u00e9tait une \u00e9vidence. Mais apparemment non, au lieu de \u00e7a, nous avons une s\u00e9rie de mesures bancales qui contredisent compl\u00e8tement leur ambition suppos\u00e9e de protection du climat.<\/p>\n<p>Mais ne vous en faites pas, les activistes de bon nombre de pays ne sont pas rest\u00e9s les bras crois\u00e9s. Ils et elles sont descendu\u00b7e\u00b7s dans la rue avec pas moins de 50 manifestations dans 21 pays. C\u2019est ce que j\u2019appelle se faire entendre !<\/p>\n<p>Notre mouvement ne va pas ralentir simplement parce que nos soi-disant dirigeant\u00b7e\u00b7s sont accros aux \u00e9nergies fossiles et persistent \u00e0 d\u00e9tourner le regard devant les cons\u00e9quences d\u00e9vastatrices et l\u2019urgence de mettre en place des alternatives vertes. Eh bien, devinez quoi ? Nous ne l\u00e2chons rien. not backing down.<\/p>\n<img loading=\"lazy\" decoding=\"async\" style=\"display: block; margin-left: auto; margin-right: auto;\" src=\"https:\/\/dbqvwi2zcv14h.cloudfront.net\/images\/editor-2023-05-25-4.jpg\" alt=\"\" width=\"500\" height=\"333\" \/>\n<p style=\"text-align: center;\"><span style=\"font-size: 8pt;\"><em> Repr\u00e9sentants de 350 et de dizaines d\u2019autres organisations de la soci\u00e9t\u00e9 civile \u00e0 Hiroshima pour le sommet des dirigeant\u00b7e\u00b7s du G7. Sommet du G7. Le groupe international des sept, connu sous le nom de G7, est un forum politique intergouvernemental qui traite de questions internationales. Il est constitu\u00e9 des sept pays repr\u00e9sentant les sept plus grandes puissances \u00e9conomiques mondiales. <strong>Cr\u00e9dit photo : <\/strong>350.org<\/em><\/span><\/p>\n<p><span style=\"font-size: 12pt;\"><strong>Les Tonga rejoignent les nations r\u00e9clamant la fin des \u00e9nergies fossiles<\/strong><\/span><\/p>\n<p>Dans une initiative forte pour un avenir durable, les Tonga ont rejoint un groupe de nations qui r\u00e9clament un trait\u00e9 de non-prolif\u00e9ration des \u00e9nergies fossiles. Il s\u2019agit d\u2019un engagement clair pour dire \u00ab arr\u00eatons d\u2019utiliser et d\u2019investir dans les \u00e9nergies fossiles, ensemble \u00bb.<\/p>\n<p>Les Tonga expriment ainsi leur opposition face aux effets n\u00e9fastes des \u00e9nergies fossiles et envoient un message fort. Ce message est le signe d\u2019un avenir plus vert ! Il est tout \u00e0 fait r\u00e9jouissant de voir les dirigeants de l&rsquo;archipel prendre cette position audacieuse et rejoindre d\u2019autres nations pour un changement positif. Vanuatu et Tuvalu, d\u2019autres \u00c9tats insulaires du Pacifique, ont d\u00e9j\u00e0 sign\u00e9 l&rsquo;initiative pour un trait\u00e9 de non-prolif\u00e9ration des \u00e9nergies fossiles l\u2019an dernier. Esp\u00e9rons que d\u2019autres suivront leur exemple et mettront ces \u00e9nergies polluantes sur la touche une fois pour toutes !<\/p>\n<p><span style=\"color: #0f81e8; font-size: 14pt;\"><strong>\u00c0 voir absolument<\/strong><\/span><\/p>\n<p>Shell et quelques autres g\u00e9ants du p\u00e9trole viennent d\u2019annoncer des profits d\u00e9lirants pour le premier trimestre. Je vous parle bien de milliards : Shell (9,6 milliards USD), BP (5 milliards USD), ExxonMobil (11,4 milliards USD), Chevron (6,7 milliards USD), et TotalEnergies (6,5 milliards USD).<\/p>\n<p>Il est temps de s\u2019opposer \u00e0 ces entreprises cupides et de tourner nos efforts vers les \u00e9nergies renouvelables. Car pendant que ces entreprises nagent dans les profits, les citoyen\u00b7ne\u00b7s lambda comme nous ont du mal \u00e0 payer leurs factures et doivent faire face \u00e0 une hausse \u00e9norme du co\u00fbt de la vie. Nous ne devrions pas avoir \u00e0 choisir entre nous chauffer ou manger alors que ces soci\u00e9t\u00e9s engrangent de telles sommes d&rsquo;argent. Faisons-nous entendre et exigeons du changement, mes ami\u00b7e\u00b7s !<\/p>\n<div style=\"text-align: center;\"><!-- [if mso]>\n<v:roundrect xmlns:v=\"urn:schemas-microsoft-com:vml\" xmlns:w=\"urn:schemas-microsoft-com:office:word\" href=\"https:\/\/web.facebook.com\/350.org\/videos\/972644827075327\" style=\"height:40px;v-text-anchor:middle;width:180px;\" arcsize=\"10%\" strokecolor=\"#1e3650\" fillcolor=\"#0F81E8\">\n<w:anchorlock\/>\n<center style=\"color:#ffffff;font-family:sans-serif;font-size:13px;font-weight:bold;\">Watch Video<\/center>\n<\/v:roundrect>\n<![endif]--><span style=\"font-size: 12pt;\"><a style=\"background-color: #0f81e8; border: 1px solid #1e3650; border-radius: 4px; color: #ffffff; display: inline-block; font-family: sans-serif; font-weight: bold; line-height: 40px; text-align: center; text-decoration: none; width: 180px; text-size-adjust: none;\" href=\"https:\/\/web.facebook.com\/350.org\/videos\/972644827075327\" target=\"_blank\" rel=\"noopener noreferrer\">Voir la vid\u00e9o<\/a><\/span><\/div>\n<p><span style=\"color: #0f81e8; font-size: 14pt;\"><strong>BOOSTEZ VOTRE MILITANTISME<\/strong><\/span><\/p>\n<p>Le dernier rapport du Groupe d&rsquo;experts intergouvernemental sur l\u2019\u00e9volution du climat (GIEC) affirme que \u00ab un abandon rapide et \u00e9quitable de toutes les \u00e9nergies fossiles est n\u00e9cessaire pour \u00e9viter le d\u00e9passement et att\u00e9nuer les dommages irr\u00e9versibles caus\u00e9s aux populations et aux \u00e9cosyst\u00e8mes \u00bb. Dans le m\u00eame temps, les villes peuvent contribuer \u00e0 la crise climatique. C\u2019est pourquoi nous vous invitons aujourd\u2019hui \u00e0 mieux comprendre les villes et leur relation au changement climatique.<\/p>\n<p>Ce cours propos\u00e9 par le Partenariat unique pour l&rsquo;apprentissage des Nations Unies sur les changements climatiques (UN CC: Learn) aborde \u00e9galement les mesures d\u2019adaptation et d\u2019att\u00e9nuation, et peut s\u2019av\u00e9rer particuli\u00e8rement utile si vous cherchez des moyens de pousser vos autorit\u00e9s locales \u00e0 montrer plus d\u2019ambition en mati\u00e8re d\u2019action climatique !<\/p>\n<div style=\"text-align: center;\"><!-- [if mso]>\n<v:roundrect xmlns:v=\"urn:schemas-microsoft-com:vml\" xmlns:w=\"urn:schemas-microsoft-com:office:word\" href=\"https:\/\/www.unsdglearn.org\/courses\/cities-and-climate-change\/\" style=\"height:40px;v-text-anchor:middle;width:180px;\" arcsize=\"10%\" strokecolor=\"#1e3650\" fillcolor=\"#FFA902\">\n<w:anchorlock\/>\n<center style=\"color:#0a0000;font-family:sans-serif;font-size:13px;font-weight:bold;\">Register Here<\/center>\n<\/v:roundrect>\n<![endif]--><span style=\"font-size: 12pt;\"><a style=\"background-color: #ffa902; border: 1px solid #1e3650; border-radius: 4px; color: #0a0000; display: inline-block; font-family: sans-serif; font-weight: bold; line-height: 40px; text-align: center; text-decoration: none; width: 180px; text-size-adjust: none;\" href=\"https:\/\/www.unsdglearn.org\/courses\/cities-and-climate-change\/\" target=\"_blank\" rel=\"noopener noreferrer\">S\u2019inscrire ici<\/a><\/span><\/div>\n<p><span style=\"color: #0f81e8; font-size: 10pt;\"><strong>AUTRES NOUVELLES<\/strong><\/span><\/p>\n<ul>\n<li><span style=\"color: #0f81e8;\"><a style=\"color: #0f81e8;\" href=\"https:\/\/www.rfi.fr\/fr\/environnement\/20230525-cop28-une-centaine-d-%C3%A9lus-europ%C3%A9ens-et-am%C3%A9ricains-exigent-le-retrait-du-pr%C3%A9sident\" target=\"_blank\" rel=\"noopener noreferrer\">COP28: une centaine d&rsquo;\u00e9lus europ\u00e9ens et am\u00e9ricains exigent le retrait du pr\u00e9sident<\/a><\/span><\/li>\n<li><span style=\"color: #0f81e8;\"><a style=\"color: #0f81e8;\" href=\"https:\/\/www.france24.com\/fr\/france\/20230522-climat-l-ex%C3%A9cutif-cible-voitures-usines-et-chaudi%C3%A8res-pour-r%C3%A9duire-les-%C3%A9missions-d-ici-2030\" target=\"_blank\" rel=\"noopener noreferrer\">Climat : l&rsquo;ex\u00e9cutif cible voitures, usines et chaudi\u00e8res pour r\u00e9duire les \u00e9missions d&rsquo;ici 2030<\/a><\/span><\/li>\n<\/ul>\n<p style=\"text-align: center;\"><span style=\"font-size: 10pt; color: #0f81e8;\"><strong><em>Citation du mois<\/em><\/strong><\/span><\/p>\n<p style=\"text-align: center;\"><em>\u00ab L\u2019\u00e8re des \u00e9nergies fossiles touche \u00e0 sa fin, les jeunes du Pacifique le savent et nos dirigeant\u00b7e\u00b7s le savent. Le Pacifique fait preuve de l\u2019initiative et de la volont\u00e9 politique dont nous avons besoin \u00e0 travers le monde. La transition \u00e9nerg\u00e9tique laisse la part belle \u00e0 l\u2019innovation et \u00e0 l\u2019\u00e9quit\u00e9, mais nous devons abandonner les \u00e9nergies fossiles destructrices du climat qui nous ont mis dans ce p\u00e9trin et qui sont \u00e0 l\u2019origine de nos ennuis. Si des nations insulaires comme les n\u00f4tres peuvent faire le premier pas, qu\u2019est-ce qui en emp\u00eache le reste du monde ? \u00bb<\/em><\/p>\n<p style=\"text-align: center;\"><strong><strong>&#8211; Inangaro Vakaafi, Conseil des anciens de 350 Pacifique<\/strong><\/strong><\/p>\n","protected":false},"excerpt":{"rendered":"<p>Ensemble, nous pouvons d\u00e9fendre le bien-\u00eatre des individus face \u00e0 la cupidit\u00e9 des grandes entreprises<\/p>\n","protected":false},"author":10012254,"featured_media":135524,"comment_status":"closed","ping_status":"closed","sticky":false,"template":"","format":"standard","meta":{"_acf_changed":false,"footnotes":""},"categories":[4],"tags":[],"class_list":["post-135523","post","type-post","status-publish","format-standard","has-post-thumbnail","hentry","category-featured"],"acf":[],"yoast_head":"<!-- This site is optimized with the Yoast SEO Premium plugin v26.9 (Yoast SEO v28.3) - https:\/\/yoast.com\/product\/yoast-seo-premium-wordpress\/ -->\n<title>FossilFreeNews - Renfor\u00e7ons le mouvement et faisons passer l\u2019humain avant le profit - 350 Fran\u00e7ais<\/title>\n<meta name=\"robots\" content=\"index, follow, max-snippet:-1, max-image-preview:large, max-video-preview:-1\" \/>\n<link rel=\"canonical\" href=\"https:\/\/350.org\/fr\/fossilfreenews-renforcons-le-mouvement-et-faisons-passer-lhumain-avant-le-profit\/\" \/>\n<meta property=\"og:locale\" content=\"fr_FR\" \/>\n<meta property=\"og:type\" content=\"article\" \/>\n<meta property=\"og:title\" content=\"FossilFreeNews - Renfor\u00e7ons le mouvement et faisons passer l\u2019humain avant le profit\" \/>\n<meta property=\"og:description\" content=\"Ensemble, nous pouvons d\u00e9fendre le bien-\u00eatre des individus face \u00e0 la cupidit\u00e9 des grandes entreprises\" \/>\n<meta property=\"og:url\" content=\"https:\/\/350.org\/fr\/fossilfreenews-renforcons-le-mouvement-et-faisons-passer-lhumain-avant-le-profit\/\" \/>\n<meta property=\"og:site_name\" content=\"350 Fran\u00e7ais\" \/>\n<meta property=\"article:published_time\" content=\"2023-05-31T13:51:50+00:00\" \/>\n<meta property=\"article:modified_time\" content=\"2023-10-13T15:18:34+00:00\" \/>\n<meta property=\"og:image\" content=\"https:\/\/350.org\/fr\/wp-content\/uploads\/sites\/13\/2023\/05\/Screenshot-2023-05-30-at-13.09.45-1024x762.png\" \/>\n\t<meta property=\"og:image:width\" content=\"1024\" \/>\n\t<meta property=\"og:image:height\" content=\"762\" \/>\n\t<meta property=\"og:image:type\" content=\"image\/png\" \/>\n<meta name=\"author\" content=\"christine\" \/>\n<meta name=\"twitter:card\" content=\"summary_large_image\" \/>\n<meta name=\"twitter:label1\" content=\"\u00c9crit par\" \/>\n\t<meta name=\"twitter:data1\" content=\"christine\" \/>\n\t<meta name=\"twitter:label2\" content=\"Dur\u00e9e de lecture estim\u00e9e\" \/>\n\t<meta name=\"twitter:data2\" content=\"8 minutes\" \/>\n<script type=\"application\/ld+json\" class=\"yoast-schema-graph\">{\"@context\":\"https:\\\/\\\/schema.org\",\"@graph\":[{\"@type\":\"Article\",\"@id\":\"https:\\\/\\\/350.org\\\/fr\\\/fossilfreenews-renforcons-le-mouvement-et-faisons-passer-lhumain-avant-le-profit\\\/#article\",\"isPartOf\":{\"@id\":\"https:\\\/\\\/350.org\\\/fr\\\/fossilfreenews-renforcons-le-mouvement-et-faisons-passer-lhumain-avant-le-profit\\\/\"},\"author\":{\"name\":\"christine\",\"@id\":\"https:\\\/\\\/350.org\\\/fr\\\/#\\\/schema\\\/person\\\/2d3c5290b521ac79fb6cac0a2737911e\"},\"headline\":\"FossilFreeNews &#8211; Renfor\u00e7ons le mouvement et faisons passer l\u2019humain avant le profit\",\"datePublished\":\"2023-05-31T13:51:50+00:00\",\"dateModified\":\"2023-10-13T15:18:34+00:00\",\"mainEntityOfPage\":{\"@id\":\"https:\\\/\\\/350.org\\\/fr\\\/fossilfreenews-renforcons-le-mouvement-et-faisons-passer-lhumain-avant-le-profit\\\/\"},\"wordCount\":1569,\"image\":{\"@id\":\"https:\\\/\\\/350.org\\\/fr\\\/fossilfreenews-renforcons-le-mouvement-et-faisons-passer-lhumain-avant-le-profit\\\/#primaryimage\"},\"thumbnailUrl\":\"https:\\\/\\\/350.org\\\/fr\\\/wp-content\\\/uploads\\\/sites\\\/13\\\/2023\\\/05\\\/Screenshot-2023-05-30-at-13.09.45.png\",\"articleSection\":[\"Featured\"],\"inLanguage\":\"fr-FR\"},{\"@type\":\"WebPage\",\"@id\":\"https:\\\/\\\/350.org\\\/fr\\\/fossilfreenews-renforcons-le-mouvement-et-faisons-passer-lhumain-avant-le-profit\\\/\",\"url\":\"https:\\\/\\\/350.org\\\/fr\\\/fossilfreenews-renforcons-le-mouvement-et-faisons-passer-lhumain-avant-le-profit\\\/\",\"name\":\"FossilFreeNews - Renfor\u00e7ons le mouvement et faisons passer l\u2019humain avant le profit - 350 Fran\u00e7ais\",\"isPartOf\":{\"@id\":\"https:\\\/\\\/350.org\\\/fr\\\/#website\"},\"primaryImageOfPage\":{\"@id\":\"https:\\\/\\\/350.org\\\/fr\\\/fossilfreenews-renforcons-le-mouvement-et-faisons-passer-lhumain-avant-le-profit\\\/#primaryimage\"},\"image\":{\"@id\":\"https:\\\/\\\/350.org\\\/fr\\\/fossilfreenews-renforcons-le-mouvement-et-faisons-passer-lhumain-avant-le-profit\\\/#primaryimage\"},\"thumbnailUrl\":\"https:\\\/\\\/350.org\\\/fr\\\/wp-content\\\/uploads\\\/sites\\\/13\\\/2023\\\/05\\\/Screenshot-2023-05-30-at-13.09.45.png\",\"datePublished\":\"2023-05-31T13:51:50+00:00\",\"dateModified\":\"2023-10-13T15:18:34+00:00\",\"author\":{\"@id\":\"https:\\\/\\\/350.org\\\/fr\\\/#\\\/schema\\\/person\\\/2d3c5290b521ac79fb6cac0a2737911e\"},\"breadcrumb\":{\"@id\":\"https:\\\/\\\/350.org\\\/fr\\\/fossilfreenews-renforcons-le-mouvement-et-faisons-passer-lhumain-avant-le-profit\\\/#breadcrumb\"},\"inLanguage\":\"fr-FR\",\"potentialAction\":[{\"@type\":\"ReadAction\",\"target\":[\"https:\\\/\\\/350.org\\\/fr\\\/fossilfreenews-renforcons-le-mouvement-et-faisons-passer-lhumain-avant-le-profit\\\/\"]}]},{\"@type\":\"ImageObject\",\"inLanguage\":\"fr-FR\",\"@id\":\"https:\\\/\\\/350.org\\\/fr\\\/fossilfreenews-renforcons-le-mouvement-et-faisons-passer-lhumain-avant-le-profit\\\/#primaryimage\",\"url\":\"https:\\\/\\\/350.org\\\/fr\\\/wp-content\\\/uploads\\\/sites\\\/13\\\/2023\\\/05\\\/Screenshot-2023-05-30-at-13.09.45.png\",\"contentUrl\":\"https:\\\/\\\/350.org\\\/fr\\\/wp-content\\\/uploads\\\/sites\\\/13\\\/2023\\\/05\\\/Screenshot-2023-05-30-at-13.09.45.png\",\"width\":1920,\"height\":1428},{\"@type\":\"BreadcrumbList\",\"@id\":\"https:\\\/\\\/350.org\\\/fr\\\/fossilfreenews-renforcons-le-mouvement-et-faisons-passer-lhumain-avant-le-profit\\\/#breadcrumb\",\"itemListElement\":[{\"@type\":\"ListItem\",\"position\":1,\"name\":\"Home\",\"item\":\"https:\\\/\\\/350.org\\\/fr\\\/\"},{\"@type\":\"ListItem\",\"position\":2,\"name\":\"FossilFreeNews &#8211; Renfor\u00e7ons le mouvement et faisons passer l\u2019humain avant le profit\"}]},{\"@type\":\"WebSite\",\"@id\":\"https:\\\/\\\/350.org\\\/fr\\\/#website\",\"url\":\"https:\\\/\\\/350.org\\\/fr\\\/\",\"name\":\"350 Fran\u00e7ais\",\"description\":\"\",\"potentialAction\":[{\"@type\":\"SearchAction\",\"target\":{\"@type\":\"EntryPoint\",\"urlTemplate\":\"https:\\\/\\\/350.org\\\/fr\\\/?s={search_term_string}\"},\"query-input\":{\"@type\":\"PropertyValueSpecification\",\"valueRequired\":true,\"valueName\":\"search_term_string\"}}],\"inLanguage\":\"fr-FR\"},{\"@type\":\"Person\",\"@id\":\"https:\\\/\\\/350.org\\\/fr\\\/#\\\/schema\\\/person\\\/2d3c5290b521ac79fb6cac0a2737911e\",\"name\":\"christine\",\"image\":{\"@type\":\"ImageObject\",\"inLanguage\":\"fr-FR\",\"@id\":\"https:\\\/\\\/secure.gravatar.com\\\/avatar\\\/86c0c1eeed11bb9f4e6751752745f53e3278aadc6b3cadd92a0f02f9571bd986?s=96&d=mm&r=g\",\"url\":\"https:\\\/\\\/secure.gravatar.com\\\/avatar\\\/86c0c1eeed11bb9f4e6751752745f53e3278aadc6b3cadd92a0f02f9571bd986?s=96&d=mm&r=g\",\"contentUrl\":\"https:\\\/\\\/secure.gravatar.com\\\/avatar\\\/86c0c1eeed11bb9f4e6751752745f53e3278aadc6b3cadd92a0f02f9571bd986?s=96&d=mm&r=g\",\"caption\":\"christine\"},\"url\":\"https:\\\/\\\/350.org\\\/fr\\\/author\\\/christine\\\/\"}]}<\/script>\n<!-- \/ Yoast SEO Premium plugin. -->","yoast_head_json":{"title":"FossilFreeNews - Renfor\u00e7ons le mouvement et faisons passer l\u2019humain avant le profit - 350 Fran\u00e7ais","robots":{"index":"index","follow":"follow","max-snippet":"max-snippet:-1","max-image-preview":"max-image-preview:large","max-video-preview":"max-video-preview:-1"},"canonical":"https:\/\/350.org\/fr\/fossilfreenews-renforcons-le-mouvement-et-faisons-passer-lhumain-avant-le-profit\/","og_locale":"fr_FR","og_type":"article","og_title":"FossilFreeNews - Renfor\u00e7ons le mouvement et faisons passer l\u2019humain avant le profit","og_description":"Ensemble, nous pouvons d\u00e9fendre le bien-\u00eatre des individus face \u00e0 la cupidit\u00e9 des grandes entreprises","og_url":"https:\/\/350.org\/fr\/fossilfreenews-renforcons-le-mouvement-et-faisons-passer-lhumain-avant-le-profit\/","og_site_name":"350 Fran\u00e7ais","article_published_time":"2023-05-31T13:51:50+00:00","article_modified_time":"2023-10-13T15:18:34+00:00","og_image":[{"width":1024,"height":762,"url":"https:\/\/350.org\/fr\/wp-content\/uploads\/sites\/13\/2023\/05\/Screenshot-2023-05-30-at-13.09.45-1024x762.png","type":"image\/png"}],"author":"christine","twitter_card":"summary_large_image","twitter_misc":{"\u00c9crit par":"christine","Dur\u00e9e de lecture estim\u00e9e":"8 minutes"},"schema":{"@context":"https:\/\/schema.org","@graph":[{"@type":"Article","@id":"https:\/\/350.org\/fr\/fossilfreenews-renforcons-le-mouvement-et-faisons-passer-lhumain-avant-le-profit\/#article","isPartOf":{"@id":"https:\/\/350.org\/fr\/fossilfreenews-renforcons-le-mouvement-et-faisons-passer-lhumain-avant-le-profit\/"},"author":{"name":"christine","@id":"https:\/\/350.org\/fr\/#\/schema\/person\/2d3c5290b521ac79fb6cac0a2737911e"},"headline":"FossilFreeNews &#8211; Renfor\u00e7ons le mouvement et faisons passer l\u2019humain avant le profit","datePublished":"2023-05-31T13:51:50+00:00","dateModified":"2023-10-13T15:18:34+00:00","mainEntityOfPage":{"@id":"https:\/\/350.org\/fr\/fossilfreenews-renforcons-le-mouvement-et-faisons-passer-lhumain-avant-le-profit\/"},"wordCount":1569,"image":{"@id":"https:\/\/350.org\/fr\/fossilfreenews-renforcons-le-mouvement-et-faisons-passer-lhumain-avant-le-profit\/#primaryimage"},"thumbnailUrl":"https:\/\/350.org\/fr\/wp-content\/uploads\/sites\/13\/2023\/05\/Screenshot-2023-05-30-at-13.09.45.png","articleSection":["Featured"],"inLanguage":"fr-FR"},{"@type":"WebPage","@id":"https:\/\/350.org\/fr\/fossilfreenews-renforcons-le-mouvement-et-faisons-passer-lhumain-avant-le-profit\/","url":"https:\/\/350.org\/fr\/fossilfreenews-renforcons-le-mouvement-et-faisons-passer-lhumain-avant-le-profit\/","name":"FossilFreeNews - Renfor\u00e7ons le mouvement et faisons passer l\u2019humain avant le profit - 350 Fran\u00e7ais","isPartOf":{"@id":"https:\/\/350.org\/fr\/#website"},"primaryImageOfPage":{"@id":"https:\/\/350.org\/fr\/fossilfreenews-renforcons-le-mouvement-et-faisons-passer-lhumain-avant-le-profit\/#primaryimage"},"image":{"@id":"https:\/\/350.org\/fr\/fossilfreenews-renforcons-le-mouvement-et-faisons-passer-lhumain-avant-le-profit\/#primaryimage"},"thumbnailUrl":"https:\/\/350.org\/fr\/wp-content\/uploads\/sites\/13\/2023\/05\/Screenshot-2023-05-30-at-13.09.45.png","datePublished":"2023-05-31T13:51:50+00:00","dateModified":"2023-10-13T15:18:34+00:00","author":{"@id":"https:\/\/350.org\/fr\/#\/schema\/person\/2d3c5290b521ac79fb6cac0a2737911e"},"breadcrumb":{"@id":"https:\/\/350.org\/fr\/fossilfreenews-renforcons-le-mouvement-et-faisons-passer-lhumain-avant-le-profit\/#breadcrumb"},"inLanguage":"fr-FR","potentialAction":[{"@type":"ReadAction","target":["https:\/\/350.org\/fr\/fossilfreenews-renforcons-le-mouvement-et-faisons-passer-lhumain-avant-le-profit\/"]}]},{"@type":"ImageObject","inLanguage":"fr-FR","@id":"https:\/\/350.org\/fr\/fossilfreenews-renforcons-le-mouvement-et-faisons-passer-lhumain-avant-le-profit\/#primaryimage","url":"https:\/\/350.org\/fr\/wp-content\/uploads\/sites\/13\/2023\/05\/Screenshot-2023-05-30-at-13.09.45.png","contentUrl":"https:\/\/350.org\/fr\/wp-content\/uploads\/sites\/13\/2023\/05\/Screenshot-2023-05-30-at-13.09.45.png","width":1920,"height":1428},{"@type":"BreadcrumbList","@id":"https:\/\/350.org\/fr\/fossilfreenews-renforcons-le-mouvement-et-faisons-passer-lhumain-avant-le-profit\/#breadcrumb","itemListElement":[{"@type":"ListItem","position":1,"name":"Home","item":"https:\/\/350.org\/fr\/"},{"@type":"ListItem","position":2,"name":"FossilFreeNews &#8211; Renfor\u00e7ons le mouvement et faisons passer l\u2019humain avant le profit"}]},{"@type":"WebSite","@id":"https:\/\/350.org\/fr\/#website","url":"https:\/\/350.org\/fr\/","name":"350 Fran\u00e7ais","description":"","potentialAction":[{"@type":"SearchAction","target":{"@type":"EntryPoint","urlTemplate":"https:\/\/350.org\/fr\/?s={search_term_string}"},"query-input":{"@type":"PropertyValueSpecification","valueRequired":true,"valueName":"search_term_string"}}],"inLanguage":"fr-FR"},{"@type":"Person","@id":"https:\/\/350.org\/fr\/#\/schema\/person\/2d3c5290b521ac79fb6cac0a2737911e","name":"christine","image":{"@type":"ImageObject","inLanguage":"fr-FR","@id":"https:\/\/secure.gravatar.com\/avatar\/86c0c1eeed11bb9f4e6751752745f53e3278aadc6b3cadd92a0f02f9571bd986?s=96&d=mm&r=g","url":"https:\/\/secure.gravatar.com\/avatar\/86c0c1eeed11bb9f4e6751752745f53e3278aadc6b3cadd92a0f02f9571bd986?s=96&d=mm&r=g","contentUrl":"https:\/\/secure.gravatar.com\/avatar\/86c0c1eeed11bb9f4e6751752745f53e3278aadc6b3cadd92a0f02f9571bd986?s=96&d=mm&r=g","caption":"christine"},"url":"https:\/\/350.org\/fr\/author\/christine\/"}]}},"_links":{"self":[{"href":"https:\/\/350.org\/fr\/wp-json\/wp\/v2\/posts\/135523","targetHints":{"allow":["GET"]}}],"collection":[{"href":"https:\/\/350.org\/fr\/wp-json\/wp\/v2\/posts"}],"about":[{"href":"https:\/\/350.org\/fr\/wp-json\/wp\/v2\/types\/post"}],"author":[{"embeddable":true,"href":"https:\/\/350.org\/fr\/wp-json\/wp\/v2\/users\/10012254"}],"replies":[{"embeddable":true,"href":"https:\/\/350.org\/fr\/wp-json\/wp\/v2\/comments?post=135523"}],"version-history":[{"count":0,"href":"https:\/\/350.org\/fr\/wp-json\/wp\/v2\/posts\/135523\/revisions"}],"wp:featuredmedia":[{"embeddable":true,"href":"https:\/\/350.org\/fr\/wp-json\/wp\/v2\/media\/135524"}],"wp:attachment":[{"href":"https:\/\/350.org\/fr\/wp-json\/wp\/v2\/media?parent=135523"}],"wp:term":[{"taxonomy":"category","embeddable":true,"href":"https:\/\/350.org\/fr\/wp-json\/wp\/v2\/categories?post=135523"},{"taxonomy":"post_tag","embeddable":true,"href":"https:\/\/350.org\/fr\/wp-json\/wp\/v2\/tags?post=135523"}],"curies":[{"name":"wp","href":"https:\/\/api.w.org\/{rel}","templated":true}]}}