{"id":137699,"date":"2026-01-09T09:28:24","date_gmt":"2026-01-09T09:28:24","guid":{"rendered":"https:\/\/350.org\/fr\/?p=137699"},"modified":"2026-01-09T09:52:22","modified_gmt":"2026-01-09T09:52:22","slug":"reaction-de-350-org-au-retrait-des-etats-unis-de-la-ccnucc-et-de-multiples-organisations-internationales","status":"publish","type":"post","link":"https:\/\/350.org\/fr\/reaction-de-350-org-au-retrait-des-etats-unis-de-la-ccnucc-et-de-multiples-organisations-internationales\/","title":{"rendered":"R\u00e9action de 350.org au retrait des \u00c9tats-Unis de la CCNUCC et de multiples organisations internationales"},"content":{"rendered":"<p><span style=\"font-weight: 400;\">Le pr\u00e9sident am\u00e9ricain Donald Trump a sign\u00e9 un d\u00e9cret retirant les \u00c9tats-Unis de 66 organisations internationales, dont la Convention-cadre des Nations unies sur les changements climatiques (CCNUCC), trait\u00e9 datant de 1992 qui encadre la coop\u00e9ration internationale en mati\u00e8re de lutte contre le changement climatique, ainsi que de l&rsquo;autorit\u00e9 scientifique qu&rsquo;est le Groupe d&rsquo;experts intergouvernemental sur l&rsquo;\u00e9volution du climat (GIEC). Le pr\u00e9sident Trump <\/span><a href=\"https:\/\/www.whitehouse.gov\/fact-sheets\/2026\/01\/fact-sheet-president-donald-j-trump-withdraws-the-united-states-from-international-organizations-that-are-contrary-to-the-interests-of-the-united-states\/\"><b>a d\u00e9clar\u00e9<\/b><\/a><span style=\"font-weight: 400;\"> que ces organisations faisaient la promotion de \u00ab politiques climatiques radicales \u00bb et d\u2019une gouvernance mondiale qui \u00ab ne servent plus les int\u00e9r\u00eats am\u00e9ricains \u00bb.<\/span><\/p>\n<p><span style=\"font-weight: 400;\">Alors que le pr\u00e9sident Trump affirme que les contribuables am\u00e9ricains ont d\u00e9pens\u00e9 des milliards pour les trait\u00e9s des Nations unies sans \u00ab grand retour sur investissement \u00bb, l&rsquo;accord de Paris \u00e0 lui seul a permis d\u2019infl\u00e9chir la trajectoire de <\/span><a href=\"https:\/\/climateanalytics.org\/publications\/what-has-the-paris-agreement-done-for-us\"><b>r\u00e9chauffement pr\u00e9vu<\/b><\/a><span style=\"font-weight: 400;\"> d&rsquo;ici 2100 de 3,6 \u00b0C \u00e0 2,7 \u00b0C gr\u00e2ce \u00e0 la coop\u00e9ration internationale en mati\u00e8re de climat. Cette semaine marque tristement le premier anniversaire des incendies de Los Angeles, <\/span><a href=\"https:\/\/www.lemonde.fr\/planete\/article\/2025\/01\/29\/les-incendies-de-los-angeles-ont-ete-favorises-par-le-changement-climatique-estime-une-etude-internationale_6521067_3244.html\"><b>dop\u00e9s par le changement climatique<\/b><\/a><span style=\"font-weight: 400;\">, qui ont contraint 100 000 Am\u00e9ricain\u00b7e\u00b7s \u00e0 fuir leur domicile, co\u00fbt\u00e9 la vie \u00e0 plus de 400 d\u2019entre eux, et g\u00e9n\u00e9r\u00e9 60 milliards de dollars de d\u00e9g\u00e2ts. Cela devrait servir de piq\u00fbre de rappel au pr\u00e9sident am\u00e9ricain sur ce que le chaos climatique signifie pour ses propres citoyen\u00b7ne\u00b7s.<\/span><\/p>\n<h5><b>Fanny Petitbon, Responsable France chez <\/b><a href=\"http:\/\/350.org\/\"><b>350.org<\/b><\/a><b>\u00a0:\u00a0<\/b><\/h5>\n<p><i><span style=\"font-weight: 400;\">\u00ab En tournant le dos \u00e0 la Convention-cadre des Nations unies sur les changements climatiques, le pr\u00e9sident Donald Trump commet une faute historique, tant humaine qu&rsquo;\u00e9conomique. Alors que Los Angeles porte encore les stigmates des m\u00e9ga-feux dop\u00e9s par la crise climatique d&rsquo;il y a un an, cette d\u00e9cision met \u00e0 mal l\u2019avenir des citoyen\u00b7ne\u00b7s am\u00e9ricain\u00b7e\u00b7s de plus en plus touch\u00e9\u00b7e\u00b7s par des cyclones, incendies et inondations, tout en portant un s\u00e9rieux coup \u00e0 la comp\u00e9titivit\u00e9 am\u00e9ricaine face \u00e0 l&rsquo;in\u00e9luctable r\u00e9volution verte. La sortie des \u00c9tats-Unis de l\u2019Accord de Paris et de la CCNUCC sont des revers pour la diplomatie climatique mais aucun autre pays ne leur a embo\u00eet\u00e9 le pas. Isol\u00e9 diplomatiquement, Washington laisse le champ libre \u00e0 la France, forte de sa pr\u00e9sidence du G7, de transformer ce revers en un sursaut mondial pour une sortie juste et d\u00e9finitive des \u00e9nergies fossiles.\u00a0<\/span><\/i><\/p>\n<h5><b>Savio Carvalho, Directeur des campagnes et des r\u00e9seaux chez <\/b><a href=\"http:\/\/350.org\/\"><b>350.org<\/b><\/a><b> :<\/b><\/h5>\n<p><i><span style=\"font-weight: 400;\">\u00ab Les \u00c9tats-Unis se tirent une balle dans le pied en devenant le seul pays au monde \u00e0 se retirer de la course contre la montre dans laquelle l&rsquo;humanit\u00e9 est engag\u00e9e pour sauver la plan\u00e8te et les g\u00e9n\u00e9rations futures. Les \u00e9nergies renouvelables sont en train de changer rapidement et profond\u00e9ment les ressorts de l&rsquo;\u00e9conomie mondiale. Quitter la CCNUCC dans une tentative d\u00e9sesp\u00e9r\u00e9e de s&rsquo;accrocher \u00e0 l\u2019ancien monde des \u00e9nergies fossiles ne leur permettra pas de gagner en force \u00e9conomique, mais au contraire les condamnera \u00e0 la faiblesse et \u00e0 l&rsquo;isolement. Cela ne nous emp\u00eachera pas de continuer \u00e0 exiger des \u00c9tats-Unis, le plus grand \u00e9metteur historique de gaz \u00e0 effet de serre au monde, qu\u2019ils remplissent leur devoir moral de r\u00e9duire leurs \u00e9missions et de soutenir les populations les plus vuln\u00e9rables au changement climatique. Cela n&rsquo;arr\u00eatera pas non plus les plus de 80 pays qui ont affirm\u00e9 lors de la COP30 leur d\u00e9termination \u00e0 d\u00e9velopper une feuille de route de sortie du p\u00e9trole, du gaz et du charbon. Le pr\u00e9sident Trump ne peut pas bloquer la dynamique mondiale en faveur des \u00e9nergies propres et de la justice climatique, mais il fait perdre aux \u00c9tats-Unis des milliards d&rsquo;investissements en faveur de la protection du climat et tirent un trait sur le fait de montrer l\u2019exemple, alors que de plus en plus d&rsquo;entreprises, de gouvernements et de communaut\u00e9s en premi\u00e8re ligne des impacts climatiques, construisent d\u00e9j\u00e0 l\u2019\u00e9conomie de demain bas\u00e9e sur les renouvelables. \u00bb<\/span><\/i><\/p>\n<h5><b>Fenton Lutunatabua, Responsable du programme Pacifique et Cara\u00efbes chez <\/b><a href=\"http:\/\/350.org\/\"><b>350.org<\/b><\/a><b> :<\/b><\/h5>\n<p><i><span style=\"font-weight: 400;\">\u00ab La coop\u00e9ration internationale en mati\u00e8re de climat ne devrait pas \u00eatre \u00e0 la merci des d\u00e9cisions du gouvernement am\u00e9ricain, et nous continuons \u00e0 compter sur notre propre peuple pour faire preuve d\u2019un v\u00e9ritable leadership climatique. Malgr\u00e9 le blocage des pays riches, le Pacifique a toujours d\u00e9fendu la fin des \u00e9nergies fossiles et a permis de d\u00e9crocher la d\u00e9cision historique de la Cour internationale de justice sur le climat. Ce n&rsquo;est pas le moment pour d&rsquo;autres gros \u00e9metteurs historiques d\u2019\u00e9chapper \u00e0 leurs responsabilit\u00e9s, comme le font les \u00c9tats-Unis. Alors que ceux qui d\u00e9tiennent le pouvoir cherchent \u00e0 diviser la communaut\u00e9 internationale, il est plus important que jamais de rester uni\u00b7e\u00b7s dans notre combat pour garantir un avenir s\u00fbr et viable \u00e0 nos enfants. \u00bb<\/span><\/i><\/p>\n<p>&nbsp;<\/p>\n<h5><b>Contacts m\u00e9dias :<\/b><\/h5>\n<p><span style=\"font-weight: 400;\">Kim Bryan, responsable de la strat\u00e9gie et des relations m\u00e9dias chez <\/span><a href=\"http:\/\/350.org\/\"><b>350.org<\/b><\/a><span style=\"font-weight: 400;\">, <\/span><b>kim.bryan@350.org<\/b><span style=\"font-weight: 400;\">, +447770881503<\/span><\/p>\n<p><span style=\"font-weight: 400;\">Ilang-Ilang Quijano, responsable des campagnes m\u00e9dias chez <\/span><a href=\"http:\/\/350.org\/\"><b>350.org<\/b><\/a><span style=\"font-weight: 400;\">, <\/span><b>ilang.quijano@350.org<\/b><span style=\"font-weight: 400;\">, +639175810934<\/span><\/p>\n<p><br style=\"font-weight: 400;\" \/><br style=\"font-weight: 400;\" \/><\/p>\n","protected":false},"excerpt":{"rendered":"<p>Suite au d\u00e9cret sign\u00e9 par le Pr\u00e9sident Trump actant la sortie des \u00c9tats-Unis de 66 organisations internationales dont la CCNUCC, l&rsquo;ONG 350.org d\u00e9nonce une faute historique de la part de l&rsquo;administration am\u00e9ricaine, tant humaine qu&rsquo;\u00e9conomique.<\/p>\n","protected":false},"author":10012358,"featured_media":0,"comment_status":"closed","ping_status":"closed","sticky":false,"template":"","format":"standard","meta":{"_acf_changed":false,"footnotes":""},"categories":[212,21],"tags":[],"class_list":["post-137699","post","type-post","status-publish","format-standard","hentry","category-climate","category-north-america"],"acf":[],"yoast_head":"<!-- This site is optimized with the Yoast SEO Premium plugin v26.9 (Yoast SEO v28.3) - https:\/\/yoast.com\/product\/yoast-seo-premium-wordpress\/ -->\n<title>R\u00e9action de 350.org au retrait des \u00c9tats-Unis de la CCNUCC et de multiples organisations internationales - 350 Fran\u00e7ais<\/title>\n<meta name=\"description\" content=\"Suite au d\u00e9cret sign\u00e9 par le Pr\u00e9sident Trump actant la sortie des \u00c9tats-Unis de 66 organisations internationales dont la CCNUCC, l&#039;ONG 350.org d\u00e9nonce une faute historique de la part de l&#039;administration am\u00e9ricaine, tant humaine qu&#039;\u00e9conomique.\" \/>\n<meta name=\"robots\" content=\"index, follow, max-snippet:-1, max-image-preview:large, max-video-preview:-1\" \/>\n<link rel=\"canonical\" href=\"https:\/\/350.org\/fr\/reaction-de-350-org-au-retrait-des-etats-unis-de-la-ccnucc-et-de-multiples-organisations-internationales\/\" \/>\n<meta property=\"og:locale\" content=\"fr_FR\" \/>\n<meta property=\"og:type\" content=\"article\" \/>\n<meta property=\"og:title\" content=\"R\u00e9action de 350.org au retrait des \u00c9tats-Unis de la CCNUCC et de multiples organisations internationales\" \/>\n<meta property=\"og:description\" content=\"Suite au d\u00e9cret sign\u00e9 par le Pr\u00e9sident Trump actant la sortie des \u00c9tats-Unis de 66 organisations internationales dont la CCNUCC, l&#039;ONG 350.org d\u00e9nonce une faute historique de la part de l&#039;administration am\u00e9ricaine, tant humaine qu&#039;\u00e9conomique.\" \/>\n<meta property=\"og:url\" content=\"https:\/\/350.org\/fr\/reaction-de-350-org-au-retrait-des-etats-unis-de-la-ccnucc-et-de-multiples-organisations-internationales\/\" \/>\n<meta property=\"og:site_name\" content=\"350 Fran\u00e7ais\" \/>\n<meta property=\"article:published_time\" content=\"2026-01-09T09:28:24+00:00\" \/>\n<meta property=\"article:modified_time\" content=\"2026-01-09T09:52:22+00:00\" \/>\n<meta name=\"author\" content=\"fanny\" \/>\n<meta name=\"twitter:card\" content=\"summary_large_image\" \/>\n<meta name=\"twitter:label1\" content=\"\u00c9crit par\" \/>\n\t<meta name=\"twitter:data1\" content=\"fanny\" \/>\n\t<meta name=\"twitter:label2\" content=\"Dur\u00e9e de lecture estim\u00e9e\" \/>\n\t<meta name=\"twitter:data2\" content=\"4 minutes\" \/>\n<script type=\"application\/ld+json\" class=\"yoast-schema-graph\">{\"@context\":\"https:\\\/\\\/schema.org\",\"@graph\":[{\"@type\":\"Article\",\"@id\":\"https:\\\/\\\/350.org\\\/fr\\\/reaction-de-350-org-au-retrait-des-etats-unis-de-la-ccnucc-et-de-multiples-organisations-internationales\\\/#article\",\"isPartOf\":{\"@id\":\"https:\\\/\\\/350.org\\\/fr\\\/reaction-de-350-org-au-retrait-des-etats-unis-de-la-ccnucc-et-de-multiples-organisations-internationales\\\/\"},\"author\":{\"name\":\"fanny\",\"@id\":\"https:\\\/\\\/350.org\\\/fr\\\/#\\\/schema\\\/person\\\/edbce51cb92030642f293d62a398987b\"},\"headline\":\"R\u00e9action de 350.org au retrait des \u00c9tats-Unis de la CCNUCC et de multiples organisations internationales\",\"datePublished\":\"2026-01-09T09:28:24+00:00\",\"dateModified\":\"2026-01-09T09:52:22+00:00\",\"mainEntityOfPage\":{\"@id\":\"https:\\\/\\\/350.org\\\/fr\\\/reaction-de-350-org-au-retrait-des-etats-unis-de-la-ccnucc-et-de-multiples-organisations-internationales\\\/\"},\"wordCount\":870,\"articleSection\":[\"climate\",\"North America\"],\"inLanguage\":\"fr-FR\"},{\"@type\":\"WebPage\",\"@id\":\"https:\\\/\\\/350.org\\\/fr\\\/reaction-de-350-org-au-retrait-des-etats-unis-de-la-ccnucc-et-de-multiples-organisations-internationales\\\/\",\"url\":\"https:\\\/\\\/350.org\\\/fr\\\/reaction-de-350-org-au-retrait-des-etats-unis-de-la-ccnucc-et-de-multiples-organisations-internationales\\\/\",\"name\":\"R\u00e9action de 350.org au retrait des \u00c9tats-Unis de la CCNUCC et de multiples organisations internationales - 350 Fran\u00e7ais\",\"isPartOf\":{\"@id\":\"https:\\\/\\\/350.org\\\/fr\\\/#website\"},\"datePublished\":\"2026-01-09T09:28:24+00:00\",\"dateModified\":\"2026-01-09T09:52:22+00:00\",\"author\":{\"@id\":\"https:\\\/\\\/350.org\\\/fr\\\/#\\\/schema\\\/person\\\/edbce51cb92030642f293d62a398987b\"},\"description\":\"Suite au d\u00e9cret sign\u00e9 par le Pr\u00e9sident Trump actant la sortie des \u00c9tats-Unis de 66 organisations internationales dont la CCNUCC, l'ONG 350.org d\u00e9nonce une faute historique de la part de l'administration am\u00e9ricaine, tant humaine qu'\u00e9conomique.\",\"breadcrumb\":{\"@id\":\"https:\\\/\\\/350.org\\\/fr\\\/reaction-de-350-org-au-retrait-des-etats-unis-de-la-ccnucc-et-de-multiples-organisations-internationales\\\/#breadcrumb\"},\"inLanguage\":\"fr-FR\",\"potentialAction\":[{\"@type\":\"ReadAction\",\"target\":[\"https:\\\/\\\/350.org\\\/fr\\\/reaction-de-350-org-au-retrait-des-etats-unis-de-la-ccnucc-et-de-multiples-organisations-internationales\\\/\"]}]},{\"@type\":\"BreadcrumbList\",\"@id\":\"https:\\\/\\\/350.org\\\/fr\\\/reaction-de-350-org-au-retrait-des-etats-unis-de-la-ccnucc-et-de-multiples-organisations-internationales\\\/#breadcrumb\",\"itemListElement\":[{\"@type\":\"ListItem\",\"position\":1,\"name\":\"Home\",\"item\":\"https:\\\/\\\/350.org\\\/fr\\\/\"},{\"@type\":\"ListItem\",\"position\":2,\"name\":\"R\u00e9action de 350.org au retrait des \u00c9tats-Unis de la CCNUCC et de multiples organisations internationales\"}]},{\"@type\":\"WebSite\",\"@id\":\"https:\\\/\\\/350.org\\\/fr\\\/#website\",\"url\":\"https:\\\/\\\/350.org\\\/fr\\\/\",\"name\":\"350 Fran\u00e7ais\",\"description\":\"\",\"potentialAction\":[{\"@type\":\"SearchAction\",\"target\":{\"@type\":\"EntryPoint\",\"urlTemplate\":\"https:\\\/\\\/350.org\\\/fr\\\/?s={search_term_string}\"},\"query-input\":{\"@type\":\"PropertyValueSpecification\",\"valueRequired\":true,\"valueName\":\"search_term_string\"}}],\"inLanguage\":\"fr-FR\"},{\"@type\":\"Person\",\"@id\":\"https:\\\/\\\/350.org\\\/fr\\\/#\\\/schema\\\/person\\\/edbce51cb92030642f293d62a398987b\",\"name\":\"fanny\",\"image\":{\"@type\":\"ImageObject\",\"inLanguage\":\"fr-FR\",\"@id\":\"https:\\\/\\\/secure.gravatar.com\\\/avatar\\\/7bb20998df6d6dc2f76eb35d6cc23ca6aa25b2d2111b5167e7b38f663964758e?s=96&d=mm&r=g\",\"url\":\"https:\\\/\\\/secure.gravatar.com\\\/avatar\\\/7bb20998df6d6dc2f76eb35d6cc23ca6aa25b2d2111b5167e7b38f663964758e?s=96&d=mm&r=g\",\"contentUrl\":\"https:\\\/\\\/secure.gravatar.com\\\/avatar\\\/7bb20998df6d6dc2f76eb35d6cc23ca6aa25b2d2111b5167e7b38f663964758e?s=96&d=mm&r=g\",\"caption\":\"fanny\"},\"url\":\"https:\\\/\\\/350.org\\\/fr\\\/author\\\/fanny\\\/\"}]}<\/script>\n<!-- \/ Yoast SEO Premium plugin. -->","yoast_head_json":{"title":"R\u00e9action de 350.org au retrait des \u00c9tats-Unis de la CCNUCC et de multiples organisations internationales - 350 Fran\u00e7ais","description":"Suite au d\u00e9cret sign\u00e9 par le Pr\u00e9sident Trump actant la sortie des \u00c9tats-Unis de 66 organisations internationales dont la CCNUCC, l'ONG 350.org d\u00e9nonce une faute historique de la part de l'administration am\u00e9ricaine, tant humaine qu'\u00e9conomique.","robots":{"index":"index","follow":"follow","max-snippet":"max-snippet:-1","max-image-preview":"max-image-preview:large","max-video-preview":"max-video-preview:-1"},"canonical":"https:\/\/350.org\/fr\/reaction-de-350-org-au-retrait-des-etats-unis-de-la-ccnucc-et-de-multiples-organisations-internationales\/","og_locale":"fr_FR","og_type":"article","og_title":"R\u00e9action de 350.org au retrait des \u00c9tats-Unis de la CCNUCC et de multiples organisations internationales","og_description":"Suite au d\u00e9cret sign\u00e9 par le Pr\u00e9sident Trump actant la sortie des \u00c9tats-Unis de 66 organisations internationales dont la CCNUCC, l'ONG 350.org d\u00e9nonce une faute historique de la part de l'administration am\u00e9ricaine, tant humaine qu'\u00e9conomique.","og_url":"https:\/\/350.org\/fr\/reaction-de-350-org-au-retrait-des-etats-unis-de-la-ccnucc-et-de-multiples-organisations-internationales\/","og_site_name":"350 Fran\u00e7ais","article_published_time":"2026-01-09T09:28:24+00:00","article_modified_time":"2026-01-09T09:52:22+00:00","author":"fanny","twitter_card":"summary_large_image","twitter_misc":{"\u00c9crit par":"fanny","Dur\u00e9e de lecture estim\u00e9e":"4 minutes"},"schema":{"@context":"https:\/\/schema.org","@graph":[{"@type":"Article","@id":"https:\/\/350.org\/fr\/reaction-de-350-org-au-retrait-des-etats-unis-de-la-ccnucc-et-de-multiples-organisations-internationales\/#article","isPartOf":{"@id":"https:\/\/350.org\/fr\/reaction-de-350-org-au-retrait-des-etats-unis-de-la-ccnucc-et-de-multiples-organisations-internationales\/"},"author":{"name":"fanny","@id":"https:\/\/350.org\/fr\/#\/schema\/person\/edbce51cb92030642f293d62a398987b"},"headline":"R\u00e9action de 350.org au retrait des \u00c9tats-Unis de la CCNUCC et de multiples organisations internationales","datePublished":"2026-01-09T09:28:24+00:00","dateModified":"2026-01-09T09:52:22+00:00","mainEntityOfPage":{"@id":"https:\/\/350.org\/fr\/reaction-de-350-org-au-retrait-des-etats-unis-de-la-ccnucc-et-de-multiples-organisations-internationales\/"},"wordCount":870,"articleSection":["climate","North America"],"inLanguage":"fr-FR"},{"@type":"WebPage","@id":"https:\/\/350.org\/fr\/reaction-de-350-org-au-retrait-des-etats-unis-de-la-ccnucc-et-de-multiples-organisations-internationales\/","url":"https:\/\/350.org\/fr\/reaction-de-350-org-au-retrait-des-etats-unis-de-la-ccnucc-et-de-multiples-organisations-internationales\/","name":"R\u00e9action de 350.org au retrait des \u00c9tats-Unis de la CCNUCC et de multiples organisations internationales - 350 Fran\u00e7ais","isPartOf":{"@id":"https:\/\/350.org\/fr\/#website"},"datePublished":"2026-01-09T09:28:24+00:00","dateModified":"2026-01-09T09:52:22+00:00","author":{"@id":"https:\/\/350.org\/fr\/#\/schema\/person\/edbce51cb92030642f293d62a398987b"},"description":"Suite au d\u00e9cret sign\u00e9 par le Pr\u00e9sident Trump actant la sortie des \u00c9tats-Unis de 66 organisations internationales dont la CCNUCC, l'ONG 350.org d\u00e9nonce une faute historique de la part de l'administration am\u00e9ricaine, tant humaine qu'\u00e9conomique.","breadcrumb":{"@id":"https:\/\/350.org\/fr\/reaction-de-350-org-au-retrait-des-etats-unis-de-la-ccnucc-et-de-multiples-organisations-internationales\/#breadcrumb"},"inLanguage":"fr-FR","potentialAction":[{"@type":"ReadAction","target":["https:\/\/350.org\/fr\/reaction-de-350-org-au-retrait-des-etats-unis-de-la-ccnucc-et-de-multiples-organisations-internationales\/"]}]},{"@type":"BreadcrumbList","@id":"https:\/\/350.org\/fr\/reaction-de-350-org-au-retrait-des-etats-unis-de-la-ccnucc-et-de-multiples-organisations-internationales\/#breadcrumb","itemListElement":[{"@type":"ListItem","position":1,"name":"Home","item":"https:\/\/350.org\/fr\/"},{"@type":"ListItem","position":2,"name":"R\u00e9action de 350.org au retrait des \u00c9tats-Unis de la CCNUCC et de multiples organisations internationales"}]},{"@type":"WebSite","@id":"https:\/\/350.org\/fr\/#website","url":"https:\/\/350.org\/fr\/","name":"350 Fran\u00e7ais","description":"","potentialAction":[{"@type":"SearchAction","target":{"@type":"EntryPoint","urlTemplate":"https:\/\/350.org\/fr\/?s={search_term_string}"},"query-input":{"@type":"PropertyValueSpecification","valueRequired":true,"valueName":"search_term_string"}}],"inLanguage":"fr-FR"},{"@type":"Person","@id":"https:\/\/350.org\/fr\/#\/schema\/person\/edbce51cb92030642f293d62a398987b","name":"fanny","image":{"@type":"ImageObject","inLanguage":"fr-FR","@id":"https:\/\/secure.gravatar.com\/avatar\/7bb20998df6d6dc2f76eb35d6cc23ca6aa25b2d2111b5167e7b38f663964758e?s=96&d=mm&r=g","url":"https:\/\/secure.gravatar.com\/avatar\/7bb20998df6d6dc2f76eb35d6cc23ca6aa25b2d2111b5167e7b38f663964758e?s=96&d=mm&r=g","contentUrl":"https:\/\/secure.gravatar.com\/avatar\/7bb20998df6d6dc2f76eb35d6cc23ca6aa25b2d2111b5167e7b38f663964758e?s=96&d=mm&r=g","caption":"fanny"},"url":"https:\/\/350.org\/fr\/author\/fanny\/"}]}},"_links":{"self":[{"href":"https:\/\/350.org\/fr\/wp-json\/wp\/v2\/posts\/137699","targetHints":{"allow":["GET"]}}],"collection":[{"href":"https:\/\/350.org\/fr\/wp-json\/wp\/v2\/posts"}],"about":[{"href":"https:\/\/350.org\/fr\/wp-json\/wp\/v2\/types\/post"}],"author":[{"embeddable":true,"href":"https:\/\/350.org\/fr\/wp-json\/wp\/v2\/users\/10012358"}],"replies":[{"embeddable":true,"href":"https:\/\/350.org\/fr\/wp-json\/wp\/v2\/comments?post=137699"}],"version-history":[{"count":0,"href":"https:\/\/350.org\/fr\/wp-json\/wp\/v2\/posts\/137699\/revisions"}],"wp:attachment":[{"href":"https:\/\/350.org\/fr\/wp-json\/wp\/v2\/media?parent=137699"}],"wp:term":[{"taxonomy":"category","embeddable":true,"href":"https:\/\/350.org\/fr\/wp-json\/wp\/v2\/categories?post=137699"},{"taxonomy":"post_tag","embeddable":true,"href":"https:\/\/350.org\/fr\/wp-json\/wp\/v2\/tags?post=137699"}],"curies":[{"name":"wp","href":"https:\/\/api.w.org\/{rel}","templated":true}]}}