{"id":129670,"date":"2014-11-05T06:00:32","date_gmt":"2014-11-05T09:00:32","guid":{"rendered":"https:\/\/350.org\/pt\/?p=129670"},"modified":"2014-11-05T11:48:46","modified_gmt":"2014-11-05T14:48:46","slug":"10-conclusoes-importantes-retiradas-dos-relatorios-do-ipcc","status":"publish","type":"post","link":"https:\/\/350.org\/pt\/10-conclusoes-importantes-retiradas-dos-relatorios-do-ipcc\/","title":{"rendered":"10 conclus\u00f5es importantes retiradas dos Relat\u00f3rios do IPCC"},"content":{"rendered":"<p>A \u00faltima parte do Quinto Relat\u00f3rio de Avalia\u00e7\u00e3o (AR5) do Painel Intergovernamental sobre Mudan\u00e7as Clim\u00e1ticas (IPCC) da ONU tem seu lan\u00e7amento previsto para o dia 02 de novembro. O Relat\u00f3rio de S\u00edntese serve como uma pedra angular com o objetivo de filtrar, sintetizar e integrar as conclus\u00f5es encontradas a partir das contribui\u00e7\u00f5es dos grupos de trabalho divulgadas ao longo deste \u00faltimo ano. Ao longo do ano passado, os relat\u00f3rios dos tr\u00eas Grupos de Trabalho abordaram os dados cient\u00edficos sobre os aspectos f\u00edsicos das mudan\u00e7as clim\u00e1ticas (<a href=\"https:\/\/350.org\/pt\/relatorio-do-ipcc-confirma-agir-em-relacao-as-mudancas-climaticas-e-nossa-unica-escolha\/\">Grupo de Trabalho 1<\/a>), a vulnerabilidade aos impactos clim\u00e1ticos e adapta\u00e7\u00e3o a eles (<a href=\"https:\/\/350.org\/pt\/relatorio-ipcc-ninguem-neste-planeta-sera-poupado-dos-impactos-das-mudancas-climaticas\/\">Grupo de Trabalho 2<\/a>), e as estrat\u00e9gias de mitiga\u00e7\u00e3o para lidar com as altera\u00e7\u00f5es clim\u00e1ticas (<a href=\"https:\/\/350.org\/pt\/ipcc-retirar-investimentos-dos-combustiveis-fosseis-para-um-futuro-seguro\/\">Grupo de Trabalho 3<\/a>). <a href=\"https:\/\/350.org\/pt\/relatorio-do-ipcc-confirma-agir-em-relacao-as-mudancas-climaticas-e-nossa-unica-escolha\/\">Em sua ess\u00eancia, atrav\u00e9s destes relat\u00f3rios o IPCC mostrou que:<\/a><\/p>\n<ul>\n<li>A mudan\u00e7a clim\u00e1tica est\u00e1 aqui, foi provocada pelo homem e j\u00e1 est\u00e1 tendo impactos perigosos em todos os continentes e no oceano;<\/li>\n<li>O aquecimento global ainda pode ser mantido abaixo do limite acordado politicamente, de 2 graus Celsius acima dos n\u00edveis pr\u00e9-industriais;<\/li>\n<li>Garantir um futuro clim\u00e1tico seguro \u00e9 poss\u00edvel e economicamente vi\u00e1vel, se medidas imediatas forem tomadas.<\/li>\n<\/ul>\n<p>A seguir, uma vis\u00e3o mais detalhada das <strong>dez conclus\u00f5es mais importantes retiradas destes tr\u00eas relat\u00f3rios<\/strong>: 1. <em>As mudan\u00e7as clim\u00e1ticas s\u00e3o causadas primariamente por seres humanos.<\/em> O Grupo de Trabalho 1 descobriu, com 95% de confian\u00e7a, que os seres humanos t\u00eam causado a maior parte do aquecimento observado desde 1951. <a href=\"https:\/\/350.org\/pt\/wp-content\/uploads\/sites\/12\/2014\/10\/ipcc1.jpg\"><img loading=\"lazy\" decoding=\"async\" class=\"alignnone size-full wp-image-129671\" src=\"https:\/\/350.org\/pt\/wp-content\/uploads\/sites\/12\/2014\/10\/ipcc1.jpg\" alt=\"ipcc1\" width=\"460\" height=\"276\" srcset=\"https:\/\/350.org\/pt\/wp-content\/uploads\/sites\/12\/2014\/10\/ipcc1.jpg 460w, https:\/\/350.org\/pt\/wp-content\/uploads\/sites\/12\/2014\/10\/ipcc1-225x135.jpg 225w, https:\/\/350.org\/pt\/wp-content\/uploads\/sites\/12\/2014\/10\/ipcc1-300x180.jpg 300w, https:\/\/350.org\/pt\/wp-content\/uploads\/sites\/12\/2014\/10\/ipcc1-430x258.jpg 430w\" sizes=\"auto, (max-width: 460px) 100vw, 460px\" \/><\/a> 2. <em>As mudan\u00e7as clim\u00e1ticas est\u00e3o em acelera\u00e7\u00e3o.<\/em> Muitos indicadores das mudan\u00e7as clim\u00e1ticas est\u00e3o acelerando: o derretimento das camadas de gelo, o derretimento glacial e a eleva\u00e7\u00e3o do n\u00edvel do mar aceleraram mais r\u00e1pido do que o previsto anteriormente. <a href=\"https:\/\/350.org\/pt\/wp-content\/uploads\/sites\/12\/2014\/10\/Ipcc2.jpg\"><img loading=\"lazy\" decoding=\"async\" class=\"alignnone size-full wp-image-129672\" src=\"https:\/\/350.org\/pt\/wp-content\/uploads\/sites\/12\/2014\/10\/Ipcc2.jpg\" alt=\"Ipcc2\" width=\"520\" height=\"390\" srcset=\"https:\/\/350.org\/pt\/wp-content\/uploads\/sites\/12\/2014\/10\/Ipcc2.jpg 520w, https:\/\/350.org\/pt\/wp-content\/uploads\/sites\/12\/2014\/10\/Ipcc2-200x150.jpg 200w, https:\/\/350.org\/pt\/wp-content\/uploads\/sites\/12\/2014\/10\/Ipcc2-300x224.jpg 300w, https:\/\/350.org\/pt\/wp-content\/uploads\/sites\/12\/2014\/10\/Ipcc2-430x322.jpg 430w\" sizes=\"auto, (max-width: 520px) 100vw, 520px\" \/><\/a> 3. <em>As mudan\u00e7as clim\u00e1ticas est\u00e3o afetando eventos meteorol\u00f3gicos extremos.<\/em> Aumentos na frequ\u00eancia e na intensidade de alguns tipos de eventos meteorol\u00f3gicos extremos t\u00eam sido detectados atualmente, e projeta-se que outros tipos ter\u00e3o aumentos no futuro. <a href=\"https:\/\/350.org\/pt\/wp-content\/uploads\/sites\/12\/2014\/10\/Ipcc3.jpg\"><img loading=\"lazy\" decoding=\"async\" class=\"alignnone size-full wp-image-129673\" src=\"https:\/\/350.org\/pt\/wp-content\/uploads\/sites\/12\/2014\/10\/Ipcc3.jpg\" alt=\"Ipcc3\" width=\"620\" height=\"413\" srcset=\"https:\/\/350.org\/pt\/wp-content\/uploads\/sites\/12\/2014\/10\/Ipcc3.jpg 620w, https:\/\/350.org\/pt\/wp-content\/uploads\/sites\/12\/2014\/10\/Ipcc3-225x150.jpg 225w, https:\/\/350.org\/pt\/wp-content\/uploads\/sites\/12\/2014\/10\/Ipcc3-300x199.jpg 300w, https:\/\/350.org\/pt\/wp-content\/uploads\/sites\/12\/2014\/10\/Ipcc3-430x286.jpg 430w\" sizes=\"auto, (max-width: 620px) 100vw, 620px\" \/><\/a> 4. <em>Ningu\u00e9m vai ficar imune aos impactos das mudan\u00e7as clim\u00e1ticas.<\/em> Em todos os lugares, as pessoas est\u00e3o vulner\u00e1veis a condi\u00e7\u00f5es clim\u00e1ticas e eventos meteorol\u00f3gicos extremos, enquanto a adapta\u00e7\u00e3o e a prepara\u00e7\u00e3o para eles continuam baixas, o que pode resultar em consequ\u00eancias graves \u00e0 medida que os impactos aumentarem. <a href=\"https:\/\/350.org\/pt\/wp-content\/uploads\/sites\/12\/2014\/10\/Ipcc4.jpg\"><img loading=\"lazy\" decoding=\"async\" class=\"alignnone size-full wp-image-129674\" src=\"https:\/\/350.org\/pt\/wp-content\/uploads\/sites\/12\/2014\/10\/Ipcc4.jpg\" alt=\"Ipcc4\" width=\"1024\" height=\"705\" srcset=\"https:\/\/350.org\/pt\/wp-content\/uploads\/sites\/12\/2014\/10\/Ipcc4.jpg 1024w, https:\/\/350.org\/pt\/wp-content\/uploads\/sites\/12\/2014\/10\/Ipcc4-217x150.jpg 217w, https:\/\/350.org\/pt\/wp-content\/uploads\/sites\/12\/2014\/10\/Ipcc4-300x206.jpg 300w, https:\/\/350.org\/pt\/wp-content\/uploads\/sites\/12\/2014\/10\/Ipcc4-430x296.jpg 430w, https:\/\/350.org\/pt\/wp-content\/uploads\/sites\/12\/2014\/10\/Ipcc4-270x185.jpg 270w\" sizes=\"auto, (max-width: 1024px) 100vw, 1024px\" \/><\/a> 5. <em>A mudan\u00e7a clim\u00e1tica j\u00e1 est\u00e1 prejudicando a produ\u00e7\u00e3o agr\u00edcola, e isso vai piorar.<\/em> <a href=\"https:\/\/350.org\/pt\/wp-content\/uploads\/sites\/12\/2014\/10\/ipcc5.jpg\"><img loading=\"lazy\" decoding=\"async\" class=\"alignnone size-full wp-image-129675\" src=\"https:\/\/350.org\/pt\/wp-content\/uploads\/sites\/12\/2014\/10\/ipcc5.jpg\" alt=\"ipcc5\" width=\"765\" height=\"504\" srcset=\"https:\/\/350.org\/pt\/wp-content\/uploads\/sites\/12\/2014\/10\/ipcc5.jpg 765w, https:\/\/350.org\/pt\/wp-content\/uploads\/sites\/12\/2014\/10\/ipcc5-225x148.jpg 225w, https:\/\/350.org\/pt\/wp-content\/uploads\/sites\/12\/2014\/10\/ipcc5-300x197.jpg 300w, https:\/\/350.org\/pt\/wp-content\/uploads\/sites\/12\/2014\/10\/ipcc5-430x283.jpg 430w\" sizes=\"auto, (max-width: 765px) 100vw, 765px\" \/><\/a> 6. <em>Mais demora = metas de temperatura ser\u00e3o excedidas.<\/em> Se nenhuma a\u00e7\u00e3o for tomada, a meta de 2\u00ba C acordada pelos l\u00edderes mundiais em breve estar\u00e1 fora de nosso alcance. Se as emiss\u00f5es de gases do efeito estufa continuarem aumentando no ritmo atual, projeta-se uma temperatura global m\u00e9dia entre 2.6 e 4.8\u00ba C mais alta at\u00e9 o final do s\u00e9culo. <a href=\"https:\/\/350.org\/pt\/wp-content\/uploads\/sites\/12\/2014\/10\/ipcc6.jpg\"><img loading=\"lazy\" decoding=\"async\" class=\"alignnone size-full wp-image-129676\" src=\"https:\/\/350.org\/pt\/wp-content\/uploads\/sites\/12\/2014\/10\/ipcc6.jpg\" alt=\"ipcc6\" width=\"560\" height=\"380\" srcset=\"https:\/\/350.org\/pt\/wp-content\/uploads\/sites\/12\/2014\/10\/ipcc6.jpg 560w, https:\/\/350.org\/pt\/wp-content\/uploads\/sites\/12\/2014\/10\/ipcc6-221x150.jpg 221w, https:\/\/350.org\/pt\/wp-content\/uploads\/sites\/12\/2014\/10\/ipcc6-300x203.jpg 300w, https:\/\/350.org\/pt\/wp-content\/uploads\/sites\/12\/2014\/10\/ipcc6-430x291.jpg 430w\" sizes=\"auto, (max-width: 560px) 100vw, 560px\" \/><\/a> 7. <em>A solu\u00e7\u00e3o \u00e9 investir em fontes renov\u00e1veis na transi\u00e7\u00e3o para uma economia de baixo consumo de carbono.<\/em> A energia renov\u00e1vel ter\u00e1 de triplicar ou quadruplicar at\u00e9 2050 para que as metas de temperatura sejam alcan\u00e7adas. Enquanto isso, o di\u00f3xido de carbono gerado por combust\u00edveis f\u00f3sseis e pela ind\u00fastria foi respons\u00e1vel por cerca de \u00be da polui\u00e7\u00e3o por gases do efeito estufa desde 1970. <a href=\"https:\/\/350.org\/pt\/wp-content\/uploads\/sites\/12\/2014\/10\/ipcc7.jpg\"><img loading=\"lazy\" decoding=\"async\" class=\"alignnone size-full wp-image-129677\" src=\"https:\/\/350.org\/pt\/wp-content\/uploads\/sites\/12\/2014\/10\/ipcc7.jpg\" alt=\"ipcc7\" width=\"598\" height=\"327\" srcset=\"https:\/\/350.org\/pt\/wp-content\/uploads\/sites\/12\/2014\/10\/ipcc7.jpg 598w, https:\/\/350.org\/pt\/wp-content\/uploads\/sites\/12\/2014\/10\/ipcc7-225x123.jpg 225w, https:\/\/350.org\/pt\/wp-content\/uploads\/sites\/12\/2014\/10\/ipcc7-300x164.jpg 300w, https:\/\/350.org\/pt\/wp-content\/uploads\/sites\/12\/2014\/10\/ipcc7-430x235.jpg 430w\" sizes=\"auto, (max-width: 598px) 100vw, 598px\" \/><\/a> 8. <em>Limitar o aquecimento a 2\u00ba C \u00e9 pr\u00e1tico e poss\u00edvel de ser alcan\u00e7ado.<\/em> O custo da energia renov\u00e1vel est\u00e1 caindo, e as taxas de desmatamento diminu\u00edram. <a href=\"https:\/\/350.org\/pt\/wp-content\/uploads\/sites\/12\/2014\/10\/ipcc8.jpg\"><img loading=\"lazy\" decoding=\"async\" class=\"alignnone size-full wp-image-129678\" src=\"https:\/\/350.org\/pt\/wp-content\/uploads\/sites\/12\/2014\/10\/ipcc8.jpg\" alt=\"ipcc8\" width=\"620\" height=\"413\" srcset=\"https:\/\/350.org\/pt\/wp-content\/uploads\/sites\/12\/2014\/10\/ipcc8.jpg 620w, https:\/\/350.org\/pt\/wp-content\/uploads\/sites\/12\/2014\/10\/ipcc8-225x150.jpg 225w, https:\/\/350.org\/pt\/wp-content\/uploads\/sites\/12\/2014\/10\/ipcc8-300x199.jpg 300w, https:\/\/350.org\/pt\/wp-content\/uploads\/sites\/12\/2014\/10\/ipcc8-430x286.jpg 430w\" sizes=\"auto, (max-width: 620px) 100vw, 620px\" \/><\/a> 9. <em>O crescimento econ\u00f4mico ser\u00e1 MAIOR se investirmos em energia limpa, e MENOR se nos recusarmos a aumentar os investimentos em energia limpa. O IPCC \u00e9 claro ao dizer que se seguirmos no caminho convencional dos combust\u00edveis f\u00f3sseis, os impactos ser\u00e3o catastr\u00f3ficos.<\/em> Para atingir as metas, os cen\u00e1rios mostram que \u00e9 necess\u00e1rio um decl\u00ednio de 30 bilh\u00f5es de d\u00f3lares por ano nos investimentos em combust\u00edveis f\u00f3sseis, um aumento de 147 bilh\u00f5es de d\u00f3lares por ano nos investimentos em energia com baixo teor de carbono, e um aumento de 100 bilh\u00f5es de d\u00f3lares por ano nos investimentos em efici\u00eancia energ\u00e9tica. Os investimentos na infraestrutura permanente para combust\u00edveis f\u00f3sseis ser\u00e3o dif\u00edceis e dispendiosos de mudar. <a href=\"https:\/\/350.org\/pt\/wp-content\/uploads\/sites\/12\/2014\/10\/ipcc9.jpg\"><img loading=\"lazy\" decoding=\"async\" class=\"alignnone size-full wp-image-129679\" src=\"https:\/\/350.org\/pt\/wp-content\/uploads\/sites\/12\/2014\/10\/ipcc9.jpg\" alt=\"RNS-FOSSIL-FUELS\" width=\"427\" height=\"265\" srcset=\"https:\/\/350.org\/pt\/wp-content\/uploads\/sites\/12\/2014\/10\/ipcc9.jpg 427w, https:\/\/350.org\/pt\/wp-content\/uploads\/sites\/12\/2014\/10\/ipcc9-225x139.jpg 225w, https:\/\/350.org\/pt\/wp-content\/uploads\/sites\/12\/2014\/10\/ipcc9-300x186.jpg 300w\" sizes=\"auto, (max-width: 427px) 100vw, 427px\" \/><\/a> 10. <em>Estamos em uma encruzilhada crucial<\/em>: podemos ir para o caminho da energia limpa, em que o crescimento econ\u00f4mico \u00e9 forte, ou continuar no caminho da depend\u00eancia de combust\u00edveis f\u00f3sseis, onde o crescimento econ\u00f4mico est\u00e1 amea\u00e7ado pelas mudan\u00e7as clim\u00e1ticas. <a href=\"https:\/\/350.org\/pt\/wp-content\/uploads\/sites\/12\/2014\/10\/ipcc10.jpg\"><img loading=\"lazy\" decoding=\"async\" class=\"alignnone size-full wp-image-129680\" src=\"https:\/\/350.org\/pt\/wp-content\/uploads\/sites\/12\/2014\/10\/ipcc10.jpg\" alt=\"ipcc10\" width=\"800\" height=\"676\" srcset=\"https:\/\/350.org\/pt\/wp-content\/uploads\/sites\/12\/2014\/10\/ipcc10.jpg 800w, https:\/\/350.org\/pt\/wp-content\/uploads\/sites\/12\/2014\/10\/ipcc10-177x150.jpg 177w, https:\/\/350.org\/pt\/wp-content\/uploads\/sites\/12\/2014\/10\/ipcc10-300x253.jpg 300w, https:\/\/350.org\/pt\/wp-content\/uploads\/sites\/12\/2014\/10\/ipcc10-430x363.jpg 430w\" sizes=\"auto, (max-width: 800px) 100vw, 800px\" \/><\/a> Para an\u00e1lises adicionais: <a href=\"https:\/\/climatenexus.org\/resources\/ipcc-orientation\/\">Orienta\u00e7\u00e3o Climate Nexus do IPCC<\/a><\/p>\n","protected":false},"excerpt":{"rendered":"<p>A \u00faltima parte do Quinto Relat\u00f3rio de Avalia\u00e7\u00e3o (AR5) do Painel Intergovernamental sobre Mudan\u00e7as Clim\u00e1ticas (IPCC) da ONU tem seu<span class=\"text-cutoff\">&#8230;<\/span><\/p>\n","protected":false},"author":16284,"featured_media":129678,"comment_status":"open","ping_status":"open","sticky":false,"template":"","format":"standard","meta":{"_acf_changed":false,"footnotes":""},"categories":[4],"tags":[],"class_list":["post-129670","post","type-post","status-publish","format-standard","has-post-thumbnail","hentry","category-featured"],"acf":[],"yoast_head":"<!-- This site is optimized with the Yoast SEO Premium plugin v26.9 (Yoast SEO v27.5) - https:\/\/yoast.com\/product\/yoast-seo-premium-wordpress\/ -->\n<title>10 conclus\u00f5es importantes retiradas dos Relat\u00f3rios do IPCC - 350 Portugu\u00eas<\/title>\n<meta name=\"robots\" content=\"index, follow, max-snippet:-1, max-image-preview:large, max-video-preview:-1\" \/>\n<link rel=\"canonical\" href=\"https:\/\/350.org\/pt\/10-conclusoes-importantes-retiradas-dos-relatorios-do-ipcc\/\" \/>\n<meta property=\"og:locale\" content=\"pt_BR\" \/>\n<meta property=\"og:type\" content=\"article\" \/>\n<meta property=\"og:title\" content=\"10 conclus\u00f5es importantes retiradas dos Relat\u00f3rios do IPCC\" \/>\n<meta property=\"og:description\" content=\"A \u00faltima parte do Quinto Relat\u00f3rio de Avalia\u00e7\u00e3o (AR5) do Painel Intergovernamental sobre Mudan\u00e7as Clim\u00e1ticas (IPCC) da ONU tem seu...\" \/>\n<meta property=\"og:url\" content=\"https:\/\/350.org\/pt\/10-conclusoes-importantes-retiradas-dos-relatorios-do-ipcc\/\" \/>\n<meta property=\"og:site_name\" content=\"350 Portugu\u00eas\" \/>\n<meta property=\"article:published_time\" content=\"2014-11-05T09:00:32+00:00\" \/>\n<meta property=\"article:modified_time\" content=\"2014-11-05T14:48:46+00:00\" \/>\n<meta property=\"og:image\" content=\"https:\/\/350.org\/pt\/wp-content\/uploads\/sites\/12\/2014\/10\/ipcc8.jpg\" \/>\n\t<meta property=\"og:image:width\" content=\"620\" \/>\n\t<meta property=\"og:image:height\" content=\"413\" \/>\n\t<meta property=\"og:image:type\" content=\"image\/jpeg\" \/>\n<meta name=\"twitter:card\" content=\"summary_large_image\" \/>\n<meta name=\"twitter:label1\" content=\"Escrito por\" \/>\n\t<meta name=\"twitter:data1\" content=\"\" \/>\n\t<meta name=\"twitter:label2\" content=\"Est. tempo de leitura\" \/>\n\t<meta name=\"twitter:data2\" content=\"4 minutos\" \/>\n<script type=\"application\/ld+json\" class=\"yoast-schema-graph\">{\"@context\":\"https:\\\/\\\/schema.org\",\"@graph\":[{\"@type\":\"Article\",\"@id\":\"https:\\\/\\\/350.org\\\/pt\\\/10-conclusoes-importantes-retiradas-dos-relatorios-do-ipcc\\\/#article\",\"isPartOf\":{\"@id\":\"https:\\\/\\\/350.org\\\/pt\\\/10-conclusoes-importantes-retiradas-dos-relatorios-do-ipcc\\\/\"},\"author\":{\"name\":\"\",\"@id\":\"\"},\"headline\":\"10 conclus\u00f5es importantes retiradas dos Relat\u00f3rios do IPCC\",\"datePublished\":\"2014-11-05T09:00:32+00:00\",\"dateModified\":\"2014-11-05T14:48:46+00:00\",\"mainEntityOfPage\":{\"@id\":\"https:\\\/\\\/350.org\\\/pt\\\/10-conclusoes-importantes-retiradas-dos-relatorios-do-ipcc\\\/\"},\"wordCount\":779,\"commentCount\":1,\"image\":{\"@id\":\"https:\\\/\\\/350.org\\\/pt\\\/10-conclusoes-importantes-retiradas-dos-relatorios-do-ipcc\\\/#primaryimage\"},\"thumbnailUrl\":\"https:\\\/\\\/350.org\\\/pt\\\/wp-content\\\/uploads\\\/sites\\\/12\\\/2014\\\/10\\\/ipcc8.jpg\",\"articleSection\":[\"Featured\"],\"inLanguage\":\"pt-BR\",\"potentialAction\":[{\"@type\":\"CommentAction\",\"name\":\"Comment\",\"target\":[\"https:\\\/\\\/350.org\\\/pt\\\/10-conclusoes-importantes-retiradas-dos-relatorios-do-ipcc\\\/#respond\"]}]},{\"@type\":\"WebPage\",\"@id\":\"https:\\\/\\\/350.org\\\/pt\\\/10-conclusoes-importantes-retiradas-dos-relatorios-do-ipcc\\\/\",\"url\":\"https:\\\/\\\/350.org\\\/pt\\\/10-conclusoes-importantes-retiradas-dos-relatorios-do-ipcc\\\/\",\"name\":\"10 conclus\u00f5es importantes retiradas dos Relat\u00f3rios do IPCC - 350 Portugu\u00eas\",\"isPartOf\":{\"@id\":\"https:\\\/\\\/350.org\\\/pt\\\/#website\"},\"primaryImageOfPage\":{\"@id\":\"https:\\\/\\\/350.org\\\/pt\\\/10-conclusoes-importantes-retiradas-dos-relatorios-do-ipcc\\\/#primaryimage\"},\"image\":{\"@id\":\"https:\\\/\\\/350.org\\\/pt\\\/10-conclusoes-importantes-retiradas-dos-relatorios-do-ipcc\\\/#primaryimage\"},\"thumbnailUrl\":\"https:\\\/\\\/350.org\\\/pt\\\/wp-content\\\/uploads\\\/sites\\\/12\\\/2014\\\/10\\\/ipcc8.jpg\",\"datePublished\":\"2014-11-05T09:00:32+00:00\",\"dateModified\":\"2014-11-05T14:48:46+00:00\",\"author\":{\"@id\":\"\"},\"breadcrumb\":{\"@id\":\"https:\\\/\\\/350.org\\\/pt\\\/10-conclusoes-importantes-retiradas-dos-relatorios-do-ipcc\\\/#breadcrumb\"},\"inLanguage\":\"pt-BR\",\"potentialAction\":[{\"@type\":\"ReadAction\",\"target\":[\"https:\\\/\\\/350.org\\\/pt\\\/10-conclusoes-importantes-retiradas-dos-relatorios-do-ipcc\\\/\"]}]},{\"@type\":\"ImageObject\",\"inLanguage\":\"pt-BR\",\"@id\":\"https:\\\/\\\/350.org\\\/pt\\\/10-conclusoes-importantes-retiradas-dos-relatorios-do-ipcc\\\/#primaryimage\",\"url\":\"https:\\\/\\\/350.org\\\/pt\\\/wp-content\\\/uploads\\\/sites\\\/12\\\/2014\\\/10\\\/ipcc8.jpg\",\"contentUrl\":\"https:\\\/\\\/350.org\\\/pt\\\/wp-content\\\/uploads\\\/sites\\\/12\\\/2014\\\/10\\\/ipcc8.jpg\",\"width\":620,\"height\":413},{\"@type\":\"BreadcrumbList\",\"@id\":\"https:\\\/\\\/350.org\\\/pt\\\/10-conclusoes-importantes-retiradas-dos-relatorios-do-ipcc\\\/#breadcrumb\",\"itemListElement\":[{\"@type\":\"ListItem\",\"position\":1,\"name\":\"Home\",\"item\":\"https:\\\/\\\/350.org\\\/pt\\\/\"},{\"@type\":\"ListItem\",\"position\":2,\"name\":\"10 conclus\u00f5es importantes retiradas dos Relat\u00f3rios do IPCC\"}]},{\"@type\":\"WebSite\",\"@id\":\"https:\\\/\\\/350.org\\\/pt\\\/#website\",\"url\":\"https:\\\/\\\/350.org\\\/pt\\\/\",\"name\":\"350 Portugu\u00eas\",\"description\":\"\",\"potentialAction\":[{\"@type\":\"SearchAction\",\"target\":{\"@type\":\"EntryPoint\",\"urlTemplate\":\"https:\\\/\\\/350.org\\\/pt\\\/?s={search_term_string}\"},\"query-input\":{\"@type\":\"PropertyValueSpecification\",\"valueRequired\":true,\"valueName\":\"search_term_string\"}}],\"inLanguage\":\"pt-BR\"},{\"@type\":\"Person\",\"@id\":\"\",\"url\":\"https:\\\/\\\/350.org\\\/pt\\\/author\\\/\"}]}<\/script>\n<!-- \/ Yoast SEO Premium plugin. -->","yoast_head_json":{"title":"10 conclus\u00f5es importantes retiradas dos Relat\u00f3rios do IPCC - 350 Portugu\u00eas","robots":{"index":"index","follow":"follow","max-snippet":"max-snippet:-1","max-image-preview":"max-image-preview:large","max-video-preview":"max-video-preview:-1"},"canonical":"https:\/\/350.org\/pt\/10-conclusoes-importantes-retiradas-dos-relatorios-do-ipcc\/","og_locale":"pt_BR","og_type":"article","og_title":"10 conclus\u00f5es importantes retiradas dos Relat\u00f3rios do IPCC","og_description":"A \u00faltima parte do Quinto Relat\u00f3rio de Avalia\u00e7\u00e3o (AR5) do Painel Intergovernamental sobre Mudan\u00e7as Clim\u00e1ticas (IPCC) da ONU tem seu...","og_url":"https:\/\/350.org\/pt\/10-conclusoes-importantes-retiradas-dos-relatorios-do-ipcc\/","og_site_name":"350 Portugu\u00eas","article_published_time":"2014-11-05T09:00:32+00:00","article_modified_time":"2014-11-05T14:48:46+00:00","og_image":[{"width":620,"height":413,"url":"https:\/\/350.org\/pt\/wp-content\/uploads\/sites\/12\/2014\/10\/ipcc8.jpg","type":"image\/jpeg"}],"twitter_card":"summary_large_image","twitter_misc":{"Escrito por":"","Est. tempo de leitura":"4 minutos"},"schema":{"@context":"https:\/\/schema.org","@graph":[{"@type":"Article","@id":"https:\/\/350.org\/pt\/10-conclusoes-importantes-retiradas-dos-relatorios-do-ipcc\/#article","isPartOf":{"@id":"https:\/\/350.org\/pt\/10-conclusoes-importantes-retiradas-dos-relatorios-do-ipcc\/"},"author":{"name":"","@id":""},"headline":"10 conclus\u00f5es importantes retiradas dos Relat\u00f3rios do IPCC","datePublished":"2014-11-05T09:00:32+00:00","dateModified":"2014-11-05T14:48:46+00:00","mainEntityOfPage":{"@id":"https:\/\/350.org\/pt\/10-conclusoes-importantes-retiradas-dos-relatorios-do-ipcc\/"},"wordCount":779,"commentCount":1,"image":{"@id":"https:\/\/350.org\/pt\/10-conclusoes-importantes-retiradas-dos-relatorios-do-ipcc\/#primaryimage"},"thumbnailUrl":"https:\/\/350.org\/pt\/wp-content\/uploads\/sites\/12\/2014\/10\/ipcc8.jpg","articleSection":["Featured"],"inLanguage":"pt-BR","potentialAction":[{"@type":"CommentAction","name":"Comment","target":["https:\/\/350.org\/pt\/10-conclusoes-importantes-retiradas-dos-relatorios-do-ipcc\/#respond"]}]},{"@type":"WebPage","@id":"https:\/\/350.org\/pt\/10-conclusoes-importantes-retiradas-dos-relatorios-do-ipcc\/","url":"https:\/\/350.org\/pt\/10-conclusoes-importantes-retiradas-dos-relatorios-do-ipcc\/","name":"10 conclus\u00f5es importantes retiradas dos Relat\u00f3rios do IPCC - 350 Portugu\u00eas","isPartOf":{"@id":"https:\/\/350.org\/pt\/#website"},"primaryImageOfPage":{"@id":"https:\/\/350.org\/pt\/10-conclusoes-importantes-retiradas-dos-relatorios-do-ipcc\/#primaryimage"},"image":{"@id":"https:\/\/350.org\/pt\/10-conclusoes-importantes-retiradas-dos-relatorios-do-ipcc\/#primaryimage"},"thumbnailUrl":"https:\/\/350.org\/pt\/wp-content\/uploads\/sites\/12\/2014\/10\/ipcc8.jpg","datePublished":"2014-11-05T09:00:32+00:00","dateModified":"2014-11-05T14:48:46+00:00","author":{"@id":""},"breadcrumb":{"@id":"https:\/\/350.org\/pt\/10-conclusoes-importantes-retiradas-dos-relatorios-do-ipcc\/#breadcrumb"},"inLanguage":"pt-BR","potentialAction":[{"@type":"ReadAction","target":["https:\/\/350.org\/pt\/10-conclusoes-importantes-retiradas-dos-relatorios-do-ipcc\/"]}]},{"@type":"ImageObject","inLanguage":"pt-BR","@id":"https:\/\/350.org\/pt\/10-conclusoes-importantes-retiradas-dos-relatorios-do-ipcc\/#primaryimage","url":"https:\/\/350.org\/pt\/wp-content\/uploads\/sites\/12\/2014\/10\/ipcc8.jpg","contentUrl":"https:\/\/350.org\/pt\/wp-content\/uploads\/sites\/12\/2014\/10\/ipcc8.jpg","width":620,"height":413},{"@type":"BreadcrumbList","@id":"https:\/\/350.org\/pt\/10-conclusoes-importantes-retiradas-dos-relatorios-do-ipcc\/#breadcrumb","itemListElement":[{"@type":"ListItem","position":1,"name":"Home","item":"https:\/\/350.org\/pt\/"},{"@type":"ListItem","position":2,"name":"10 conclus\u00f5es importantes retiradas dos Relat\u00f3rios do IPCC"}]},{"@type":"WebSite","@id":"https:\/\/350.org\/pt\/#website","url":"https:\/\/350.org\/pt\/","name":"350 Portugu\u00eas","description":"","potentialAction":[{"@type":"SearchAction","target":{"@type":"EntryPoint","urlTemplate":"https:\/\/350.org\/pt\/?s={search_term_string}"},"query-input":{"@type":"PropertyValueSpecification","valueRequired":true,"valueName":"search_term_string"}}],"inLanguage":"pt-BR"},{"@type":"Person","@id":"","url":"https:\/\/350.org\/pt\/author\/"}]}},"_links":{"self":[{"href":"https:\/\/350.org\/pt\/wp-json\/wp\/v2\/posts\/129670","targetHints":{"allow":["GET"]}}],"collection":[{"href":"https:\/\/350.org\/pt\/wp-json\/wp\/v2\/posts"}],"about":[{"href":"https:\/\/350.org\/pt\/wp-json\/wp\/v2\/types\/post"}],"author":[{"embeddable":true,"href":"https:\/\/350.org\/pt\/wp-json\/wp\/v2\/users\/16284"}],"replies":[{"embeddable":true,"href":"https:\/\/350.org\/pt\/wp-json\/wp\/v2\/comments?post=129670"}],"version-history":[{"count":0,"href":"https:\/\/350.org\/pt\/wp-json\/wp\/v2\/posts\/129670\/revisions"}],"wp:featuredmedia":[{"embeddable":true,"href":"https:\/\/350.org\/pt\/wp-json\/wp\/v2\/media\/129678"}],"wp:attachment":[{"href":"https:\/\/350.org\/pt\/wp-json\/wp\/v2\/media?parent=129670"}],"wp:term":[{"taxonomy":"category","embeddable":true,"href":"https:\/\/350.org\/pt\/wp-json\/wp\/v2\/categories?post=129670"},{"taxonomy":"post_tag","embeddable":true,"href":"https:\/\/350.org\/pt\/wp-json\/wp\/v2\/tags?post=129670"}],"curies":[{"name":"wp","href":"https:\/\/api.w.org\/{rel}","templated":true}]}}