{"id":131631,"date":"2016-11-08T16:04:26","date_gmt":"2016-11-08T19:04:26","guid":{"rendered":"https:\/\/350.org\/pt\/?p=131631"},"modified":"2023-10-03T10:14:47","modified_gmt":"2023-10-03T13:14:47","slug":"juventude-da-igreja-catolica-adere-a-campanha-nao-fracking-brasil","status":"publish","type":"post","link":"https:\/\/350.org\/pt\/juventude-da-igreja-catolica-adere-a-campanha-nao-fracking-brasil\/","title":{"rendered":"Juventude da Igreja Cat\u00f3lica adere \u00e0 campanha N\u00e3o Fracking Brasil"},"content":{"rendered":"<p><em>Diocese de Umuarama, no Paran\u00e1, realiza todo ano encontro que re\u00fane milhares de mo\u00e7as e rapazes visando\u00a0forma\u00e7\u00e3o religiosa e constru\u00e7\u00e3o da cidadania. Este ano teve palestra sobre os riscos e perigos do Fracking e como podemos conter as mudan\u00e7as clim\u00e1ticas<\/em><\/p>\n<p>&nbsp;<\/p>\n<p><em>Por Silvia Calciolari<\/em><\/p>\n<p><em>Foto e v\u00eddeo: Marcel Ribeiro\/COESUS\/350Brasil<\/em><\/p>\n<p>A campanha N\u00e3o Fracking Brasil recebeu o apoio de aproximadamente 4.500 jovens que estiveram em Cidade Ga\u00facha, no Paran\u00e1, participando do Dia Nacional da Juventude (DNJ). Organizado pela Diocese de Umuarama, o evento deste ano aconteceu em Cidade Ga\u00facha e teve m\u00f3dulos de prega\u00e7\u00f5es, atividades culturais e muita m\u00fasica com artistas do mundo cat\u00f3lico.<\/p>\n<p>A palestra sobre os riscos e perigos do Fracking e os impactos das mudan\u00e7as clim\u00e1ticas foi dada por Reginaldo Urbano Argentino,\u00a0coordenador da campanha de desinvestimento em combust\u00edveis f\u00f3sseis da 350.org Brasil, membro da COESUS \u2013 Coaliz\u00e3o N\u00e3o Fracking Brasil pelo Clima, \u00c1gua e Vida, e presidente da C\u00e1ritas Paran\u00e1.<\/p>\n<p>Fracking \u00e9 a tecnologia altamente poluente para extra\u00e7\u00e3o do subsolo do g\u00e1s de xisto que contamina os aqu\u00edferos, torna o solo inf\u00e9rtil para a produ\u00e7\u00e3o de alimentos e provoca c\u00e2ncer nas pessoas e animais. Al\u00e9m dos impactos ambientais, econ\u00f4micos e sociais, o Fracking tamb\u00e9m est\u00e1 associado \u00e0 ocorr\u00eancia de terremotos e intensifica as mudan\u00e7as clim\u00e1ticas. O metano liberado pelo fraturamento hidr\u00e1ulico \u00e9 um g\u00e1s de efeito estufa 86 vezes mais poluente que o di\u00f3xido de carbono.<\/p>\n<p>Assista o v\u00eddeo que mostra o\u00a0engajamento dos jovens na luta contra o Fracking, que sa\u00edram em passeata pelas ruas de Cidade Ga\u00facha, localizada a 570 quil\u00f4metros de Curitiba.<br \/>\n<iframe loading=\"lazy\" src=\"https:\/\/www.youtube.com\/embed\/-hl2uCKNpOA\" width=\"640\" height=\"360\" frameborder=\"0\" allowfullscreen=\"allowfullscreen\"><\/iframe><\/p>\n<p>\u201cO movimento contra o fraturamento hidr\u00e1ulico \u00e9 uma campanha pela vida, desde o in\u00edcio at\u00e9 o seu fim, seguindo a orienta\u00e7\u00e3o do Papa Francisco para cuidarmos da Casa Comum com amor e responsabilidade\u201d, afirma Reginaldo. Para ele, o engajamento da juventude na luta contra essa tecnologia altamente poluente para explora\u00e7\u00e3o de g\u00e1s de \u00a0xisto do subsolo, tamb\u00e9m conhecida como Fracking, \u201cnos revigora e inspira a seguirmos na caminhada para a proibi\u00e7\u00e3o total no Brasil e em qualquer lugar desse planeta\u201d.<\/p>\n<p>Dom Frei Jo\u00e3o Mamede Filho, Bispo de Umuarama, esteve na missa de abertura do Dia Nacional da Juventude e conclamou a popula\u00e7\u00e3o \u00e0 se juntar na luta em defesa da \u00e1gua e da vida. Entusiasta da campanha N\u00e3o Fracking Brasil e pelo desinvestimento nos combust\u00edveis f\u00f3sseis, Dom Mamede \u00e9 defensor das energias renov\u00e1veis como \u00fanica alternativa para contermos o aquecimento global e evitarmos a destrui\u00e7\u00e3o da Casa Comum, nos termos da \u2018Laudato Si\u2019, a Enc\u00edclica Verde do Papa Francisco.<\/p>\n<img loading=\"lazy\" decoding=\"async\" class=\"aligncenter wp-image-131632\" src=\"https:\/\/350.org\/pt\/wp-content\/uploads\/sites\/12\/2016\/11\/WhatsApp-Image-2016-11-08-at-11.33.26-1024x682-300x200.jpeg\" alt=\"whatsapp-image-2016-11-08-at-11-33-26-1024x682\" width=\"700\" height=\"466\" srcset=\"https:\/\/350.org\/pt\/wp-content\/uploads\/sites\/12\/2016\/11\/WhatsApp-Image-2016-11-08-at-11.33.26-1024x682-300x200.jpeg 300w, https:\/\/350.org\/pt\/wp-content\/uploads\/sites\/12\/2016\/11\/WhatsApp-Image-2016-11-08-at-11.33.26-1024x682-225x150.jpeg 225w, https:\/\/350.org\/pt\/wp-content\/uploads\/sites\/12\/2016\/11\/WhatsApp-Image-2016-11-08-at-11.33.26-1024x682-768x512.jpeg 768w, https:\/\/350.org\/pt\/wp-content\/uploads\/sites\/12\/2016\/11\/WhatsApp-Image-2016-11-08-at-11.33.26-1024x682.jpeg 1024w, https:\/\/350.org\/pt\/wp-content\/uploads\/sites\/12\/2016\/11\/WhatsApp-Image-2016-11-08-at-11.33.26-1024x682-430x286.jpeg 430w\" sizes=\"auto, (max-width: 700px) 100vw, 700px\" \/>\n<p><strong>Baixo Carbono<\/strong><\/p>\n<p>Ainda no m\u00eas de\u00a0outubro de 2016, o Dia de S\u00e3o Francisco de Assis (04) entrarou para a hist\u00f3ria como a data em que a Igreja Cat\u00f3lica deu um grande passo na luta contra as mudan\u00e7as clim\u00e1ticas. Nada menos do que <a href=\"https:\/\/naofrackingbrasil.com.br\/2016\/10\/03\/sete-instituicoes-catolicas-no-mundo-decidem-retirar-investimentos-dos-combustiveis-fosseis\/\">sete institui\u00e7\u00f5es cat\u00f3licas de peso ao redor do mundo anunciaram globalmente sua ades\u00e3o \u00e0 campanha de desinvestimento do setor de combust\u00edveis f\u00f3sseis<\/a>. Trata-se do maior an\u00fancio conjunto feito pelo segmento religioso at\u00e9 o momento.<\/p>\n<p>A <a href=\"https:\/\/www.diocesedeumuarama.org.br\/\">Diocese Divino Esp\u00edrito Santo de Umuarama<\/a>, no Estado do Paran\u00e1, no Brasil, se apresenta n\u00e3o s\u00f3 como a primeira Diocese, mas tamb\u00e9m como a primeira institui\u00e7\u00e3o da Am\u00e9rica Latina a aderir ao desinvestimento. Sua proposta \u00e9 reduzir as emiss\u00f5es de gases de efeito estufa, a fim de tornar-se uma Diocese de Baixo Carbono.<\/p>\n<p>Al\u00e9m da Diocese de Umuarama, as outras seis institui\u00e7\u00f5es que se comprometeram com o desinvestimento s\u00e3o: os Padres Jesu\u00edtas do Alto Canad\u00e1; a Federa\u00e7\u00e3o das Organiza\u00e7\u00f5es Crist\u00e3s para o Servi\u00e7o Volunt\u00e1rio Internacional (FOCSIV), na It\u00e1lia; a Congrega\u00e7\u00e3o das Irm\u00e3s de Apresenta\u00e7\u00e3o de Maria da Austr\u00e1lia e Papua Nova Guin\u00e9; SSM Sa\u00fade, nos Estados Unidos; a Sociedade Mission\u00e1ria de S\u00e3o Columbano, baseada em Hong Kong e com presen\u00e7a em 14 pa\u00edses; e o Instituto das Filhas de Maria Auxiliadora, em Mil\u00e3o e N\u00e1poles, na It\u00e1lia.<\/p>\n","protected":false},"excerpt":{"rendered":"<p>Diocese de Umuarama, no Paran\u00e1, realiza todo ano encontro que re\u00fane milhares de mo\u00e7as e rapazes visando\u00a0forma\u00e7\u00e3o religiosa e constru\u00e7\u00e3o<span class=\"text-cutoff\">&#8230;<\/span><\/p>\n","protected":false},"author":10012060,"featured_media":131632,"comment_status":"closed","ping_status":"closed","sticky":false,"template":"","format":"standard","meta":{"_acf_changed":false,"footnotes":""},"categories":[15,4,735],"tags":[186,54,45,128],"class_list":["post-131631","post","type-post","status-publish","format-standard","has-post-thumbnail","hentry","category-impacts","category-featured","category-kiitg","tag-dia-nacional-da-juventude","tag-fracking","tag-mudancas-climaticas","tag-nao-fracking-brasil"],"acf":[],"yoast_head":"<!-- This site is optimized with the Yoast SEO Premium plugin v26.9 (Yoast SEO v27.5) - https:\/\/yoast.com\/product\/yoast-seo-premium-wordpress\/ -->\n<title>Juventude da Igreja Cat\u00f3lica adere \u00e0 campanha N\u00e3o Fracking Brasil - 350 Portugu\u00eas<\/title>\n<meta name=\"robots\" content=\"index, follow, max-snippet:-1, max-image-preview:large, max-video-preview:-1\" \/>\n<link rel=\"canonical\" href=\"https:\/\/350.org\/pt\/juventude-da-igreja-catolica-adere-a-campanha-nao-fracking-brasil\/\" \/>\n<meta property=\"og:locale\" content=\"pt_BR\" \/>\n<meta property=\"og:type\" content=\"article\" \/>\n<meta property=\"og:title\" content=\"Juventude da Igreja Cat\u00f3lica adere \u00e0 campanha N\u00e3o Fracking Brasil\" \/>\n<meta property=\"og:description\" content=\"Diocese de Umuarama, no Paran\u00e1, realiza todo ano encontro que re\u00fane milhares de mo\u00e7as e rapazes visando\u00a0forma\u00e7\u00e3o religiosa e constru\u00e7\u00e3o...\" \/>\n<meta property=\"og:url\" content=\"https:\/\/350.org\/pt\/juventude-da-igreja-catolica-adere-a-campanha-nao-fracking-brasil\/\" \/>\n<meta property=\"og:site_name\" content=\"350 Portugu\u00eas\" \/>\n<meta property=\"article:published_time\" content=\"2016-11-08T19:04:26+00:00\" \/>\n<meta property=\"article:modified_time\" content=\"2023-10-03T13:14:47+00:00\" \/>\n<meta property=\"og:image\" content=\"https:\/\/350.org\/pt\/wp-content\/uploads\/sites\/12\/2016\/11\/WhatsApp-Image-2016-11-08-at-11.33.26-1024x682.jpeg\" \/>\n\t<meta property=\"og:image:width\" content=\"1024\" \/>\n\t<meta property=\"og:image:height\" content=\"682\" \/>\n\t<meta property=\"og:image:type\" content=\"image\/jpeg\" \/>\n<meta name=\"twitter:card\" content=\"summary_large_image\" \/>\n<meta name=\"twitter:label1\" content=\"Escrito por\" \/>\n\t<meta name=\"twitter:data1\" content=\"\" \/>\n\t<meta name=\"twitter:label2\" content=\"Est. tempo de leitura\" \/>\n\t<meta name=\"twitter:data2\" content=\"4 minutos\" \/>\n<script type=\"application\/ld+json\" class=\"yoast-schema-graph\">{\"@context\":\"https:\\\/\\\/schema.org\",\"@graph\":[{\"@type\":\"Article\",\"@id\":\"https:\\\/\\\/350.org\\\/pt\\\/juventude-da-igreja-catolica-adere-a-campanha-nao-fracking-brasil\\\/#article\",\"isPartOf\":{\"@id\":\"https:\\\/\\\/350.org\\\/pt\\\/juventude-da-igreja-catolica-adere-a-campanha-nao-fracking-brasil\\\/\"},\"author\":{\"name\":\"\",\"@id\":\"\"},\"headline\":\"Juventude da Igreja Cat\u00f3lica adere \u00e0 campanha N\u00e3o Fracking Brasil\",\"datePublished\":\"2016-11-08T19:04:26+00:00\",\"dateModified\":\"2023-10-03T13:14:47+00:00\",\"mainEntityOfPage\":{\"@id\":\"https:\\\/\\\/350.org\\\/pt\\\/juventude-da-igreja-catolica-adere-a-campanha-nao-fracking-brasil\\\/\"},\"wordCount\":726,\"image\":{\"@id\":\"https:\\\/\\\/350.org\\\/pt\\\/juventude-da-igreja-catolica-adere-a-campanha-nao-fracking-brasil\\\/#primaryimage\"},\"thumbnailUrl\":\"https:\\\/\\\/350.org\\\/pt\\\/wp-content\\\/uploads\\\/sites\\\/12\\\/2016\\\/11\\\/WhatsApp-Image-2016-11-08-at-11.33.26-1024x682.jpeg\",\"keywords\":[\"Dia Nacional da Juventude\",\"Fracking\",\"mudan\u00e7as clim\u00e1ticas\",\"N\u00e3o Fracking Brasil\"],\"articleSection\":[\"Climate Impacts\",\"Featured\",\"KIITG\"],\"inLanguage\":\"pt-BR\"},{\"@type\":\"WebPage\",\"@id\":\"https:\\\/\\\/350.org\\\/pt\\\/juventude-da-igreja-catolica-adere-a-campanha-nao-fracking-brasil\\\/\",\"url\":\"https:\\\/\\\/350.org\\\/pt\\\/juventude-da-igreja-catolica-adere-a-campanha-nao-fracking-brasil\\\/\",\"name\":\"Juventude da Igreja Cat\u00f3lica adere \u00e0 campanha N\u00e3o Fracking Brasil - 350 Portugu\u00eas\",\"isPartOf\":{\"@id\":\"https:\\\/\\\/350.org\\\/pt\\\/#website\"},\"primaryImageOfPage\":{\"@id\":\"https:\\\/\\\/350.org\\\/pt\\\/juventude-da-igreja-catolica-adere-a-campanha-nao-fracking-brasil\\\/#primaryimage\"},\"image\":{\"@id\":\"https:\\\/\\\/350.org\\\/pt\\\/juventude-da-igreja-catolica-adere-a-campanha-nao-fracking-brasil\\\/#primaryimage\"},\"thumbnailUrl\":\"https:\\\/\\\/350.org\\\/pt\\\/wp-content\\\/uploads\\\/sites\\\/12\\\/2016\\\/11\\\/WhatsApp-Image-2016-11-08-at-11.33.26-1024x682.jpeg\",\"datePublished\":\"2016-11-08T19:04:26+00:00\",\"dateModified\":\"2023-10-03T13:14:47+00:00\",\"author\":{\"@id\":\"\"},\"breadcrumb\":{\"@id\":\"https:\\\/\\\/350.org\\\/pt\\\/juventude-da-igreja-catolica-adere-a-campanha-nao-fracking-brasil\\\/#breadcrumb\"},\"inLanguage\":\"pt-BR\",\"potentialAction\":[{\"@type\":\"ReadAction\",\"target\":[\"https:\\\/\\\/350.org\\\/pt\\\/juventude-da-igreja-catolica-adere-a-campanha-nao-fracking-brasil\\\/\"]}]},{\"@type\":\"ImageObject\",\"inLanguage\":\"pt-BR\",\"@id\":\"https:\\\/\\\/350.org\\\/pt\\\/juventude-da-igreja-catolica-adere-a-campanha-nao-fracking-brasil\\\/#primaryimage\",\"url\":\"https:\\\/\\\/350.org\\\/pt\\\/wp-content\\\/uploads\\\/sites\\\/12\\\/2016\\\/11\\\/WhatsApp-Image-2016-11-08-at-11.33.26-1024x682.jpeg\",\"contentUrl\":\"https:\\\/\\\/350.org\\\/pt\\\/wp-content\\\/uploads\\\/sites\\\/12\\\/2016\\\/11\\\/WhatsApp-Image-2016-11-08-at-11.33.26-1024x682.jpeg\",\"width\":1024,\"height\":682},{\"@type\":\"BreadcrumbList\",\"@id\":\"https:\\\/\\\/350.org\\\/pt\\\/juventude-da-igreja-catolica-adere-a-campanha-nao-fracking-brasil\\\/#breadcrumb\",\"itemListElement\":[{\"@type\":\"ListItem\",\"position\":1,\"name\":\"Home\",\"item\":\"https:\\\/\\\/350.org\\\/pt\\\/\"},{\"@type\":\"ListItem\",\"position\":2,\"name\":\"Juventude da Igreja Cat\u00f3lica adere \u00e0 campanha N\u00e3o Fracking Brasil\"}]},{\"@type\":\"WebSite\",\"@id\":\"https:\\\/\\\/350.org\\\/pt\\\/#website\",\"url\":\"https:\\\/\\\/350.org\\\/pt\\\/\",\"name\":\"350 Portugu\u00eas\",\"description\":\"\",\"potentialAction\":[{\"@type\":\"SearchAction\",\"target\":{\"@type\":\"EntryPoint\",\"urlTemplate\":\"https:\\\/\\\/350.org\\\/pt\\\/?s={search_term_string}\"},\"query-input\":{\"@type\":\"PropertyValueSpecification\",\"valueRequired\":true,\"valueName\":\"search_term_string\"}}],\"inLanguage\":\"pt-BR\"},{\"@type\":\"Person\",\"@id\":\"\",\"url\":\"https:\\\/\\\/350.org\\\/pt\\\/author\\\/\"}]}<\/script>\n<!-- \/ Yoast SEO Premium plugin. -->","yoast_head_json":{"title":"Juventude da Igreja Cat\u00f3lica adere \u00e0 campanha N\u00e3o Fracking Brasil - 350 Portugu\u00eas","robots":{"index":"index","follow":"follow","max-snippet":"max-snippet:-1","max-image-preview":"max-image-preview:large","max-video-preview":"max-video-preview:-1"},"canonical":"https:\/\/350.org\/pt\/juventude-da-igreja-catolica-adere-a-campanha-nao-fracking-brasil\/","og_locale":"pt_BR","og_type":"article","og_title":"Juventude da Igreja Cat\u00f3lica adere \u00e0 campanha N\u00e3o Fracking Brasil","og_description":"Diocese de Umuarama, no Paran\u00e1, realiza todo ano encontro que re\u00fane milhares de mo\u00e7as e rapazes visando\u00a0forma\u00e7\u00e3o religiosa e constru\u00e7\u00e3o...","og_url":"https:\/\/350.org\/pt\/juventude-da-igreja-catolica-adere-a-campanha-nao-fracking-brasil\/","og_site_name":"350 Portugu\u00eas","article_published_time":"2016-11-08T19:04:26+00:00","article_modified_time":"2023-10-03T13:14:47+00:00","og_image":[{"width":1024,"height":682,"url":"https:\/\/350.org\/pt\/wp-content\/uploads\/sites\/12\/2016\/11\/WhatsApp-Image-2016-11-08-at-11.33.26-1024x682.jpeg","type":"image\/jpeg"}],"twitter_card":"summary_large_image","twitter_misc":{"Escrito por":"","Est. tempo de leitura":"4 minutos"},"schema":{"@context":"https:\/\/schema.org","@graph":[{"@type":"Article","@id":"https:\/\/350.org\/pt\/juventude-da-igreja-catolica-adere-a-campanha-nao-fracking-brasil\/#article","isPartOf":{"@id":"https:\/\/350.org\/pt\/juventude-da-igreja-catolica-adere-a-campanha-nao-fracking-brasil\/"},"author":{"name":"","@id":""},"headline":"Juventude da Igreja Cat\u00f3lica adere \u00e0 campanha N\u00e3o Fracking Brasil","datePublished":"2016-11-08T19:04:26+00:00","dateModified":"2023-10-03T13:14:47+00:00","mainEntityOfPage":{"@id":"https:\/\/350.org\/pt\/juventude-da-igreja-catolica-adere-a-campanha-nao-fracking-brasil\/"},"wordCount":726,"image":{"@id":"https:\/\/350.org\/pt\/juventude-da-igreja-catolica-adere-a-campanha-nao-fracking-brasil\/#primaryimage"},"thumbnailUrl":"https:\/\/350.org\/pt\/wp-content\/uploads\/sites\/12\/2016\/11\/WhatsApp-Image-2016-11-08-at-11.33.26-1024x682.jpeg","keywords":["Dia Nacional da Juventude","Fracking","mudan\u00e7as clim\u00e1ticas","N\u00e3o Fracking Brasil"],"articleSection":["Climate Impacts","Featured","KIITG"],"inLanguage":"pt-BR"},{"@type":"WebPage","@id":"https:\/\/350.org\/pt\/juventude-da-igreja-catolica-adere-a-campanha-nao-fracking-brasil\/","url":"https:\/\/350.org\/pt\/juventude-da-igreja-catolica-adere-a-campanha-nao-fracking-brasil\/","name":"Juventude da Igreja Cat\u00f3lica adere \u00e0 campanha N\u00e3o Fracking Brasil - 350 Portugu\u00eas","isPartOf":{"@id":"https:\/\/350.org\/pt\/#website"},"primaryImageOfPage":{"@id":"https:\/\/350.org\/pt\/juventude-da-igreja-catolica-adere-a-campanha-nao-fracking-brasil\/#primaryimage"},"image":{"@id":"https:\/\/350.org\/pt\/juventude-da-igreja-catolica-adere-a-campanha-nao-fracking-brasil\/#primaryimage"},"thumbnailUrl":"https:\/\/350.org\/pt\/wp-content\/uploads\/sites\/12\/2016\/11\/WhatsApp-Image-2016-11-08-at-11.33.26-1024x682.jpeg","datePublished":"2016-11-08T19:04:26+00:00","dateModified":"2023-10-03T13:14:47+00:00","author":{"@id":""},"breadcrumb":{"@id":"https:\/\/350.org\/pt\/juventude-da-igreja-catolica-adere-a-campanha-nao-fracking-brasil\/#breadcrumb"},"inLanguage":"pt-BR","potentialAction":[{"@type":"ReadAction","target":["https:\/\/350.org\/pt\/juventude-da-igreja-catolica-adere-a-campanha-nao-fracking-brasil\/"]}]},{"@type":"ImageObject","inLanguage":"pt-BR","@id":"https:\/\/350.org\/pt\/juventude-da-igreja-catolica-adere-a-campanha-nao-fracking-brasil\/#primaryimage","url":"https:\/\/350.org\/pt\/wp-content\/uploads\/sites\/12\/2016\/11\/WhatsApp-Image-2016-11-08-at-11.33.26-1024x682.jpeg","contentUrl":"https:\/\/350.org\/pt\/wp-content\/uploads\/sites\/12\/2016\/11\/WhatsApp-Image-2016-11-08-at-11.33.26-1024x682.jpeg","width":1024,"height":682},{"@type":"BreadcrumbList","@id":"https:\/\/350.org\/pt\/juventude-da-igreja-catolica-adere-a-campanha-nao-fracking-brasil\/#breadcrumb","itemListElement":[{"@type":"ListItem","position":1,"name":"Home","item":"https:\/\/350.org\/pt\/"},{"@type":"ListItem","position":2,"name":"Juventude da Igreja Cat\u00f3lica adere \u00e0 campanha N\u00e3o Fracking Brasil"}]},{"@type":"WebSite","@id":"https:\/\/350.org\/pt\/#website","url":"https:\/\/350.org\/pt\/","name":"350 Portugu\u00eas","description":"","potentialAction":[{"@type":"SearchAction","target":{"@type":"EntryPoint","urlTemplate":"https:\/\/350.org\/pt\/?s={search_term_string}"},"query-input":{"@type":"PropertyValueSpecification","valueRequired":true,"valueName":"search_term_string"}}],"inLanguage":"pt-BR"},{"@type":"Person","@id":"","url":"https:\/\/350.org\/pt\/author\/"}]}},"_links":{"self":[{"href":"https:\/\/350.org\/pt\/wp-json\/wp\/v2\/posts\/131631","targetHints":{"allow":["GET"]}}],"collection":[{"href":"https:\/\/350.org\/pt\/wp-json\/wp\/v2\/posts"}],"about":[{"href":"https:\/\/350.org\/pt\/wp-json\/wp\/v2\/types\/post"}],"author":[{"embeddable":true,"href":"https:\/\/350.org\/pt\/wp-json\/wp\/v2\/users\/10012060"}],"replies":[{"embeddable":true,"href":"https:\/\/350.org\/pt\/wp-json\/wp\/v2\/comments?post=131631"}],"version-history":[{"count":0,"href":"https:\/\/350.org\/pt\/wp-json\/wp\/v2\/posts\/131631\/revisions"}],"wp:featuredmedia":[{"embeddable":true,"href":"https:\/\/350.org\/pt\/wp-json\/wp\/v2\/media\/131632"}],"wp:attachment":[{"href":"https:\/\/350.org\/pt\/wp-json\/wp\/v2\/media?parent=131631"}],"wp:term":[{"taxonomy":"category","embeddable":true,"href":"https:\/\/350.org\/pt\/wp-json\/wp\/v2\/categories?post=131631"},{"taxonomy":"post_tag","embeddable":true,"href":"https:\/\/350.org\/pt\/wp-json\/wp\/v2\/tags?post=131631"}],"curies":[{"name":"wp","href":"https:\/\/api.w.org\/{rel}","templated":true}]}}