{"id":131985,"date":"2017-04-28T09:06:29","date_gmt":"2017-04-28T12:06:29","guid":{"rendered":"https:\/\/350.org\/pt\/?p=131985"},"modified":"2023-10-02T03:02:42","modified_gmt":"2023-10-02T06:02:42","slug":"sede-da-350-org-brasil-sofre-novamente-com-tentativa-de-invasao","status":"publish","type":"post","link":"https:\/\/350.org\/pt\/sede-da-350-org-brasil-sofre-novamente-com-tentativa-de-invasao\/","title":{"rendered":"Sede da 350.org Brasil sofre novamente com tentativa de invas\u00e3o"},"content":{"rendered":"<img loading=\"lazy\" decoding=\"async\" class=\"alignnone wp-image-131986\" src=\"https:\/\/350.org\/pt\/wp-content\/uploads\/sites\/12\/2017\/04\/WhatsApp-Image-2017-04-26-at-19.31.49-300x225.jpeg\" alt=\"WhatsApp Image 2017-04-26 at 19.31.49\" width=\"350\" height=\"263\" srcset=\"https:\/\/350.org\/pt\/wp-content\/uploads\/sites\/12\/2017\/04\/WhatsApp-Image-2017-04-26-at-19.31.49-300x225.jpeg 300w, https:\/\/350.org\/pt\/wp-content\/uploads\/sites\/12\/2017\/04\/WhatsApp-Image-2017-04-26-at-19.31.49-200x150.jpeg 200w, https:\/\/350.org\/pt\/wp-content\/uploads\/sites\/12\/2017\/04\/WhatsApp-Image-2017-04-26-at-19.31.49-768x576.jpeg 768w, https:\/\/350.org\/pt\/wp-content\/uploads\/sites\/12\/2017\/04\/WhatsApp-Image-2017-04-26-at-19.31.49-1024x768.jpeg 1024w, https:\/\/350.org\/pt\/wp-content\/uploads\/sites\/12\/2017\/04\/WhatsApp-Image-2017-04-26-at-19.31.49-430x323.jpeg 430w, https:\/\/350.org\/pt\/wp-content\/uploads\/sites\/12\/2017\/04\/WhatsApp-Image-2017-04-26-at-19.31.49-1067x800.jpeg 1067w, https:\/\/350.org\/pt\/wp-content\/uploads\/sites\/12\/2017\/04\/WhatsApp-Image-2017-04-26-at-19.31.49.jpeg 1280w\" sizes=\"auto, (max-width: 350px) 100vw, 350px\" \/>\u00a0<img loading=\"lazy\" decoding=\"async\" class=\"alignnone wp-image-131987\" src=\"https:\/\/350.org\/pt\/wp-content\/uploads\/sites\/12\/2017\/04\/WhatsApp-Image-2017-04-26-at-19.31.43-300x225.jpeg\" alt=\"WhatsApp Image 2017-04-26 at 19.31.43\" width=\"350\" height=\"263\" srcset=\"https:\/\/350.org\/pt\/wp-content\/uploads\/sites\/12\/2017\/04\/WhatsApp-Image-2017-04-26-at-19.31.43-300x225.jpeg 300w, https:\/\/350.org\/pt\/wp-content\/uploads\/sites\/12\/2017\/04\/WhatsApp-Image-2017-04-26-at-19.31.43-200x150.jpeg 200w, https:\/\/350.org\/pt\/wp-content\/uploads\/sites\/12\/2017\/04\/WhatsApp-Image-2017-04-26-at-19.31.43-768x576.jpeg 768w, https:\/\/350.org\/pt\/wp-content\/uploads\/sites\/12\/2017\/04\/WhatsApp-Image-2017-04-26-at-19.31.43-1024x768.jpeg 1024w, https:\/\/350.org\/pt\/wp-content\/uploads\/sites\/12\/2017\/04\/WhatsApp-Image-2017-04-26-at-19.31.43-430x323.jpeg 430w, https:\/\/350.org\/pt\/wp-content\/uploads\/sites\/12\/2017\/04\/WhatsApp-Image-2017-04-26-at-19.31.43-1067x800.jpeg 1067w, https:\/\/350.org\/pt\/wp-content\/uploads\/sites\/12\/2017\/04\/WhatsApp-Image-2017-04-26-at-19.31.43.jpeg 1280w\" sizes=\"auto, (max-width: 350px) 100vw, 350px\" \/>\n<p><span style=\"font-weight: 400;\">A quem interessa prejudicar a 350.org? Ser\u00e1 apenas coincid\u00eancia ou toda vez que um leil\u00e3o de petr\u00f3leo e g\u00e1s estiver perto de acontecer a sede da 350.org Brasil e da COESUS &#8211; Coaliz\u00e3o N\u00e3o Fracking Brasil pelo Clima, \u00c1gua e Vida sofrer\u00e1 tentativa de invas\u00e3o? Na noite desta quarta-feira (26), ao chegar ao local, membros da equipe se deparam com a triste constata\u00e7\u00e3o: c\u00e2meras danificadas, grades de seguran\u00e7a amassadas e cadeados serrados. <\/span><\/p>\n<p><span style=\"font-weight: 400;\">&#8220;Sabemos que a campanha contra o <\/span><i><span style=\"font-weight: 400;\">fracking<\/span><\/i><span style=\"font-weight: 400;\"> e contra os combust\u00edveis f\u00f3sseis atinge grandes interesses econ\u00f4micos. Mas n\u00e3o nos deixaremos intimidar. Pelo contr\u00e1rio, isso nos d\u00e1 ainda mais <\/span><span style=\"font-weight: 400;\">vontade de seguir nosso trabalho<\/span><span style=\"font-weight: 400;\">, pois acreditamos que estamos no caminho certo, lutando por um mundo melhor, ambientalmente saud\u00e1vel e mais justo para todos&#8221;, afirmou a diretora da <\/span><a href=\"https:\/\/350.org\/\"><span style=\"font-weight: 400;\">350.org<\/span><\/a><span style=\"font-weight: 400;\"> Am\u00e9rica Latina, Nicole Figueiredo de Oliveira. <\/span><\/p>\n<p><span style=\"font-weight: 400;\">Segundo o<\/span><span style=\"font-weight: 400;\"> fundador da COESUS e coordenador de campanhas da 350.org, Juliano Bueno de Ara\u00fajo, a pol\u00edcia j\u00e1 foi acionada e as imagens das c\u00e2meras de seguran\u00e7a da vizinhan\u00e7a est\u00e3o sendo analisadas. &#8220;Estamos alertas e cientes de que, ao apontar o dedo para a ind\u00fastria f\u00f3ssil, expondo sua responsabilidade na crise clim\u00e1tica, estamos mexendo num vespeiro. Mas isso n\u00e3o vai nos abalar, seguimos fortes na causa em que acreditamos&#8221;, completou.<\/span><\/p>\n<p><span style=\"font-weight: 400;\">Essa n\u00e3o \u00e9 a primeira vez. Em 2015, logo ap\u00f3s um protesto realizado durante a 13<\/span><span style=\"font-weight: 400;\">\u00aa<\/span><span style=\"font-weight: 400;\"> rodada de leil\u00f5es da ANP (Ag\u00eancia Nacional de Petr\u00f3leo e G\u00e1s), no Rio de Janeiro, a sede da organiza\u00e7\u00e3o, localizada em Curitiba, tamb\u00e9m sofreu arrombamento. \u00c0 \u00e9poca, ap\u00f3s per\u00edcia e an\u00e1lise das evid\u00eancias, a pol\u00edcia cient\u00edfica do Paran\u00e1 avaliou o evento como &#8220;roubo qualificado&#8221;, j\u00e1 que &#8220;quem entrou sabia o que estava procurando&#8221;. <\/span><\/p>\n<p><span style=\"font-weight: 400;\">Na ocasi\u00e3o foram levados <\/span><i><span style=\"font-weight: 400;\">notebooks<\/span><\/i><span style=\"font-weight: 400;\">, celulares, <\/span><i><span style=\"font-weight: 400;\">pen drives<\/span><\/i><span style=\"font-weight: 400;\"> e pastas de documentos com informa\u00e7\u00f5es da campanha N\u00e3o Fracking Brasil. <\/span><span style=\"font-weight: 400;\">Foi um roubo direcionado, uma vez que muitas coisas de valor ficaram para traz, como <\/span><i><span style=\"font-weight: 400;\">data show<\/span><\/i><span style=\"font-weight: 400;\">, impressora a laser e at\u00e9 dinheiro em esp\u00e9cie, usado para despesas de manuten\u00e7\u00e3o local. Desta vez, a tentativa de invas\u00e3o ocorreu dias antes da <\/span><a href=\"https:\/\/pt.globaldivestmentmobilisation.org\/\"><span style=\"font-weight: 400;\">Mobiliza\u00e7\u00e3o Global pelo Desinvestimento<\/span><\/a><span style=\"font-weight: 400;\"> e da <\/span><span style=\"font-weight: 400;\">4\u00aa Rodada de Acumula\u00e7\u00f5es Marginais da ANP, que ofertar\u00e1 nove \u00e1reas para explora\u00e7\u00e3o e produ\u00e7\u00e3o de \u00f3leo e g\u00e1s. <\/span><span style=\"font-weight: 400;\">\u00a0\u00a0<\/span><\/p>\n<p><span style=\"font-weight: 400;\">Al\u00e9m do preju\u00edzo financeiro, a recorr\u00eancia das ofensivas traz tamb\u00e9m o sentimento de que h\u00e1 uma tentativa de intimida\u00e7\u00e3o. &#8220;Em outros pa\u00edses, as pessoas que lutam contra a poderosa ind\u00fastria do hidrocarboneto tamb\u00e9m sofrem esse tipo de a\u00e7\u00e3o violenta. N\u00e3o seria diferente aqui, pois as empresas petroleiras que querem entrar no Brasil para explorar petr\u00f3leo e g\u00e1s s\u00e3o as mesmas&#8221;, alertou Juliano.<\/span><\/p>\n<p><span style=\"font-weight: 400;\">Diversas entidades parceiras que lutam contra a entrada do <\/span><i><span style=\"font-weight: 400;\">fracking<\/span><\/i><span style=\"font-weight: 400;\"> no Brasil e contra as mudan\u00e7as clim\u00e1ticas em todo o mundo j\u00e1 enviaram mensagens de solidariedade e apoio. <\/span><\/p>\n<p><span style=\"font-weight: 400;\">&#8220;N\u00e3o estamos sozinhos. Somos parte de um movimento global que luta pela manuten\u00e7\u00e3o da vida no planeta. Entre 05 e 13 de maio, milhares de pessoas em todo o mundo estar\u00e3o reunidas em torno de um mesmo objetivo: colocar um ponto final na era dos combust\u00edveis f\u00f3sseis. Juntos, pediremos a nossos governos, igrejas, universidades e empresas para que retirem seus investimentos de projetos ligados a carv\u00e3o, petr\u00f3leo e g\u00e1s, a fim de realizarmos de uma vez por todas a t\u00e3o necess\u00e1ria transi\u00e7\u00e3o para uma matriz energ\u00e9tica 100% renov\u00e1vel&#8221;, frisou Nicole.<\/span><\/p>\n<p>Assista <a href=\"https:\/\/www.facebook.com\/350.org\/videos\/10155297268367708\/\">aqui ao depoimento de Nicole Figueiredo<\/a> sobre o triste epis\u00f3dio.<\/p>\n","protected":false},"excerpt":{"rendered":"<p>\u00a0 A quem interessa prejudicar a 350.org? Ser\u00e1 apenas coincid\u00eancia ou toda vez que um leil\u00e3o de petr\u00f3leo e g\u00e1s<span class=\"text-cutoff\">&#8230;<\/span><\/p>\n","protected":false},"author":10012060,"featured_media":131986,"comment_status":"closed","ping_status":"closed","sticky":false,"template":"","format":"standard","meta":{"_acf_changed":false,"footnotes":""},"categories":[4,735,22],"tags":[],"class_list":["post-131985","post","type-post","status-publish","format-standard","has-post-thumbnail","hentry","category-featured","category-kiitg","category-latin-america"],"acf":[],"yoast_head":"<!-- This site is optimized with the Yoast SEO Premium plugin v26.9 (Yoast SEO v27.5) - https:\/\/yoast.com\/product\/yoast-seo-premium-wordpress\/ -->\n<title>Sede da 350.org Brasil sofre novamente com tentativa de invas\u00e3o - 350 Portugu\u00eas<\/title>\n<meta name=\"robots\" content=\"index, follow, max-snippet:-1, max-image-preview:large, max-video-preview:-1\" \/>\n<link rel=\"canonical\" href=\"https:\/\/350.org\/pt\/sede-da-350-org-brasil-sofre-novamente-com-tentativa-de-invasao\/\" \/>\n<meta property=\"og:locale\" content=\"pt_BR\" \/>\n<meta property=\"og:type\" content=\"article\" \/>\n<meta property=\"og:title\" content=\"Sede da 350.org Brasil sofre novamente com tentativa de invas\u00e3o\" \/>\n<meta property=\"og:description\" content=\"\u00a0 A quem interessa prejudicar a 350.org? Ser\u00e1 apenas coincid\u00eancia ou toda vez que um leil\u00e3o de petr\u00f3leo e g\u00e1s...\" \/>\n<meta property=\"og:url\" content=\"https:\/\/350.org\/pt\/sede-da-350-org-brasil-sofre-novamente-com-tentativa-de-invasao\/\" \/>\n<meta property=\"og:site_name\" content=\"350 Portugu\u00eas\" \/>\n<meta property=\"article:published_time\" content=\"2017-04-28T12:06:29+00:00\" \/>\n<meta property=\"article:modified_time\" content=\"2023-10-02T06:02:42+00:00\" \/>\n<meta property=\"og:image\" content=\"https:\/\/350.org\/pt\/wp-content\/uploads\/sites\/12\/2017\/04\/WhatsApp-Image-2017-04-26-at-19.31.49.jpeg\" \/>\n\t<meta property=\"og:image:width\" content=\"1280\" \/>\n\t<meta property=\"og:image:height\" content=\"960\" \/>\n\t<meta property=\"og:image:type\" content=\"image\/jpeg\" \/>\n<meta name=\"twitter:card\" content=\"summary_large_image\" \/>\n<meta name=\"twitter:label1\" content=\"Escrito por\" \/>\n\t<meta name=\"twitter:data1\" content=\"\" \/>\n\t<meta name=\"twitter:label2\" content=\"Est. tempo de leitura\" \/>\n\t<meta name=\"twitter:data2\" content=\"3 minutos\" \/>\n<script type=\"application\/ld+json\" class=\"yoast-schema-graph\">{\"@context\":\"https:\\\/\\\/schema.org\",\"@graph\":[{\"@type\":\"Article\",\"@id\":\"https:\\\/\\\/350.org\\\/pt\\\/sede-da-350-org-brasil-sofre-novamente-com-tentativa-de-invasao\\\/#article\",\"isPartOf\":{\"@id\":\"https:\\\/\\\/350.org\\\/pt\\\/sede-da-350-org-brasil-sofre-novamente-com-tentativa-de-invasao\\\/\"},\"author\":{\"name\":\"\",\"@id\":\"\"},\"headline\":\"Sede da 350.org Brasil sofre novamente com tentativa de invas\u00e3o\",\"datePublished\":\"2017-04-28T12:06:29+00:00\",\"dateModified\":\"2023-10-02T06:02:42+00:00\",\"mainEntityOfPage\":{\"@id\":\"https:\\\/\\\/350.org\\\/pt\\\/sede-da-350-org-brasil-sofre-novamente-com-tentativa-de-invasao\\\/\"},\"wordCount\":633,\"image\":{\"@id\":\"https:\\\/\\\/350.org\\\/pt\\\/sede-da-350-org-brasil-sofre-novamente-com-tentativa-de-invasao\\\/#primaryimage\"},\"thumbnailUrl\":\"https:\\\/\\\/350.org\\\/pt\\\/wp-content\\\/uploads\\\/sites\\\/12\\\/2017\\\/04\\\/WhatsApp-Image-2017-04-26-at-19.31.49.jpeg\",\"articleSection\":[\"Featured\",\"KIITG\",\"Latin America\"],\"inLanguage\":\"pt-BR\"},{\"@type\":\"WebPage\",\"@id\":\"https:\\\/\\\/350.org\\\/pt\\\/sede-da-350-org-brasil-sofre-novamente-com-tentativa-de-invasao\\\/\",\"url\":\"https:\\\/\\\/350.org\\\/pt\\\/sede-da-350-org-brasil-sofre-novamente-com-tentativa-de-invasao\\\/\",\"name\":\"Sede da 350.org Brasil sofre novamente com tentativa de invas\u00e3o - 350 Portugu\u00eas\",\"isPartOf\":{\"@id\":\"https:\\\/\\\/350.org\\\/pt\\\/#website\"},\"primaryImageOfPage\":{\"@id\":\"https:\\\/\\\/350.org\\\/pt\\\/sede-da-350-org-brasil-sofre-novamente-com-tentativa-de-invasao\\\/#primaryimage\"},\"image\":{\"@id\":\"https:\\\/\\\/350.org\\\/pt\\\/sede-da-350-org-brasil-sofre-novamente-com-tentativa-de-invasao\\\/#primaryimage\"},\"thumbnailUrl\":\"https:\\\/\\\/350.org\\\/pt\\\/wp-content\\\/uploads\\\/sites\\\/12\\\/2017\\\/04\\\/WhatsApp-Image-2017-04-26-at-19.31.49.jpeg\",\"datePublished\":\"2017-04-28T12:06:29+00:00\",\"dateModified\":\"2023-10-02T06:02:42+00:00\",\"author\":{\"@id\":\"\"},\"breadcrumb\":{\"@id\":\"https:\\\/\\\/350.org\\\/pt\\\/sede-da-350-org-brasil-sofre-novamente-com-tentativa-de-invasao\\\/#breadcrumb\"},\"inLanguage\":\"pt-BR\",\"potentialAction\":[{\"@type\":\"ReadAction\",\"target\":[\"https:\\\/\\\/350.org\\\/pt\\\/sede-da-350-org-brasil-sofre-novamente-com-tentativa-de-invasao\\\/\"]}]},{\"@type\":\"ImageObject\",\"inLanguage\":\"pt-BR\",\"@id\":\"https:\\\/\\\/350.org\\\/pt\\\/sede-da-350-org-brasil-sofre-novamente-com-tentativa-de-invasao\\\/#primaryimage\",\"url\":\"https:\\\/\\\/350.org\\\/pt\\\/wp-content\\\/uploads\\\/sites\\\/12\\\/2017\\\/04\\\/WhatsApp-Image-2017-04-26-at-19.31.49.jpeg\",\"contentUrl\":\"https:\\\/\\\/350.org\\\/pt\\\/wp-content\\\/uploads\\\/sites\\\/12\\\/2017\\\/04\\\/WhatsApp-Image-2017-04-26-at-19.31.49.jpeg\",\"width\":1280,\"height\":960},{\"@type\":\"BreadcrumbList\",\"@id\":\"https:\\\/\\\/350.org\\\/pt\\\/sede-da-350-org-brasil-sofre-novamente-com-tentativa-de-invasao\\\/#breadcrumb\",\"itemListElement\":[{\"@type\":\"ListItem\",\"position\":1,\"name\":\"Home\",\"item\":\"https:\\\/\\\/350.org\\\/pt\\\/\"},{\"@type\":\"ListItem\",\"position\":2,\"name\":\"Sede da 350.org Brasil sofre novamente com tentativa de invas\u00e3o\"}]},{\"@type\":\"WebSite\",\"@id\":\"https:\\\/\\\/350.org\\\/pt\\\/#website\",\"url\":\"https:\\\/\\\/350.org\\\/pt\\\/\",\"name\":\"350 Portugu\u00eas\",\"description\":\"\",\"potentialAction\":[{\"@type\":\"SearchAction\",\"target\":{\"@type\":\"EntryPoint\",\"urlTemplate\":\"https:\\\/\\\/350.org\\\/pt\\\/?s={search_term_string}\"},\"query-input\":{\"@type\":\"PropertyValueSpecification\",\"valueRequired\":true,\"valueName\":\"search_term_string\"}}],\"inLanguage\":\"pt-BR\"},{\"@type\":\"Person\",\"@id\":\"\",\"url\":\"https:\\\/\\\/350.org\\\/pt\\\/author\\\/\"}]}<\/script>\n<!-- \/ Yoast SEO Premium plugin. -->","yoast_head_json":{"title":"Sede da 350.org Brasil sofre novamente com tentativa de invas\u00e3o - 350 Portugu\u00eas","robots":{"index":"index","follow":"follow","max-snippet":"max-snippet:-1","max-image-preview":"max-image-preview:large","max-video-preview":"max-video-preview:-1"},"canonical":"https:\/\/350.org\/pt\/sede-da-350-org-brasil-sofre-novamente-com-tentativa-de-invasao\/","og_locale":"pt_BR","og_type":"article","og_title":"Sede da 350.org Brasil sofre novamente com tentativa de invas\u00e3o","og_description":"\u00a0 A quem interessa prejudicar a 350.org? Ser\u00e1 apenas coincid\u00eancia ou toda vez que um leil\u00e3o de petr\u00f3leo e g\u00e1s...","og_url":"https:\/\/350.org\/pt\/sede-da-350-org-brasil-sofre-novamente-com-tentativa-de-invasao\/","og_site_name":"350 Portugu\u00eas","article_published_time":"2017-04-28T12:06:29+00:00","article_modified_time":"2023-10-02T06:02:42+00:00","og_image":[{"width":1280,"height":960,"url":"https:\/\/350.org\/pt\/wp-content\/uploads\/sites\/12\/2017\/04\/WhatsApp-Image-2017-04-26-at-19.31.49.jpeg","type":"image\/jpeg"}],"twitter_card":"summary_large_image","twitter_misc":{"Escrito por":"","Est. tempo de leitura":"3 minutos"},"schema":{"@context":"https:\/\/schema.org","@graph":[{"@type":"Article","@id":"https:\/\/350.org\/pt\/sede-da-350-org-brasil-sofre-novamente-com-tentativa-de-invasao\/#article","isPartOf":{"@id":"https:\/\/350.org\/pt\/sede-da-350-org-brasil-sofre-novamente-com-tentativa-de-invasao\/"},"author":{"name":"","@id":""},"headline":"Sede da 350.org Brasil sofre novamente com tentativa de invas\u00e3o","datePublished":"2017-04-28T12:06:29+00:00","dateModified":"2023-10-02T06:02:42+00:00","mainEntityOfPage":{"@id":"https:\/\/350.org\/pt\/sede-da-350-org-brasil-sofre-novamente-com-tentativa-de-invasao\/"},"wordCount":633,"image":{"@id":"https:\/\/350.org\/pt\/sede-da-350-org-brasil-sofre-novamente-com-tentativa-de-invasao\/#primaryimage"},"thumbnailUrl":"https:\/\/350.org\/pt\/wp-content\/uploads\/sites\/12\/2017\/04\/WhatsApp-Image-2017-04-26-at-19.31.49.jpeg","articleSection":["Featured","KIITG","Latin America"],"inLanguage":"pt-BR"},{"@type":"WebPage","@id":"https:\/\/350.org\/pt\/sede-da-350-org-brasil-sofre-novamente-com-tentativa-de-invasao\/","url":"https:\/\/350.org\/pt\/sede-da-350-org-brasil-sofre-novamente-com-tentativa-de-invasao\/","name":"Sede da 350.org Brasil sofre novamente com tentativa de invas\u00e3o - 350 Portugu\u00eas","isPartOf":{"@id":"https:\/\/350.org\/pt\/#website"},"primaryImageOfPage":{"@id":"https:\/\/350.org\/pt\/sede-da-350-org-brasil-sofre-novamente-com-tentativa-de-invasao\/#primaryimage"},"image":{"@id":"https:\/\/350.org\/pt\/sede-da-350-org-brasil-sofre-novamente-com-tentativa-de-invasao\/#primaryimage"},"thumbnailUrl":"https:\/\/350.org\/pt\/wp-content\/uploads\/sites\/12\/2017\/04\/WhatsApp-Image-2017-04-26-at-19.31.49.jpeg","datePublished":"2017-04-28T12:06:29+00:00","dateModified":"2023-10-02T06:02:42+00:00","author":{"@id":""},"breadcrumb":{"@id":"https:\/\/350.org\/pt\/sede-da-350-org-brasil-sofre-novamente-com-tentativa-de-invasao\/#breadcrumb"},"inLanguage":"pt-BR","potentialAction":[{"@type":"ReadAction","target":["https:\/\/350.org\/pt\/sede-da-350-org-brasil-sofre-novamente-com-tentativa-de-invasao\/"]}]},{"@type":"ImageObject","inLanguage":"pt-BR","@id":"https:\/\/350.org\/pt\/sede-da-350-org-brasil-sofre-novamente-com-tentativa-de-invasao\/#primaryimage","url":"https:\/\/350.org\/pt\/wp-content\/uploads\/sites\/12\/2017\/04\/WhatsApp-Image-2017-04-26-at-19.31.49.jpeg","contentUrl":"https:\/\/350.org\/pt\/wp-content\/uploads\/sites\/12\/2017\/04\/WhatsApp-Image-2017-04-26-at-19.31.49.jpeg","width":1280,"height":960},{"@type":"BreadcrumbList","@id":"https:\/\/350.org\/pt\/sede-da-350-org-brasil-sofre-novamente-com-tentativa-de-invasao\/#breadcrumb","itemListElement":[{"@type":"ListItem","position":1,"name":"Home","item":"https:\/\/350.org\/pt\/"},{"@type":"ListItem","position":2,"name":"Sede da 350.org Brasil sofre novamente com tentativa de invas\u00e3o"}]},{"@type":"WebSite","@id":"https:\/\/350.org\/pt\/#website","url":"https:\/\/350.org\/pt\/","name":"350 Portugu\u00eas","description":"","potentialAction":[{"@type":"SearchAction","target":{"@type":"EntryPoint","urlTemplate":"https:\/\/350.org\/pt\/?s={search_term_string}"},"query-input":{"@type":"PropertyValueSpecification","valueRequired":true,"valueName":"search_term_string"}}],"inLanguage":"pt-BR"},{"@type":"Person","@id":"","url":"https:\/\/350.org\/pt\/author\/"}]}},"_links":{"self":[{"href":"https:\/\/350.org\/pt\/wp-json\/wp\/v2\/posts\/131985","targetHints":{"allow":["GET"]}}],"collection":[{"href":"https:\/\/350.org\/pt\/wp-json\/wp\/v2\/posts"}],"about":[{"href":"https:\/\/350.org\/pt\/wp-json\/wp\/v2\/types\/post"}],"author":[{"embeddable":true,"href":"https:\/\/350.org\/pt\/wp-json\/wp\/v2\/users\/10012060"}],"replies":[{"embeddable":true,"href":"https:\/\/350.org\/pt\/wp-json\/wp\/v2\/comments?post=131985"}],"version-history":[{"count":0,"href":"https:\/\/350.org\/pt\/wp-json\/wp\/v2\/posts\/131985\/revisions"}],"wp:featuredmedia":[{"embeddable":true,"href":"https:\/\/350.org\/pt\/wp-json\/wp\/v2\/media\/131986"}],"wp:attachment":[{"href":"https:\/\/350.org\/pt\/wp-json\/wp\/v2\/media?parent=131985"}],"wp:term":[{"taxonomy":"category","embeddable":true,"href":"https:\/\/350.org\/pt\/wp-json\/wp\/v2\/categories?post=131985"},{"taxonomy":"post_tag","embeddable":true,"href":"https:\/\/350.org\/pt\/wp-json\/wp\/v2\/tags?post=131985"}],"curies":[{"name":"wp","href":"https:\/\/api.w.org\/{rel}","templated":true}]}}