{"id":133211,"date":"2018-02-19T17:02:22","date_gmt":"2018-02-19T20:02:22","guid":{"rendered":"https:\/\/350.org\/pt\/?p=133211"},"modified":"2023-10-03T09:46:25","modified_gmt":"2023-10-03T12:46:25","slug":"precisamos-falar-sobre-ativismo-climatico","status":"publish","type":"post","link":"https:\/\/350.org\/pt\/precisamos-falar-sobre-ativismo-climatico\/","title":{"rendered":"Precisamos falar sobre ativismo clim\u00e1tico"},"content":{"rendered":"<p><i><span style=\"font-weight: 400;\">Por Caroline Kwasnicki<\/span><\/i><\/p>\n<p><span style=\"font-weight: 400;\">Combater as mudan\u00e7as clim\u00e1ticas para salvar o planeta: essa \u00e9 s\u00f3 uma &#8211; grande &#8211; parte da hist\u00f3ria. A verdade \u00e9 que o caos clim\u00e1tico n\u00e3o \u00e9 apenas uma quest\u00e3o ambiental. \u00c9 tamb\u00e9m econ\u00f4mica e de justi\u00e7a social, pois no fim das contas, os desastres e acidentes n\u00e3o escolhem hora nem lugar para acontecer, mas n\u00f3s sabemos que quem sofre mais com os impactos s\u00e3o as comunidades menos resilientes &#8211; e que muito provavelmente foram as que menos contribu\u00edram para chegar onde estamos.<\/span><\/p>\n<p><span style=\"font-weight: 400;\">Por isso, n\u00e3o podemos mais agir passivamente e deixar mais esse problema na conta do planeta. O caos clim\u00e1tico \u00e9 um dos maiores desafios que a humanidade j\u00e1 enfrentou. E um dos principais fatores que contribu\u00edram para o aquecimento global, intensificador das mudan\u00e7as clim\u00e1ticas, s\u00e3o os combust\u00edveis f\u00f3sseis. Precisamos avan\u00e7ar v\u00e1rias casas no jogo para ficarmos livres da aparente depend\u00eancia dessa fonte de energia e buscar por alternativas mais sustent\u00e1veis e limpas para o nosso planeta e para todos. Elas j\u00e1 existem! Mas n\u00f3s precisamos acelerar essa transi\u00e7\u00e3o.<\/span><\/p>\n<p><span style=\"font-weight: 400;\">N\u00e3o podemos deixar essa responsabilidade apenas nas m\u00e3os de nossos representantes, que incans\u00e1veis vezes j\u00e1 incentivaram ou ainda continuam a incentivar a ind\u00fastria f\u00f3ssil. Seja por ignor\u00e2ncia, por oportunismo ou por corrup\u00e7\u00e3o. Ou simplesmente por parecer ser o caminho mais f\u00e1cil. A mudan\u00e7a tamb\u00e9m depende de n\u00f3s. E \u00e9 a\u00ed que o ativismo clim\u00e1tico entra.<\/span><\/p>\n<div id=\"attachment_132727\" style=\"width: 1034px\" class=\"wp-caption aligncenter\"><img loading=\"lazy\" decoding=\"async\" aria-describedby=\"caption-attachment-132727\" class=\"size-large wp-image-132727\" src=\"https:\/\/350.org\/pt\/wp-content\/uploads\/sites\/12\/2017\/10\/photo5157105470580828119-1024x768.jpg\" alt=\"\" width=\"1024\" height=\"768\" srcset=\"https:\/\/350.org\/pt\/wp-content\/uploads\/sites\/12\/2017\/10\/photo5157105470580828119-1024x768.jpg 1024w, https:\/\/350.org\/pt\/wp-content\/uploads\/sites\/12\/2017\/10\/photo5157105470580828119-200x150.jpg 200w, https:\/\/350.org\/pt\/wp-content\/uploads\/sites\/12\/2017\/10\/photo5157105470580828119-300x225.jpg 300w, https:\/\/350.org\/pt\/wp-content\/uploads\/sites\/12\/2017\/10\/photo5157105470580828119-768x576.jpg 768w, https:\/\/350.org\/pt\/wp-content\/uploads\/sites\/12\/2017\/10\/photo5157105470580828119-430x323.jpg 430w, https:\/\/350.org\/pt\/wp-content\/uploads\/sites\/12\/2017\/10\/photo5157105470580828119-20x15.jpg 20w, https:\/\/350.org\/pt\/wp-content\/uploads\/sites\/12\/2017\/10\/photo5157105470580828119-1067x800.jpg 1067w, https:\/\/350.org\/pt\/wp-content\/uploads\/sites\/12\/2017\/10\/photo5157105470580828119.jpg 1280w\" sizes=\"auto, (max-width: 1024px) 100vw, 1024px\" \/><p id=\"caption-attachment-132727\" class=\"wp-caption-text\">Manifesta\u00e7\u00e3o pac\u00edfica no Rio de Janeiro contra as rodadas do Pr\u00e9-sal em 2017<\/p><\/div>\n<p><span style=\"font-weight: 400;\">&#8220;Juntos somos mais fortes&#8221; \u00e9 um clich\u00ea, mas \u00e9 tamb\u00e9m um fato. N\u00f3s sabemos que com press\u00e3o popular, quando trabalhamos unidos, \u00e9 poss\u00edvel encarar a amea\u00e7a e construir um mundo livre dos combust\u00edveis f\u00f3sseis. Ser ativista e lutar pela causa clim\u00e1tica \u00e9 defender a vida. Levantar nossas vozes \u00e9 necess\u00e1rio, e quanto mais pessoas seguem engajadas e preocupadas com as quest\u00f5es ambientais, mais forte o movimento fica. Quando constru\u00edmos o poder local, essas vozes s\u00e3o imposs\u00edveis de serem ignoradas.<\/span><\/p>\n<p><span style=\"font-weight: 400;\">Voc\u00ea quer construir um mundo livre dos combust\u00edveis f\u00f3sseis? A campanha global <\/span><a href=\"https:\/\/zerofosseis.org\/\" target=\"_blank\" rel=\"noopener noreferrer\"><span style=\"font-weight: 400;\">Zero F\u00f3sseis<\/span><\/a><span style=\"font-weight: 400;\"> prop\u00f5e uma revolu\u00e7\u00e3o energ\u00e9tica, que pede o fim do crescimento da ind\u00fastria f\u00f3ssil e uma r\u00e1pida transi\u00e7\u00e3o para fontes de energia 100% renov\u00e1veis, livres e justas para todos. <\/span><b>Vem com a gente. N\u00f3s precisamos de voc\u00ea!<\/b><\/p>\n<p><b>Curso de Ativismo Clim\u00e1tico<\/b><\/p>\n<p><span style=\"font-weight: 400;\">A 350.org Brasil vem realizando uma s\u00e9rie de cursos gratuitos sobre Ativismo Clim\u00e1tico, com o objetivo de falar sobre as mudan\u00e7as clim\u00e1ticas e seus impactos, de compartilhar experi\u00eancias e ferramentas para novas campanhas, de ajudar no desenvolvimento do pensamento estrat\u00e9gico e a desenhar estrat\u00e9gias coletivas de atua\u00e7\u00e3o.<\/span><\/p>\n<p><span style=\"font-weight: 400;\">Essa \u00e9 uma a\u00e7\u00e3o da campanha global <\/span><a href=\"https:\/\/zerofosseis.org\/\" target=\"_blank\" rel=\"noopener noreferrer\"><span style=\"font-weight: 400;\">Zero F\u00f3sseis<\/span><\/a><span style=\"font-weight: 400;\"> da 350.org,<\/span><span style=\"font-weight: 400;\"> que precisa das comunidades locais que queiram acabar com a era dos combust\u00edveis f\u00f3sseis para conquistarmos, juntos, uma transi\u00e7\u00e3o justa para um futuro com fontes de energia 100% renov\u00e1veis e livres.<\/span><\/p>\n<p><span style=\"font-weight: 400;\">Em novembro do ano passado, os alunos da UniCesumar Maring\u00e1 participaram do curso ministrado pela diretora da 350.org Brasil e Am\u00e9rica Latina, Nicole Oliveira. Eles tiveram a chance de aprofundar o conhecimento sobre as mudan\u00e7as clim\u00e1ticas, al\u00e9m de desenvolver estrat\u00e9gias coletivas de atua\u00e7\u00e3o e ferramentas para campanhas.<\/span><\/p>\n<p><span style=\"font-weight: 400;\">\u201cParticipar <\/span><span style=\"font-weight: 400;\">do curso de Ativismo Clim\u00e1tico da 350.org Brasil foi algo que mudou a minha vida. Entender o que est\u00e1 acontecendo com o planeta e o que estamos fazendo com ele, foi um choque de realidade. Mas aprender o que podemos fazer para mudar esse cen\u00e1rio \u00e9 uma oportunidade incr\u00edvel. Come\u00e7ar por mim e propagar esses conhecimentos \u00e9 um objetivo de vida agora. Eu s\u00f3 tenho a agradecer \u00e0 350.org e \u00e0 Nicole por essa mudan\u00e7a na minha vida\u201d, comenta <\/span><span style=\"font-weight: 400;\">Yasmin Rodrigues, do curso de Ci\u00eancias Biol\u00f3gicas da UniCesumar.<\/span><\/p>\n<div id=\"attachment_133214\" style=\"width: 970px\" class=\"wp-caption aligncenter\"><img loading=\"lazy\" decoding=\"async\" aria-describedby=\"caption-attachment-133214\" class=\"wp-image-133214 size-full\" src=\"https:\/\/350.org\/pt\/wp-content\/uploads\/sites\/12\/2018\/02\/ativismo-clima\u0301tico-4.jpg\" alt=\"\" width=\"960\" height=\"720\" srcset=\"https:\/\/350.org\/pt\/wp-content\/uploads\/sites\/12\/2018\/02\/ativismo-clima\u0301tico-4.jpg 960w, https:\/\/350.org\/pt\/wp-content\/uploads\/sites\/12\/2018\/02\/ativismo-clima\u0301tico-4-200x150.jpg 200w, https:\/\/350.org\/pt\/wp-content\/uploads\/sites\/12\/2018\/02\/ativismo-clima\u0301tico-4-300x225.jpg 300w, https:\/\/350.org\/pt\/wp-content\/uploads\/sites\/12\/2018\/02\/ativismo-clima\u0301tico-4-768x576.jpg 768w, https:\/\/350.org\/pt\/wp-content\/uploads\/sites\/12\/2018\/02\/ativismo-clima\u0301tico-4-430x323.jpg 430w, https:\/\/350.org\/pt\/wp-content\/uploads\/sites\/12\/2018\/02\/ativismo-clima\u0301tico-4-20x15.jpg 20w\" sizes=\"auto, (max-width: 960px) 100vw, 960px\" \/><p id=\"caption-attachment-133214\" class=\"wp-caption-text\">Yasmin Rodrigues com outros colegas durante o curso na Unicesumar<\/p><\/div>\n<p><span style=\"font-weight: 400;\">J\u00e1 em janeiro desse ano foi a fez de Peru\u00edbe receber o curso de ativismo clim\u00e1tico. V\u00e1rios moradores participaram e continuam engajados com as causas ambientais do munic\u00edpio. \u201cO trabalho desenvolvido por essas institui\u00e7\u00f5es \u00e9 s\u00e9rio, incans\u00e1vel e emocionante! A partir da reflex\u00e3o de que \u2018somos todos um\u2019, somos orientados e alertados para a necessidade da justi\u00e7a social e ambiental, para o bem da qualidade do ar que respiramos, da \u00e1gua que bebemos e para a preserva\u00e7\u00e3o da vida em nosso fr\u00e1gil planeta Terra\u201d, relata Roselly Pizzolotti, uma das participantes do curso.<\/span><\/p>\n<div id=\"attachment_133213\" style=\"width: 1034px\" class=\"wp-caption aligncenter\"><img loading=\"lazy\" decoding=\"async\" aria-describedby=\"caption-attachment-133213\" class=\"wp-image-133213 size-large\" src=\"https:\/\/350.org\/pt\/wp-content\/uploads\/sites\/12\/2018\/02\/ativismo-clima\u0301tico-3-1024x768.jpg\" alt=\"\" width=\"1024\" height=\"768\" srcset=\"https:\/\/350.org\/pt\/wp-content\/uploads\/sites\/12\/2018\/02\/ativismo-clima\u0301tico-3-1024x768.jpg 1024w, https:\/\/350.org\/pt\/wp-content\/uploads\/sites\/12\/2018\/02\/ativismo-clima\u0301tico-3-200x150.jpg 200w, https:\/\/350.org\/pt\/wp-content\/uploads\/sites\/12\/2018\/02\/ativismo-clima\u0301tico-3-300x225.jpg 300w, https:\/\/350.org\/pt\/wp-content\/uploads\/sites\/12\/2018\/02\/ativismo-clima\u0301tico-3-768x576.jpg 768w, https:\/\/350.org\/pt\/wp-content\/uploads\/sites\/12\/2018\/02\/ativismo-clima\u0301tico-3-430x323.jpg 430w, https:\/\/350.org\/pt\/wp-content\/uploads\/sites\/12\/2018\/02\/ativismo-clima\u0301tico-3-20x15.jpg 20w, https:\/\/350.org\/pt\/wp-content\/uploads\/sites\/12\/2018\/02\/ativismo-clima\u0301tico-3-1067x800.jpg 1067w, https:\/\/350.org\/pt\/wp-content\/uploads\/sites\/12\/2018\/02\/ativismo-clima\u0301tico-3.jpg 1280w\" sizes=\"auto, (max-width: 1024px) 100vw, 1024px\" \/><p id=\"caption-attachment-133213\" class=\"wp-caption-text\">Roselly Pizzolotti durante o curso de Ativismo Clim\u00e1tico em Peru\u00edbe<\/p><\/div>\n<p><span style=\"font-weight: 400;\">Lembrando que recentemente a comunidade de Peru\u00edbe encarou uma longa batalha <a href=\"https:\/\/350.org\/pt\/comunidade-do-litoral-de-sao-paulo-vence-luta-contra-termeletrica\/\" target=\"_blank\" rel=\"noopener noreferrer\">contra a instala\u00e7\u00e3o de uma usina termel\u00e9trica<\/a> na cidade. Gra\u00e7as \u00e0 press\u00e3o popular, os vereadores da cidade aprovaram uma emenda \u00e0 lei org\u00e2nica que impede o projeto da constru\u00e7\u00e3o de termel\u00e9tricas no munic\u00edpio e de outros empreendimentos poluentes. Peru\u00edbe \u00e9 n\u00e3o s\u00f3 um exemplo de ativismo clim\u00e1tico, mas um exemplo para o Brasil e para outros pa\u00edses na luta contra a ind\u00fastria f\u00f3ssil e de que \u00e9 poss\u00edvel, sim, caminhar rumo a um mundo livre dos combust\u00edveis f\u00f3sseis.<\/span><\/p>\n<p><b>Voc\u00ea gostaria de ver esse curso acontecendo em sua cidade?<\/b><span style=\"font-weight: 400;\"> Envie um e-mail para <\/span><span style=\"font-weight: 400;\">nicole@350.org<\/span><span style=\"font-weight: 400;\"> com os seus dados e conta pra gente se voc\u00ea conhece outras pessoas que teriam interesse em participar tamb\u00e9m!<\/span><\/p>\n","protected":false},"excerpt":{"rendered":"<p>As mudan\u00e7as clim\u00e1ticas j\u00e1 s\u00e3o um perigo para in\u00fameras comunidades. Chegou a hora de levantarmos nossas vozes para proteger o planeta e caminhar para um futuro mais sustent\u00e1vel<\/p>\n","protected":false},"author":10012081,"featured_media":133212,"comment_status":"closed","ping_status":"closed","sticky":false,"template":"","format":"standard","meta":{"_acf_changed":false,"footnotes":""},"categories":[15],"tags":[228,60,379,378,353,123,45,205],"class_list":["post-133211","post","type-post","status-publish","format-standard","has-post-thumbnail","hentry","category-impacts","tag-aquecimento-global","tag-ativismo","tag-ativismo-climatico","tag-ativista","tag-caos-climatico","tag-combustiveis-fosseis","tag-mudancas-climaticas","tag-zero-fosseis"],"acf":[],"yoast_head":"<!-- This site is optimized with the Yoast SEO Premium plugin v26.9 (Yoast SEO v27.5) - https:\/\/yoast.com\/product\/yoast-seo-premium-wordpress\/ -->\n<title>Precisamos falar sobre ativismo clim\u00e1tico - 350 Portugu\u00eas<\/title>\n<meta name=\"robots\" content=\"index, follow, max-snippet:-1, max-image-preview:large, max-video-preview:-1\" \/>\n<link rel=\"canonical\" href=\"https:\/\/350.org\/pt\/precisamos-falar-sobre-ativismo-climatico\/\" \/>\n<meta property=\"og:locale\" content=\"pt_BR\" \/>\n<meta property=\"og:type\" content=\"article\" \/>\n<meta property=\"og:title\" content=\"Precisamos falar sobre ativismo clim\u00e1tico\" \/>\n<meta property=\"og:description\" content=\"As mudan\u00e7as clim\u00e1ticas j\u00e1 s\u00e3o um perigo para in\u00fameras comunidades. Chegou a hora de levantarmos nossas vozes para proteger o planeta e caminhar para um futuro mais sustent\u00e1vel\" \/>\n<meta property=\"og:url\" content=\"https:\/\/350.org\/pt\/precisamos-falar-sobre-ativismo-climatico\/\" \/>\n<meta property=\"og:site_name\" content=\"350 Portugu\u00eas\" \/>\n<meta property=\"article:published_time\" content=\"2018-02-19T20:02:22+00:00\" \/>\n<meta property=\"article:modified_time\" content=\"2023-10-03T12:46:25+00:00\" \/>\n<meta property=\"og:image\" content=\"https:\/\/350.org\/pt\/wp-content\/uploads\/sites\/12\/2018\/02\/ativismo-clima\u0301tico.jpg\" \/>\n\t<meta property=\"og:image:width\" content=\"1280\" \/>\n\t<meta property=\"og:image:height\" content=\"960\" \/>\n\t<meta property=\"og:image:type\" content=\"image\/jpeg\" \/>\n<meta name=\"twitter:card\" content=\"summary_large_image\" \/>\n<meta name=\"twitter:label1\" content=\"Escrito por\" \/>\n\t<meta name=\"twitter:data1\" content=\"\" \/>\n\t<meta name=\"twitter:label2\" content=\"Est. tempo de leitura\" \/>\n\t<meta name=\"twitter:data2\" content=\"5 minutos\" \/>\n<script type=\"application\/ld+json\" class=\"yoast-schema-graph\">{\"@context\":\"https:\\\/\\\/schema.org\",\"@graph\":[{\"@type\":\"Article\",\"@id\":\"https:\\\/\\\/350.org\\\/pt\\\/precisamos-falar-sobre-ativismo-climatico\\\/#article\",\"isPartOf\":{\"@id\":\"https:\\\/\\\/350.org\\\/pt\\\/precisamos-falar-sobre-ativismo-climatico\\\/\"},\"author\":{\"name\":\"\",\"@id\":\"\"},\"headline\":\"Precisamos falar sobre ativismo clim\u00e1tico\",\"datePublished\":\"2018-02-19T20:02:22+00:00\",\"dateModified\":\"2023-10-03T12:46:25+00:00\",\"mainEntityOfPage\":{\"@id\":\"https:\\\/\\\/350.org\\\/pt\\\/precisamos-falar-sobre-ativismo-climatico\\\/\"},\"wordCount\":966,\"image\":{\"@id\":\"https:\\\/\\\/350.org\\\/pt\\\/precisamos-falar-sobre-ativismo-climatico\\\/#primaryimage\"},\"thumbnailUrl\":\"https:\\\/\\\/350.org\\\/pt\\\/wp-content\\\/uploads\\\/sites\\\/12\\\/2018\\\/02\\\/ativismo-clima\u0301tico.jpg\",\"keywords\":[\"aquecimento global\",\"Ativismo\",\"ativismo clim\u00e1tico\",\"ativista\",\"caos clim\u00e1tico\",\"combust\u00edveis f\u00f3sseis\",\"mudan\u00e7as clim\u00e1ticas\",\"Zero f\u00f3sseis\"],\"articleSection\":[\"Climate Impacts\"],\"inLanguage\":\"pt-BR\"},{\"@type\":\"WebPage\",\"@id\":\"https:\\\/\\\/350.org\\\/pt\\\/precisamos-falar-sobre-ativismo-climatico\\\/\",\"url\":\"https:\\\/\\\/350.org\\\/pt\\\/precisamos-falar-sobre-ativismo-climatico\\\/\",\"name\":\"Precisamos falar sobre ativismo clim\u00e1tico - 350 Portugu\u00eas\",\"isPartOf\":{\"@id\":\"https:\\\/\\\/350.org\\\/pt\\\/#website\"},\"primaryImageOfPage\":{\"@id\":\"https:\\\/\\\/350.org\\\/pt\\\/precisamos-falar-sobre-ativismo-climatico\\\/#primaryimage\"},\"image\":{\"@id\":\"https:\\\/\\\/350.org\\\/pt\\\/precisamos-falar-sobre-ativismo-climatico\\\/#primaryimage\"},\"thumbnailUrl\":\"https:\\\/\\\/350.org\\\/pt\\\/wp-content\\\/uploads\\\/sites\\\/12\\\/2018\\\/02\\\/ativismo-clima\u0301tico.jpg\",\"datePublished\":\"2018-02-19T20:02:22+00:00\",\"dateModified\":\"2023-10-03T12:46:25+00:00\",\"author\":{\"@id\":\"\"},\"breadcrumb\":{\"@id\":\"https:\\\/\\\/350.org\\\/pt\\\/precisamos-falar-sobre-ativismo-climatico\\\/#breadcrumb\"},\"inLanguage\":\"pt-BR\",\"potentialAction\":[{\"@type\":\"ReadAction\",\"target\":[\"https:\\\/\\\/350.org\\\/pt\\\/precisamos-falar-sobre-ativismo-climatico\\\/\"]}]},{\"@type\":\"ImageObject\",\"inLanguage\":\"pt-BR\",\"@id\":\"https:\\\/\\\/350.org\\\/pt\\\/precisamos-falar-sobre-ativismo-climatico\\\/#primaryimage\",\"url\":\"https:\\\/\\\/350.org\\\/pt\\\/wp-content\\\/uploads\\\/sites\\\/12\\\/2018\\\/02\\\/ativismo-clima\u0301tico.jpg\",\"contentUrl\":\"https:\\\/\\\/350.org\\\/pt\\\/wp-content\\\/uploads\\\/sites\\\/12\\\/2018\\\/02\\\/ativismo-clima\u0301tico.jpg\",\"width\":1280,\"height\":960},{\"@type\":\"BreadcrumbList\",\"@id\":\"https:\\\/\\\/350.org\\\/pt\\\/precisamos-falar-sobre-ativismo-climatico\\\/#breadcrumb\",\"itemListElement\":[{\"@type\":\"ListItem\",\"position\":1,\"name\":\"Home\",\"item\":\"https:\\\/\\\/350.org\\\/pt\\\/\"},{\"@type\":\"ListItem\",\"position\":2,\"name\":\"Precisamos falar sobre ativismo clim\u00e1tico\"}]},{\"@type\":\"WebSite\",\"@id\":\"https:\\\/\\\/350.org\\\/pt\\\/#website\",\"url\":\"https:\\\/\\\/350.org\\\/pt\\\/\",\"name\":\"350 Portugu\u00eas\",\"description\":\"\",\"potentialAction\":[{\"@type\":\"SearchAction\",\"target\":{\"@type\":\"EntryPoint\",\"urlTemplate\":\"https:\\\/\\\/350.org\\\/pt\\\/?s={search_term_string}\"},\"query-input\":{\"@type\":\"PropertyValueSpecification\",\"valueRequired\":true,\"valueName\":\"search_term_string\"}}],\"inLanguage\":\"pt-BR\"},{\"@type\":\"Person\",\"@id\":\"\",\"url\":\"https:\\\/\\\/350.org\\\/pt\\\/author\\\/\"}]}<\/script>\n<!-- \/ Yoast SEO Premium plugin. -->","yoast_head_json":{"title":"Precisamos falar sobre ativismo clim\u00e1tico - 350 Portugu\u00eas","robots":{"index":"index","follow":"follow","max-snippet":"max-snippet:-1","max-image-preview":"max-image-preview:large","max-video-preview":"max-video-preview:-1"},"canonical":"https:\/\/350.org\/pt\/precisamos-falar-sobre-ativismo-climatico\/","og_locale":"pt_BR","og_type":"article","og_title":"Precisamos falar sobre ativismo clim\u00e1tico","og_description":"As mudan\u00e7as clim\u00e1ticas j\u00e1 s\u00e3o um perigo para in\u00fameras comunidades. Chegou a hora de levantarmos nossas vozes para proteger o planeta e caminhar para um futuro mais sustent\u00e1vel","og_url":"https:\/\/350.org\/pt\/precisamos-falar-sobre-ativismo-climatico\/","og_site_name":"350 Portugu\u00eas","article_published_time":"2018-02-19T20:02:22+00:00","article_modified_time":"2023-10-03T12:46:25+00:00","og_image":[{"width":1280,"height":960,"url":"https:\/\/350.org\/pt\/wp-content\/uploads\/sites\/12\/2018\/02\/ativismo-clima\u0301tico.jpg","type":"image\/jpeg"}],"twitter_card":"summary_large_image","twitter_misc":{"Escrito por":"","Est. tempo de leitura":"5 minutos"},"schema":{"@context":"https:\/\/schema.org","@graph":[{"@type":"Article","@id":"https:\/\/350.org\/pt\/precisamos-falar-sobre-ativismo-climatico\/#article","isPartOf":{"@id":"https:\/\/350.org\/pt\/precisamos-falar-sobre-ativismo-climatico\/"},"author":{"name":"","@id":""},"headline":"Precisamos falar sobre ativismo clim\u00e1tico","datePublished":"2018-02-19T20:02:22+00:00","dateModified":"2023-10-03T12:46:25+00:00","mainEntityOfPage":{"@id":"https:\/\/350.org\/pt\/precisamos-falar-sobre-ativismo-climatico\/"},"wordCount":966,"image":{"@id":"https:\/\/350.org\/pt\/precisamos-falar-sobre-ativismo-climatico\/#primaryimage"},"thumbnailUrl":"https:\/\/350.org\/pt\/wp-content\/uploads\/sites\/12\/2018\/02\/ativismo-clima\u0301tico.jpg","keywords":["aquecimento global","Ativismo","ativismo clim\u00e1tico","ativista","caos clim\u00e1tico","combust\u00edveis f\u00f3sseis","mudan\u00e7as clim\u00e1ticas","Zero f\u00f3sseis"],"articleSection":["Climate Impacts"],"inLanguage":"pt-BR"},{"@type":"WebPage","@id":"https:\/\/350.org\/pt\/precisamos-falar-sobre-ativismo-climatico\/","url":"https:\/\/350.org\/pt\/precisamos-falar-sobre-ativismo-climatico\/","name":"Precisamos falar sobre ativismo clim\u00e1tico - 350 Portugu\u00eas","isPartOf":{"@id":"https:\/\/350.org\/pt\/#website"},"primaryImageOfPage":{"@id":"https:\/\/350.org\/pt\/precisamos-falar-sobre-ativismo-climatico\/#primaryimage"},"image":{"@id":"https:\/\/350.org\/pt\/precisamos-falar-sobre-ativismo-climatico\/#primaryimage"},"thumbnailUrl":"https:\/\/350.org\/pt\/wp-content\/uploads\/sites\/12\/2018\/02\/ativismo-clima\u0301tico.jpg","datePublished":"2018-02-19T20:02:22+00:00","dateModified":"2023-10-03T12:46:25+00:00","author":{"@id":""},"breadcrumb":{"@id":"https:\/\/350.org\/pt\/precisamos-falar-sobre-ativismo-climatico\/#breadcrumb"},"inLanguage":"pt-BR","potentialAction":[{"@type":"ReadAction","target":["https:\/\/350.org\/pt\/precisamos-falar-sobre-ativismo-climatico\/"]}]},{"@type":"ImageObject","inLanguage":"pt-BR","@id":"https:\/\/350.org\/pt\/precisamos-falar-sobre-ativismo-climatico\/#primaryimage","url":"https:\/\/350.org\/pt\/wp-content\/uploads\/sites\/12\/2018\/02\/ativismo-clima\u0301tico.jpg","contentUrl":"https:\/\/350.org\/pt\/wp-content\/uploads\/sites\/12\/2018\/02\/ativismo-clima\u0301tico.jpg","width":1280,"height":960},{"@type":"BreadcrumbList","@id":"https:\/\/350.org\/pt\/precisamos-falar-sobre-ativismo-climatico\/#breadcrumb","itemListElement":[{"@type":"ListItem","position":1,"name":"Home","item":"https:\/\/350.org\/pt\/"},{"@type":"ListItem","position":2,"name":"Precisamos falar sobre ativismo clim\u00e1tico"}]},{"@type":"WebSite","@id":"https:\/\/350.org\/pt\/#website","url":"https:\/\/350.org\/pt\/","name":"350 Portugu\u00eas","description":"","potentialAction":[{"@type":"SearchAction","target":{"@type":"EntryPoint","urlTemplate":"https:\/\/350.org\/pt\/?s={search_term_string}"},"query-input":{"@type":"PropertyValueSpecification","valueRequired":true,"valueName":"search_term_string"}}],"inLanguage":"pt-BR"},{"@type":"Person","@id":"","url":"https:\/\/350.org\/pt\/author\/"}]}},"_links":{"self":[{"href":"https:\/\/350.org\/pt\/wp-json\/wp\/v2\/posts\/133211","targetHints":{"allow":["GET"]}}],"collection":[{"href":"https:\/\/350.org\/pt\/wp-json\/wp\/v2\/posts"}],"about":[{"href":"https:\/\/350.org\/pt\/wp-json\/wp\/v2\/types\/post"}],"author":[{"embeddable":true,"href":"https:\/\/350.org\/pt\/wp-json\/wp\/v2\/users\/10012081"}],"replies":[{"embeddable":true,"href":"https:\/\/350.org\/pt\/wp-json\/wp\/v2\/comments?post=133211"}],"version-history":[{"count":0,"href":"https:\/\/350.org\/pt\/wp-json\/wp\/v2\/posts\/133211\/revisions"}],"wp:featuredmedia":[{"embeddable":true,"href":"https:\/\/350.org\/pt\/wp-json\/wp\/v2\/media\/133212"}],"wp:attachment":[{"href":"https:\/\/350.org\/pt\/wp-json\/wp\/v2\/media?parent=133211"}],"wp:term":[{"taxonomy":"category","embeddable":true,"href":"https:\/\/350.org\/pt\/wp-json\/wp\/v2\/categories?post=133211"},{"taxonomy":"post_tag","embeddable":true,"href":"https:\/\/350.org\/pt\/wp-json\/wp\/v2\/tags?post=133211"}],"curies":[{"name":"wp","href":"https:\/\/api.w.org\/{rel}","templated":true}]}}