{"id":135127,"date":"2019-10-16T18:35:44","date_gmt":"2019-10-16T21:35:44","guid":{"rendered":"https:\/\/350.org\/pt\/?p=135127"},"modified":"2023-10-03T08:40:31","modified_gmt":"2023-10-03T11:40:31","slug":"protocolos-de-consulta-indigenas-iniciativa-se-expande-no-brasil","status":"publish","type":"post","link":"https:\/\/350.org\/pt\/protocolos-de-consulta-indigenas-iniciativa-se-expande-no-brasil\/","title":{"rendered":"Protocolos de consulta ind\u00edgenas: iniciativa se expande no Brasil"},"content":{"rendered":"<p><span style=\"font-weight: 400;\">Respeitar a peculiaridade, autonomia e o territ\u00f3rio de cada povo ind\u00edgena \u00e9 uma prioridade que n\u00e3o pode ser menosprezada, quando decis\u00f5es administrativas do Estado e legislativas, que envolvam principalmente projetos de empreendimentos possam afetar seus territ\u00f3rios e modos de vida. O direito de consulta e consentimento pr\u00e9vio, livre e informado \u00e9 garantido pela Conven\u00e7\u00e3o da Organiza\u00e7\u00e3o Internacional do Trabalho (OIT) 169 sobre Povos Ind\u00edgenas e Tribais, <\/span><a href=\"https:\/\/www.planalto.gov.br\/ccivil_03\/_ato2004-2006\/2004\/decreto\/d5051.htm\"><span style=\"font-weight: 400;\">ratificada no Brasil<\/span><\/a><span style=\"font-weight: 400;\">, desde o ano de 2004. Na pr\u00e1tica, no entanto, existe o desafio de que estes princ\u00edpios sejam, de fato, exercidos. Diante da dificuldade que tem se ampliado principalmente no contexto de megaempreendimentos, como hidrel\u00e9tricas, extra\u00e7\u00e3o mineral, rodovias e hidrovias, entre outros, v\u00e1rios povos ind\u00edgenas est\u00e3o constituindo seus pr\u00f3prios protocolos de consulta, como ferramentas para defender seus direitos.<\/span><span style=\"font-weight: 400;\"><br \/>\n<\/span><\/p>\n<div id=\"attachment_135129\" style=\"width: 310px\" class=\"wp-caption alignleft\"><img loading=\"lazy\" decoding=\"async\" aria-describedby=\"caption-attachment-135129\" class=\"size-medium wp-image-135129\" src=\"https:\/\/350.org\/pt\/wp-content\/uploads\/sites\/12\/2019\/10\/ProtocolodeconsultaYanomamiYekwana_entregueMPFRR-300x200.jpg\" alt=\"Protocolo deconsulta Yanomami - Ye\u00b4kwana - 2019\" width=\"300\" height=\"200\" srcset=\"https:\/\/350.org\/pt\/wp-content\/uploads\/sites\/12\/2019\/10\/ProtocolodeconsultaYanomamiYekwana_entregueMPFRR-300x200.jpg 300w, https:\/\/350.org\/pt\/wp-content\/uploads\/sites\/12\/2019\/10\/ProtocolodeconsultaYanomamiYekwana_entregueMPFRR-225x150.jpg 225w, https:\/\/350.org\/pt\/wp-content\/uploads\/sites\/12\/2019\/10\/ProtocolodeconsultaYanomamiYekwana_entregueMPFRR-20x13.jpg 20w, https:\/\/350.org\/pt\/wp-content\/uploads\/sites\/12\/2019\/10\/ProtocolodeconsultaYanomamiYekwana_entregueMPFRR.jpg 400w\" sizes=\"auto, (max-width: 300px) 100vw, 300px\" \/><p id=\"caption-attachment-135129\" class=\"wp-caption-text\">Foto: Entrega do Protocolo de consulta Yanomami &#8211; Ye\u00b4kwana, ao MPF\/RR, em 2019 &#8211; Foto: Ascom MPF\/RR<\/p><\/div>\n<p><span style=\"font-weight: 400;\">A <\/span><a href=\"https:\/\/www.mpf.mp.br\/atuacao-tematica\/ccr6\/documentos-e-publicacoes\/protocolos-de-consulta-dos-povos-indigenas\"><span style=\"font-weight: 400;\">6\u00aa C\u00e2mara de Popula\u00e7\u00f5es Ind\u00edgenas e Tradicionais do Minist\u00e9rio P\u00fablico Federal (MPF)<\/span><\/a><span style=\"font-weight: 400;\"> tem apoiado estas iniciativas, que v\u00eam ao encontro de causas defendidas pelo \u00f3rg\u00e3o em todo o Brasil. Com isso, se constr\u00f3i uma base jur\u00eddica formulada pelos pr\u00f3prios ind\u00edgenas.\u00a0<\/span><\/p>\n<p><span style=\"font-weight: 400;\">Segundo Andreia Takua Fernandes, coordenadora do Programa Ind\u00edgena da 350.org, no Brasil, e tamb\u00e9m presidente do Conselho Nacional de Sa\u00fade Ind\u00edgena, a consulta \u00e9 extremamente importante, porque geralmente os empreendimentos s\u00e3o de longa perman\u00eancia. \u201cPor muitas vezes, os povos ind\u00edgenas afetados desconhecem como se d\u00e1 o processo de implementa\u00e7\u00e3o e quais s\u00e3o os reais impactos. Hoje a Funda\u00e7\u00e3o Nacional do \u00cdndio (Funai) faz um estudo dentro dos territ\u00f3rios ind\u00edgenas (TIs) a respeito dos impactos destes projetos quando praticamente toda a parte burocr\u00e1tica do empreendimento est\u00e1 encaminhada, e as comunidades ind\u00edgenas n\u00e3o t\u00eam total participa\u00e7\u00e3o\u201d, analisa.\u00a0<\/span><\/p>\n<p><span style=\"font-weight: 400;\">O respeito ao conhecimento dos diferentes povos sobre os pontos sens\u00edveis dos\u00a0 territ\u00f3rios, desde ao aspecto cultural ao ambiental, \u00e9 fundamental, de acordo com Andreia Takua. Isso implica quest\u00f5es que envolvem patrim\u00f4nios imateriais \u00e0 seguran\u00e7a alimentar. Uma escuta \u00e0 carga de ancestralidade e de conhecimento como defensores ambientais e clim\u00e1ticos.\u00a0<\/span><\/p>\n<p><span style=\"font-weight: 400;\">\u201cPor meio do protocolo, \u00e9 poss\u00edvel identificar quais s\u00e3o os pontos que devem ser preservados, que tipo de atividade \u00e9 poss\u00edvel e quais s\u00e3o as compensa\u00e7\u00f5es vi\u00e1veis. Outro ponto importante \u00e9 como deve ser o acesso \u00e0s aldeias, com o di\u00e1logo feito pelo Governo e empreendedor que respeite a l\u00edngua ind\u00edgena\u201d, diz.\u00a0<\/span><\/p>\n<p><span style=\"font-weight: 400;\">Segundo Andreia, a Conven\u00e7\u00e3o OIT 169 deve ser respeitada e a Funai deveria ter um banco de dados de protocolos ind\u00edgenas, que tenham o foco territorial, que servisse de base j\u00e1 no in\u00edcio dos processos.\u00a0<\/span><\/p>\n<p><span style=\"font-weight: 400;\">Andreia cita que j\u00e1 existem experi\u00eancias no estado de S\u00e3o Paulo, por exemplo, em duas aldeias do povo guarani, em que o empreendimento local respeitou o protocolo e foi formado um comit\u00ea inter-aldeias com os empreendedores. \u201cOs pr\u00f3prios ind\u00edgenas gerenciam como vai ser aplicado os recursos de compensa\u00e7\u00e3o ambiental nestas comunidades. Escolheram benfeitorias relacionadas \u00e0 medicina tradicional, tratamento de \u00e1gua e esgoto, escola, sa\u00fade que s\u00e3o uma demanda do seu povo\u201d.\u00a0<\/span><\/p>\n<p><span style=\"font-weight: 400;\">Recentemente no Rio de Janeiro, Andreia conta que h\u00e1 uma experi\u00eancia de protocolo de consulta sobre turismo relacionado a \u00e1reas de territ\u00f3rios ind\u00edgenas sobrepostas a unidades de conserva\u00e7\u00e3o. &#8220;Muitas vezes, organiza\u00e7\u00f5es tentam explorar estas \u00e1reas, sem consultar as comunidades, para que possam ter participa\u00e7\u00e3o nas decis\u00f5es e renda desses espa\u00e7os tur\u00edsticos\u201d, alerta.<\/p>\n<p><\/span><span style=\"font-weight: 400;\">Conhe\u00e7a alguns protocolos de consulta ind\u00edgenas elaborados principalmente desde 2014:<\/span><\/p>\n<p><a href=\"https:\/\/www.mpf.mp.br\/atuacao-tematica\/ccr6\/documentos-e-publicacoes\/protocolos-de-consulta-dos-povos-indigenas\/docs\/ProtocoloConsultaKRENAK_.pdf\"><span style=\"font-weight: 400;\">Krenak<\/span><span style=\"font-weight: 400;\"><br \/>\n<\/span><\/a><a href=\"https:\/\/rca.org.br\/wp-content\/uploads\/2019\/02\/protocolo-guarani-versa%CC%83o-Web.pdf\"><span style=\"font-weight: 400;\">Guarani-Mbya<\/span><span style=\"font-weight: 400;\"><br \/>\n<\/span><\/a><a href=\"https:\/\/www.mpf.mp.br\/atuacao-tematica\/ccr6\/documentos-e-publicacoes\/protocolos-de-consulta-dos-povos-indigenas\/docs\/RCA2017ProtocoloJurunaCAPAeMIOLO.pdf\"><span style=\"font-weight: 400;\">Juruna<\/span><span style=\"font-weight: 400;\"><br \/>\n<\/span><\/a><a href=\"https:\/\/rca.org.br\/wp-content\/uploads\/2019\/03\/Protocolo-Kayap%C3%B3-Menkr%C3%A3gnoti.pdf\"><span style=\"font-weight: 400;\">Kayap\u00f3-Menkragnoti associados ao Instituto Kabu<\/span><span style=\"font-weight: 400;\"><br \/>\n<\/span><\/a><a href=\"https:\/\/www.mpf.mp.br\/atuacao-tematica\/ccr6\/documentos-e-publicacoes\/protocolos-de-consulta-dos-povos-indigenas\/docs\/ProtocolodeConsultaMunduruku.pdf\"><span style=\"font-weight: 400;\">Munduruku<\/span><span style=\"font-weight: 400;\"><br \/>\n<\/span><\/a><a href=\"https:\/\/www.socioambiental.org\/sites\/blog.socioambiental.org\/files\/blog\/pdfs\/pp_isa_af01_web.pdf\"><span style=\"font-weight: 400;\">Panar\u00e1<\/span><span style=\"font-weight: 400;\"><br \/>\n<\/span><\/a><a href=\"https:\/\/rca.org.br\/wp-content\/uploads\/2017\/12\/Protocolo_de_Consulta_mar%C3%A7o_2017.pdf\"><span style=\"font-weight: 400;\">Povos Ind\u00edgenas Munduruku e Apiak\u00e1 do Planalto Santareno<\/span><span style=\"font-weight: 400;\"><br \/>\n<\/span><\/a><a href=\"https:\/\/rca.org.br\/wp-content\/uploads\/2019\/08\/PROTOCOLO-OIAPOQUE-CAPA-E-MIOLO-final-compactado-1.pdf\"><span style=\"font-weight: 400;\">Povos Ind\u00edgenas do Oiapoque<\/span><span style=\"font-weight: 400;\"><br \/>\n<\/span><\/a><a href=\"https:\/\/www.mpf.mp.br\/atuacao-tematica\/ccr6\/documentos-e-publicacoes\/protocolos-de-consulta-dos-povos-indigenas\/docs\/2016protocolotixxingu.pdf\"><span style=\"font-weight: 400;\">Povos do territ\u00f3rio ind\u00edgena do Xingu<\/span><span style=\"font-weight: 400;\"><br \/>\n<\/span><\/a><a href=\"https:\/\/rca.org.br\/wp-content\/uploads\/2019\/09\/PROTOCOLO-Yanomami-capa-e-MIOLO-final-min.pdf\"><span style=\"font-weight: 400;\"> Povos Yanomami e Ye`Kwana<\/span><span style=\"font-weight: 400;\"><br \/>\n<\/span><\/a><a href=\"https:\/\/rca.org.br\/wp-content\/uploads\/2018\/08\/PROTOCOLO-WAIMIRI-ATROARI-capa-e-miolo-baixa-para-site.pdf\"><span style=\"font-weight: 400;\">Waimiri-Atroari<\/span><span style=\"font-weight: 400;\"><br \/>\n<\/span><\/a><a href=\"https:\/\/www.mpf.mp.br\/atuacao-tematica\/ccr6\/documentos-e-publicacoes\/protocolos-de-consulta-dos-povos-indigenas\/docs\/2014_protocolo_consulta_consentimento_wajapi.pdf\"><span style=\"font-weight: 400;\">Waj\u00e3pi<\/span><\/a><span style=\"font-weight: 400;\">, entre outros.\u00a0<\/span><\/p>\n<p><span style=\"font-weight: 400;\">E os exemplos se multiplicam em diferentes regi\u00f5es.<\/span><\/p>\n<h1><strong>Sobre a 350.org no Brasil e a causa clim\u00e1tica\u00a0<\/strong><\/h1>\n<p><span style=\"font-weight: 400;\">A 350.org \u00e9 um movimento global de pessoas que trabalham para acabar com a era dos combust\u00edveis f\u00f3sseis e construir um mundo de energias renov\u00e1veis e livres, lideradas pela comunidade e acess\u00edveis a todos. Nossas a\u00e7\u00f5es v\u00eam ao encontro de medidas que visem inibir a acelera\u00e7\u00e3o das mudan\u00e7as clim\u00e1ticas pela a\u00e7\u00e3o humana, que incluem a manuten\u00e7\u00e3o das florestas.<\/span><\/p>\n<p><span style=\"font-weight: 400;\">Desde o in\u00edcio, trabalha quest\u00f5es de mudan\u00e7as clim\u00e1ticas e luta contra os f\u00f3sseis junto \u00e0s comunidades ind\u00edgenas e outras comunidades tradicionais por meio do Programa 350 Ind\u00edgenas e vem refor\u00e7ando seu posicionamento em defesa das comunidades afetadas por meio da campanha\u00a0<\/span><a href=\"https:\/\/350.org\/pt\/defensores-do-clima\/\"><b>Defensores do Clima.<\/b><\/a><span style=\"font-weight: 400;\">\u00a0Mais uma vertente das iniciativas apoiadas pela 350.org \u00e9 da conjuga\u00e7\u00e3o entre F\u00e9, Paz e Clima.<\/span><\/p>\n<p><span style=\"font-weight: 400;\">###<\/span><span style=\"font-weight: 400;\"><br \/>\n<\/span><span style=\"font-weight: 400;\">Sucena Shkrada Resk \u2013 jornalista ambiental, especialista em pol\u00edtica internacional, e meio ambiente e sociedade, \u00e9 digital organizer da 350.org no Brasil<\/span><\/p>\n<p><span style=\"font-weight: 400;\">Veja tamb\u00e9m:\u00a0<\/span><\/p>\n<p><a href=\"https:\/\/350.org\/pt\/ailton-krenak-fala-de-sua-leitura-de-mundo-no-contexto-das-mudancas-climaticas\/\"><b>Ailton Krenak fala de sua leitura de mundo no contexto das mudan\u00e7as clim\u00e1ticas<\/b><b><br \/>\n<\/b><\/a><a href=\"https:\/\/350.org\/pt\/papa-francisco-inicia-sinodo-da-amazonia-enfatizando-o-respeito-aos-povos-originarios\/\"><b>Papa Francisco inicia S\u00ednodo da Amaz\u00f4nia enfatizando o respeito aos povos origin\u00e1rios<\/b><b><br \/>\n<\/b><\/a><a href=\"https:\/\/350.org\/pt\/direitos-humanos-violencia-contra-povos-indigenas-aumenta-em-2018\/\"><b>Direitos humanos: viol\u00eancia contra povos ind\u00edgenas aumenta em 2018<\/b><b><br \/>\n<\/b><\/a><a href=\"https:\/\/350.org\/pt\/nobel-alternativo-premia-os-defensores-climaticos-davi-kopenawa-e-greta-thunberg\/\"><b>Nobel alternativo premia os defensores clim\u00e1ticos Davi Kopenawa e Greta Thunberg<\/b><b><br \/>\n<\/b><\/a><a href=\"https:\/\/350.org\/pt\/direito-indigena-amplia-sua-visibilidade-internacional-por-meio-de-liderancas-e-projetos\/\"><b>Direito ind\u00edgena amplia sua visibilidade internacional por meio de lideran\u00e7as e projeto<\/b><b><br \/>\n<\/b><\/a><a href=\"https:\/\/350.org\/pt\/dia-da-amazonia-uma-lente-de-aumento-sobre-a-importancia-dos-povos-da-amazonia\/\"><b>Dia da Amaz\u00f4nia: uma lente de aumento sobre a import\u00e2ncia dos povos da Amaz\u00f4nia<\/b><b><br \/>\n<\/b><\/a><a href=\"https:\/\/350.org\/pt\/a-protecao-da-amazonia-ecoa-na-voz-da-mulher-indigena\/\"><b>A prote\u00e7\u00e3o da Amaz\u00f4nia ecoa na voz da mulher ind\u00edgena<\/b><\/a><\/p>\n","protected":false},"excerpt":{"rendered":"<p>Diferentes povos t\u00eam o objetivo de defender o direito de serem ouvidos previamente quando projetos interferirem em seus territ\u00f3rios e modos de vida<\/p>\n","protected":false},"author":10012196,"featured_media":135128,"comment_status":"closed","ping_status":"closed","sticky":false,"template":"","format":"standard","meta":{"_acf_changed":false,"footnotes":""},"categories":[15,16,22],"tags":[247,553,342],"class_list":["post-135127","post","type-post","status-publish","format-standard","has-post-thumbnail","hentry","category-impacts","category-justice","category-latin-america","tag-defensores-ambientais","tag-defensores-climaticos","tag-direitos-indigenas"],"acf":[],"yoast_head":"<!-- This site is optimized with the Yoast SEO Premium plugin v26.9 (Yoast SEO v27.5) - https:\/\/yoast.com\/product\/yoast-seo-premium-wordpress\/ -->\n<title>Protocolos de consulta ind\u00edgenas: iniciativa se expande no Brasil - 350 Portugu\u00eas<\/title>\n<meta name=\"robots\" content=\"index, follow, max-snippet:-1, max-image-preview:large, max-video-preview:-1\" \/>\n<link rel=\"canonical\" href=\"https:\/\/350.org\/pt\/protocolos-de-consulta-indigenas-iniciativa-se-expande-no-brasil\/\" \/>\n<meta property=\"og:locale\" content=\"pt_BR\" \/>\n<meta property=\"og:type\" content=\"article\" \/>\n<meta property=\"og:title\" content=\"Protocolos de consulta ind\u00edgenas: iniciativa se expande no Brasil\" \/>\n<meta property=\"og:description\" content=\"Diferentes povos t\u00eam o objetivo de defender o direito de serem ouvidos previamente quando projetos interferirem em seus territ\u00f3rios e modos de vida\" \/>\n<meta property=\"og:url\" content=\"https:\/\/350.org\/pt\/protocolos-de-consulta-indigenas-iniciativa-se-expande-no-brasil\/\" \/>\n<meta property=\"og:site_name\" content=\"350 Portugu\u00eas\" \/>\n<meta property=\"article:published_time\" content=\"2019-10-16T21:35:44+00:00\" \/>\n<meta property=\"article:modified_time\" content=\"2023-10-03T11:40:31+00:00\" \/>\n<meta property=\"og:image\" content=\"https:\/\/350.org\/pt\/wp-content\/uploads\/sites\/12\/2019\/10\/protocolodeconsultaWaj\u00e3pi_divulga\u00e7\u00e3o.jpg\" \/>\n\t<meta property=\"og:image:width\" content=\"600\" \/>\n\t<meta property=\"og:image:height\" content=\"338\" \/>\n\t<meta property=\"og:image:type\" content=\"image\/jpeg\" \/>\n<meta name=\"twitter:card\" content=\"summary_large_image\" \/>\n<meta name=\"twitter:label1\" content=\"Escrito por\" \/>\n\t<meta name=\"twitter:data1\" content=\"\" \/>\n\t<meta name=\"twitter:label2\" content=\"Est. tempo de leitura\" \/>\n\t<meta name=\"twitter:data2\" content=\"5 minutos\" \/>\n<script type=\"application\/ld+json\" class=\"yoast-schema-graph\">{\"@context\":\"https:\\\/\\\/schema.org\",\"@graph\":[{\"@type\":\"Article\",\"@id\":\"https:\\\/\\\/350.org\\\/pt\\\/protocolos-de-consulta-indigenas-iniciativa-se-expande-no-brasil\\\/#article\",\"isPartOf\":{\"@id\":\"https:\\\/\\\/350.org\\\/pt\\\/protocolos-de-consulta-indigenas-iniciativa-se-expande-no-brasil\\\/\"},\"author\":{\"name\":\"\",\"@id\":\"\"},\"headline\":\"Protocolos de consulta ind\u00edgenas: iniciativa se expande no Brasil\",\"datePublished\":\"2019-10-16T21:35:44+00:00\",\"dateModified\":\"2023-10-03T11:40:31+00:00\",\"mainEntityOfPage\":{\"@id\":\"https:\\\/\\\/350.org\\\/pt\\\/protocolos-de-consulta-indigenas-iniciativa-se-expande-no-brasil\\\/\"},\"wordCount\":951,\"image\":{\"@id\":\"https:\\\/\\\/350.org\\\/pt\\\/protocolos-de-consulta-indigenas-iniciativa-se-expande-no-brasil\\\/#primaryimage\"},\"thumbnailUrl\":\"https:\\\/\\\/350.org\\\/pt\\\/wp-content\\\/uploads\\\/sites\\\/12\\\/2019\\\/10\\\/protocolodeconsultaWaj\u00e3pi_divulga\u00e7\u00e3o.jpg\",\"keywords\":[\"defensores ambientais\",\"defensores clim\u00e1ticos\",\"Direitos Ind\u00edgenas\"],\"articleSection\":[\"Climate Impacts\",\"Climate Justice\",\"Latin America\"],\"inLanguage\":\"pt-BR\"},{\"@type\":\"WebPage\",\"@id\":\"https:\\\/\\\/350.org\\\/pt\\\/protocolos-de-consulta-indigenas-iniciativa-se-expande-no-brasil\\\/\",\"url\":\"https:\\\/\\\/350.org\\\/pt\\\/protocolos-de-consulta-indigenas-iniciativa-se-expande-no-brasil\\\/\",\"name\":\"Protocolos de consulta ind\u00edgenas: iniciativa se expande no Brasil - 350 Portugu\u00eas\",\"isPartOf\":{\"@id\":\"https:\\\/\\\/350.org\\\/pt\\\/#website\"},\"primaryImageOfPage\":{\"@id\":\"https:\\\/\\\/350.org\\\/pt\\\/protocolos-de-consulta-indigenas-iniciativa-se-expande-no-brasil\\\/#primaryimage\"},\"image\":{\"@id\":\"https:\\\/\\\/350.org\\\/pt\\\/protocolos-de-consulta-indigenas-iniciativa-se-expande-no-brasil\\\/#primaryimage\"},\"thumbnailUrl\":\"https:\\\/\\\/350.org\\\/pt\\\/wp-content\\\/uploads\\\/sites\\\/12\\\/2019\\\/10\\\/protocolodeconsultaWaj\u00e3pi_divulga\u00e7\u00e3o.jpg\",\"datePublished\":\"2019-10-16T21:35:44+00:00\",\"dateModified\":\"2023-10-03T11:40:31+00:00\",\"author\":{\"@id\":\"\"},\"breadcrumb\":{\"@id\":\"https:\\\/\\\/350.org\\\/pt\\\/protocolos-de-consulta-indigenas-iniciativa-se-expande-no-brasil\\\/#breadcrumb\"},\"inLanguage\":\"pt-BR\",\"potentialAction\":[{\"@type\":\"ReadAction\",\"target\":[\"https:\\\/\\\/350.org\\\/pt\\\/protocolos-de-consulta-indigenas-iniciativa-se-expande-no-brasil\\\/\"]}]},{\"@type\":\"ImageObject\",\"inLanguage\":\"pt-BR\",\"@id\":\"https:\\\/\\\/350.org\\\/pt\\\/protocolos-de-consulta-indigenas-iniciativa-se-expande-no-brasil\\\/#primaryimage\",\"url\":\"https:\\\/\\\/350.org\\\/pt\\\/wp-content\\\/uploads\\\/sites\\\/12\\\/2019\\\/10\\\/protocolodeconsultaWaj\u00e3pi_divulga\u00e7\u00e3o.jpg\",\"contentUrl\":\"https:\\\/\\\/350.org\\\/pt\\\/wp-content\\\/uploads\\\/sites\\\/12\\\/2019\\\/10\\\/protocolodeconsultaWaj\u00e3pi_divulga\u00e7\u00e3o.jpg\",\"width\":600,\"height\":338,\"caption\":\"Foto: divulga\u00e7\u00e3o\"},{\"@type\":\"BreadcrumbList\",\"@id\":\"https:\\\/\\\/350.org\\\/pt\\\/protocolos-de-consulta-indigenas-iniciativa-se-expande-no-brasil\\\/#breadcrumb\",\"itemListElement\":[{\"@type\":\"ListItem\",\"position\":1,\"name\":\"Home\",\"item\":\"https:\\\/\\\/350.org\\\/pt\\\/\"},{\"@type\":\"ListItem\",\"position\":2,\"name\":\"Protocolos de consulta ind\u00edgenas: iniciativa se expande no Brasil\"}]},{\"@type\":\"WebSite\",\"@id\":\"https:\\\/\\\/350.org\\\/pt\\\/#website\",\"url\":\"https:\\\/\\\/350.org\\\/pt\\\/\",\"name\":\"350 Portugu\u00eas\",\"description\":\"\",\"potentialAction\":[{\"@type\":\"SearchAction\",\"target\":{\"@type\":\"EntryPoint\",\"urlTemplate\":\"https:\\\/\\\/350.org\\\/pt\\\/?s={search_term_string}\"},\"query-input\":{\"@type\":\"PropertyValueSpecification\",\"valueRequired\":true,\"valueName\":\"search_term_string\"}}],\"inLanguage\":\"pt-BR\"},{\"@type\":\"Person\",\"@id\":\"\",\"url\":\"https:\\\/\\\/350.org\\\/pt\\\/author\\\/\"}]}<\/script>\n<!-- \/ Yoast SEO Premium plugin. -->","yoast_head_json":{"title":"Protocolos de consulta ind\u00edgenas: iniciativa se expande no Brasil - 350 Portugu\u00eas","robots":{"index":"index","follow":"follow","max-snippet":"max-snippet:-1","max-image-preview":"max-image-preview:large","max-video-preview":"max-video-preview:-1"},"canonical":"https:\/\/350.org\/pt\/protocolos-de-consulta-indigenas-iniciativa-se-expande-no-brasil\/","og_locale":"pt_BR","og_type":"article","og_title":"Protocolos de consulta ind\u00edgenas: iniciativa se expande no Brasil","og_description":"Diferentes povos t\u00eam o objetivo de defender o direito de serem ouvidos previamente quando projetos interferirem em seus territ\u00f3rios e modos de vida","og_url":"https:\/\/350.org\/pt\/protocolos-de-consulta-indigenas-iniciativa-se-expande-no-brasil\/","og_site_name":"350 Portugu\u00eas","article_published_time":"2019-10-16T21:35:44+00:00","article_modified_time":"2023-10-03T11:40:31+00:00","og_image":[{"width":600,"height":338,"url":"https:\/\/350.org\/pt\/wp-content\/uploads\/sites\/12\/2019\/10\/protocolodeconsultaWaj\u00e3pi_divulga\u00e7\u00e3o.jpg","type":"image\/jpeg"}],"twitter_card":"summary_large_image","twitter_misc":{"Escrito por":"","Est. tempo de leitura":"5 minutos"},"schema":{"@context":"https:\/\/schema.org","@graph":[{"@type":"Article","@id":"https:\/\/350.org\/pt\/protocolos-de-consulta-indigenas-iniciativa-se-expande-no-brasil\/#article","isPartOf":{"@id":"https:\/\/350.org\/pt\/protocolos-de-consulta-indigenas-iniciativa-se-expande-no-brasil\/"},"author":{"name":"","@id":""},"headline":"Protocolos de consulta ind\u00edgenas: iniciativa se expande no Brasil","datePublished":"2019-10-16T21:35:44+00:00","dateModified":"2023-10-03T11:40:31+00:00","mainEntityOfPage":{"@id":"https:\/\/350.org\/pt\/protocolos-de-consulta-indigenas-iniciativa-se-expande-no-brasil\/"},"wordCount":951,"image":{"@id":"https:\/\/350.org\/pt\/protocolos-de-consulta-indigenas-iniciativa-se-expande-no-brasil\/#primaryimage"},"thumbnailUrl":"https:\/\/350.org\/pt\/wp-content\/uploads\/sites\/12\/2019\/10\/protocolodeconsultaWaj\u00e3pi_divulga\u00e7\u00e3o.jpg","keywords":["defensores ambientais","defensores clim\u00e1ticos","Direitos Ind\u00edgenas"],"articleSection":["Climate Impacts","Climate Justice","Latin America"],"inLanguage":"pt-BR"},{"@type":"WebPage","@id":"https:\/\/350.org\/pt\/protocolos-de-consulta-indigenas-iniciativa-se-expande-no-brasil\/","url":"https:\/\/350.org\/pt\/protocolos-de-consulta-indigenas-iniciativa-se-expande-no-brasil\/","name":"Protocolos de consulta ind\u00edgenas: iniciativa se expande no Brasil - 350 Portugu\u00eas","isPartOf":{"@id":"https:\/\/350.org\/pt\/#website"},"primaryImageOfPage":{"@id":"https:\/\/350.org\/pt\/protocolos-de-consulta-indigenas-iniciativa-se-expande-no-brasil\/#primaryimage"},"image":{"@id":"https:\/\/350.org\/pt\/protocolos-de-consulta-indigenas-iniciativa-se-expande-no-brasil\/#primaryimage"},"thumbnailUrl":"https:\/\/350.org\/pt\/wp-content\/uploads\/sites\/12\/2019\/10\/protocolodeconsultaWaj\u00e3pi_divulga\u00e7\u00e3o.jpg","datePublished":"2019-10-16T21:35:44+00:00","dateModified":"2023-10-03T11:40:31+00:00","author":{"@id":""},"breadcrumb":{"@id":"https:\/\/350.org\/pt\/protocolos-de-consulta-indigenas-iniciativa-se-expande-no-brasil\/#breadcrumb"},"inLanguage":"pt-BR","potentialAction":[{"@type":"ReadAction","target":["https:\/\/350.org\/pt\/protocolos-de-consulta-indigenas-iniciativa-se-expande-no-brasil\/"]}]},{"@type":"ImageObject","inLanguage":"pt-BR","@id":"https:\/\/350.org\/pt\/protocolos-de-consulta-indigenas-iniciativa-se-expande-no-brasil\/#primaryimage","url":"https:\/\/350.org\/pt\/wp-content\/uploads\/sites\/12\/2019\/10\/protocolodeconsultaWaj\u00e3pi_divulga\u00e7\u00e3o.jpg","contentUrl":"https:\/\/350.org\/pt\/wp-content\/uploads\/sites\/12\/2019\/10\/protocolodeconsultaWaj\u00e3pi_divulga\u00e7\u00e3o.jpg","width":600,"height":338,"caption":"Foto: divulga\u00e7\u00e3o"},{"@type":"BreadcrumbList","@id":"https:\/\/350.org\/pt\/protocolos-de-consulta-indigenas-iniciativa-se-expande-no-brasil\/#breadcrumb","itemListElement":[{"@type":"ListItem","position":1,"name":"Home","item":"https:\/\/350.org\/pt\/"},{"@type":"ListItem","position":2,"name":"Protocolos de consulta ind\u00edgenas: iniciativa se expande no Brasil"}]},{"@type":"WebSite","@id":"https:\/\/350.org\/pt\/#website","url":"https:\/\/350.org\/pt\/","name":"350 Portugu\u00eas","description":"","potentialAction":[{"@type":"SearchAction","target":{"@type":"EntryPoint","urlTemplate":"https:\/\/350.org\/pt\/?s={search_term_string}"},"query-input":{"@type":"PropertyValueSpecification","valueRequired":true,"valueName":"search_term_string"}}],"inLanguage":"pt-BR"},{"@type":"Person","@id":"","url":"https:\/\/350.org\/pt\/author\/"}]}},"_links":{"self":[{"href":"https:\/\/350.org\/pt\/wp-json\/wp\/v2\/posts\/135127","targetHints":{"allow":["GET"]}}],"collection":[{"href":"https:\/\/350.org\/pt\/wp-json\/wp\/v2\/posts"}],"about":[{"href":"https:\/\/350.org\/pt\/wp-json\/wp\/v2\/types\/post"}],"author":[{"embeddable":true,"href":"https:\/\/350.org\/pt\/wp-json\/wp\/v2\/users\/10012196"}],"replies":[{"embeddable":true,"href":"https:\/\/350.org\/pt\/wp-json\/wp\/v2\/comments?post=135127"}],"version-history":[{"count":0,"href":"https:\/\/350.org\/pt\/wp-json\/wp\/v2\/posts\/135127\/revisions"}],"wp:featuredmedia":[{"embeddable":true,"href":"https:\/\/350.org\/pt\/wp-json\/wp\/v2\/media\/135128"}],"wp:attachment":[{"href":"https:\/\/350.org\/pt\/wp-json\/wp\/v2\/media?parent=135127"}],"wp:term":[{"taxonomy":"category","embeddable":true,"href":"https:\/\/350.org\/pt\/wp-json\/wp\/v2\/categories?post=135127"},{"taxonomy":"post_tag","embeddable":true,"href":"https:\/\/350.org\/pt\/wp-json\/wp\/v2\/tags?post=135127"}],"curies":[{"name":"wp","href":"https:\/\/api.w.org\/{rel}","templated":true}]}}