{"id":135168,"date":"2019-10-23T12:35:39","date_gmt":"2019-10-23T15:35:39","guid":{"rendered":"https:\/\/350.org\/pt\/?p=135168"},"modified":"2023-10-03T08:39:54","modified_gmt":"2023-10-03T11:39:54","slug":"campanha-nao-fracking-e-tema-de-palestra-no-instituto-federal-de-santa-catarina","status":"publish","type":"post","link":"https:\/\/350.org\/pt\/campanha-nao-fracking-e-tema-de-palestra-no-instituto-federal-de-santa-catarina\/","title":{"rendered":"Campanha N\u00e3o Fracking \u00e9 tema de palestra no Instituto Federal de Santa Catarina"},"content":{"rendered":"<p><span style=\"font-weight: 400;\">A palestra inaugural da Semana Nacional de Ci\u00eancia e Tecnologia do Instituto Federal de Santa Catarina (IFSC) \u2013 Campus Canoinhas teve a <a href=\"https:\/\/naofrackingbrasil.com.br\"><em>Campanha N\u00e3o Fracking Brasil<\/em> <\/a>(extra\u00e7\u00e3o de g\u00e1s de xisto por meio de fraturamento hidr\u00e1ulico) como tema principal. A uma plateia lotada, a\u00a0 especialista Suelita R\u00f6cker,\u00a0 em nome<\/span><span style=\"font-weight: 400;\"> da 350.org Brasil e da Coaliz\u00e3o N\u00e3o Fracking Brasil pelo Clima, \u00c1gua e Vida (COESUS)<\/span><span style=\"font-weight: 400;\">, falou sobre os riscos deste tipo de t\u00e9cnica e as conquistas das mobiliza\u00e7\u00f5es, nesta ter\u00e7a-feira (22\/10).<\/span><\/p>\n<p>&nbsp;<\/p>\n<div id=\"attachment_135169\" style=\"width: 760px\" class=\"wp-caption aligncenter\"><img loading=\"lazy\" decoding=\"async\" aria-describedby=\"caption-attachment-135169\" class=\"wp-image-135169\" src=\"https:\/\/350.org\/pt\/wp-content\/uploads\/sites\/12\/2019\/10\/PalestraSuelitaITSC_dia2210_Sucena350mat\u00e9ria231019-27-300x225.jpg\" alt=\"Palestra Suelita Rocker - N\u00e3o Fracking Brasil - Santa Catarina - 22\/10\/19\" width=\"750\" height=\"563\" \/><p id=\"caption-attachment-135169\" class=\"wp-caption-text\">Foto: Osvaldo Mishima\/N\u00e3oFrackingBrasil<\/p><\/div>\n<p><span style=\"font-weight: 400;\">\u00a0<\/span><\/p>\n<p><span style=\"font-weight: 400;\">No estado de Santa Catarina, o fracking est\u00e1 proibido, desde julho deste ano, <a href=\"https:\/\/leisestaduais.com.br\/sc\/lei-ordinaria-n-17766-2019-santa-catarina-estabelece-normas-e-criterios-basicos-de-precaucao-e-preservacao-do-solo-do-meio-ambiente-fauna-e-flora-protecao-e-defesa-da-saude-mediante-combate-preventivo-e-controle-da-poluicao-conservacao-da-natureza-e-dos-recursos-naturais-para-as-presentes-e-futuras-geracoes-e-estabelece-diretrizes-as-atividades-especificamente-impactantes-no-estado-de-santa-catarina?q=fracking\">quando foi sancionado pelo Governo do Estado<\/a>, o projeto de lei (PL) 145\/2019, de autoria do deputado estadual <\/span><span style=\"font-weight: 400;\">Valdir Cobalchini (MDB) aprovado na Assembleia Legislativa.<\/span> <span style=\"font-weight: 400;\">A iniciativa foi resultado de extensa mobiliza\u00e7\u00e3o, desde o Alto do Vale de Itaja\u00ed ao Planalto Norte.<\/span><\/p>\n<p><span style=\"font-weight: 400;\">Segundo Segundo Osvaldo Mishima, do Instituto Arayara, que tamb\u00e9m faz parte desta Campanha que revela os riscos da explora\u00e7\u00e3o do Xisto e do Fraturamento Hidr\u00e1ulico por meio do<em> Fracking,<\/em> esta conquista \u00e9 muito significativa, pois contribui para a preserva\u00e7\u00e3o dos<\/span> <span style=\"font-weight: 400;\">aqu\u00edferos Guarani e Serra Geral, al\u00e9m de evitar preju\u00edzos \u00e0 sa\u00fade humana e o aumento da emiss\u00e3o de Gases de Efeito Estufa (GEEs), que aceleram as Mudan\u00e7as Clim\u00e1ticas. Alguns dos problemas de sa\u00fade associados s\u00e3o <\/span><span style=\"font-weight: 400;\">respirat\u00f3rios, card\u00edacos, neurol\u00f3gicos, al\u00e9m de c\u00e2ncer e m\u00e1 forma\u00e7\u00e3o cong\u00eanita. Dezenas de<\/span><span style=\"font-weight: 400;\"> munic\u00edpios, antes da decis\u00e3o estadual, j\u00e1 haviam feito suas leis municipais a respeito, devido ao processo de conscientiza\u00e7\u00e3o, no decorrer da campanha.<\/span><\/p>\n<div id=\"attachment_135172\" style=\"width: 760px\" class=\"wp-caption aligncenter\"><img loading=\"lazy\" decoding=\"async\" aria-describedby=\"caption-attachment-135172\" class=\"wp-image-135172\" src=\"https:\/\/350.org\/pt\/wp-content\/uploads\/sites\/12\/2019\/10\/PalestraSuelitaITSC_dia2210_Sucena350mat\u00e9ria231019-21-300x225.jpg\" alt=\"Palestra Suelita Rocker - Campanha N\u00e3o Fracking Brasil - Santa Catarina - 22\/10\/19\" width=\"750\" height=\"563\" srcset=\"https:\/\/350.org\/pt\/wp-content\/uploads\/sites\/12\/2019\/10\/PalestraSuelitaITSC_dia2210_Sucena350mat\u00e9ria231019-21-300x225.jpg 300w, https:\/\/350.org\/pt\/wp-content\/uploads\/sites\/12\/2019\/10\/PalestraSuelitaITSC_dia2210_Sucena350mat\u00e9ria231019-21-200x150.jpg 200w, https:\/\/350.org\/pt\/wp-content\/uploads\/sites\/12\/2019\/10\/PalestraSuelitaITSC_dia2210_Sucena350mat\u00e9ria231019-21-768x576.jpg 768w, https:\/\/350.org\/pt\/wp-content\/uploads\/sites\/12\/2019\/10\/PalestraSuelitaITSC_dia2210_Sucena350mat\u00e9ria231019-21-1024x768.jpg 1024w, https:\/\/350.org\/pt\/wp-content\/uploads\/sites\/12\/2019\/10\/PalestraSuelitaITSC_dia2210_Sucena350mat\u00e9ria231019-21-430x323.jpg 430w, https:\/\/350.org\/pt\/wp-content\/uploads\/sites\/12\/2019\/10\/PalestraSuelitaITSC_dia2210_Sucena350mat\u00e9ria231019-21-20x15.jpg 20w, https:\/\/350.org\/pt\/wp-content\/uploads\/sites\/12\/2019\/10\/PalestraSuelitaITSC_dia2210_Sucena350mat\u00e9ria231019-21-1067x800.jpg 1067w, https:\/\/350.org\/pt\/wp-content\/uploads\/sites\/12\/2019\/10\/PalestraSuelitaITSC_dia2210_Sucena350mat\u00e9ria231019-21.jpg 1280w\" sizes=\"auto, (max-width: 750px) 100vw, 750px\" \/><p id=\"caption-attachment-135172\" class=\"wp-caption-text\">Foto: Osvaldo Mishima\/N\u00e3oFrackingBrasil<\/p><\/div>\n<p><span style=\"font-weight: 400;\">\u00a0<\/span><span style=\"font-weight: 400;\">\u201cO munic\u00edpio de Canoinhas, por exemplo, poderia ter sido bastante comprometido, se houvesse a extra\u00e7\u00e3o do g\u00e1s de xisto e do xisto, porque tem uma grande reserva. Os riscos neste tipo de atividade, ao longo dos anos, s\u00e3o significativos. A popula\u00e7\u00e3o poderia sofrer v\u00e1rios efeitos na sa\u00fade e na agricultura, que \u00e9 uma \u00e1rea forte da economia local. Entre eles, a polui\u00e7\u00e3o da \u00e1gua, tanto profunda como na superf\u00edcie e a polui\u00e7\u00e3o atmosf\u00e9rica\u201d, destaca.<\/span><\/p>\n<div id=\"attachment_135174\" style=\"width: 235px\" class=\"wp-caption alignleft\"><img loading=\"lazy\" decoding=\"async\" aria-describedby=\"caption-attachment-135174\" class=\"size-medium wp-image-135174\" src=\"https:\/\/350.org\/pt\/wp-content\/uploads\/sites\/12\/2019\/10\/PalestraSuelitaITSC_dia2210_Sucena350mat\u00e9ria231019-33-225x300.jpg\" alt=\"Palestra Suelita Rocker - N\u00e3o Fracking Brasil - Santa Catarina - 22\/10\/19\" width=\"225\" height=\"300\" srcset=\"https:\/\/350.org\/pt\/wp-content\/uploads\/sites\/12\/2019\/10\/PalestraSuelitaITSC_dia2210_Sucena350mat\u00e9ria231019-33-225x300.jpg 225w, https:\/\/350.org\/pt\/wp-content\/uploads\/sites\/12\/2019\/10\/PalestraSuelitaITSC_dia2210_Sucena350mat\u00e9ria231019-33-113x150.jpg 113w, https:\/\/350.org\/pt\/wp-content\/uploads\/sites\/12\/2019\/10\/PalestraSuelitaITSC_dia2210_Sucena350mat\u00e9ria231019-33-768x1024.jpg 768w, https:\/\/350.org\/pt\/wp-content\/uploads\/sites\/12\/2019\/10\/PalestraSuelitaITSC_dia2210_Sucena350mat\u00e9ria231019-33-300x400.jpg 300w, https:\/\/350.org\/pt\/wp-content\/uploads\/sites\/12\/2019\/10\/PalestraSuelitaITSC_dia2210_Sucena350mat\u00e9ria231019-33-11x15.jpg 11w, https:\/\/350.org\/pt\/wp-content\/uploads\/sites\/12\/2019\/10\/PalestraSuelitaITSC_dia2210_Sucena350mat\u00e9ria231019-33-600x800.jpg 600w, https:\/\/350.org\/pt\/wp-content\/uploads\/sites\/12\/2019\/10\/PalestraSuelitaITSC_dia2210_Sucena350mat\u00e9ria231019-33.jpg 960w\" sizes=\"auto, (max-width: 225px) 100vw, 225px\" \/><p id=\"caption-attachment-135174\" class=\"wp-caption-text\">Foto: Osvaldo Mishima\/N\u00e3oFrackingBrasil<\/p><\/div>\n<p><span style=\"font-weight: 400;\">Durante sua exposi\u00e7\u00e3o, Suelita destacou que nenhum pa\u00eds da Uni\u00e3o Europeia importa produtos de pa\u00edses que praticam o <\/span><i><span style=\"font-weight: 400;\">fracking<\/span><\/i><span style=\"font-weight: 400;\">. \u201cEsse foi motivo para n\u00e3o aceitar a importa\u00e7\u00e3o de ma\u00e7\u00e3s da Argentina\u201d, exemplificou.<\/span><\/p>\n<p><span style=\"font-weight: 400;\">A gestora ambiental ainda refor\u00e7ou a import\u00e2ncia de se aumentar o investimento em energias limpas e renov\u00e1veis no pa\u00eds.<\/span><\/p>\n<p><b>Campanha N\u00e3o Fracking Brasil<\/b><\/p>\n<p><span style=\"font-weight: 400;\">A Campanha N\u00e3o Fracking Brasil foi idealizada pela Coaliz\u00e3o N\u00e3o Fracking Brasil (COESUS) e tem a parceria da\u00a0350.org\u00a0Brasil e do Instituto Arayara, desde 2016. Entre os resultados desse esfor\u00e7o conjunto de mobiliza\u00e7\u00e3o, que inclui representantes da sociedade e dos poderes p\u00fablicos e legislativo, est\u00e3o a aprova\u00e7\u00e3o da primeira lei anti-fracking em definitivo no Brasil, que foi sancionada em julho deste ano, pelo governo do Paran\u00e1, e a aprova\u00e7\u00e3o tamb\u00e9m, na Assembleia Legislativa de Santa Catarina, do projeto de lei n\u00ba 145\/2019, que assegura a proibi\u00e7\u00e3o da explora\u00e7\u00e3o do xisto no estado, sancionada pelo governador do estado. Mais um avan\u00e7o importante aconteceu recentemente nesta agenda. O debate sobre o tema chegou ao Senado, em audi\u00eancia p\u00fablica realizada em agosto de 2019.\u00a0<\/span><\/p>\n<p><span style=\"font-weight: 400;\">###<\/span><span style=\"font-weight: 400;\"><br \/>\n<\/span><span style=\"font-weight: 400;\">Sucena Shkrada Resk \u2013 jornalista ambiental, especialista em pol\u00edtica internacional, e meio ambiente e sociedade, \u00e9 digital organizer da 350.org Brasil<\/span><\/p>\n<p><span style=\"font-weight: 400;\">Veja tamb\u00e9m:<\/span><span style=\"font-weight: 400;\"><br \/>\n<\/span><a href=\"https:\/\/350.org\/pt\/abrolhos-salva-em-um-primeiro-round\/\"><span style=\"font-weight: 400;\">Abrolhos salva em primeiro round<\/span><span style=\"font-weight: 400;\"><br \/>\n<\/span><\/a><a href=\"https:\/\/350.org\/pt\/producao-cinematografica-internacional-retrata-o-desafio-ambiental-imposto-pelos-combustiveis-fosseis\/\"><span style=\"font-weight: 400;\">Document\u00e1rio internacional retrata o desafio ambiental imposto pelos combust\u00edveis f\u00f3sseis<\/span><span style=\"font-weight: 400;\"><br \/>\n<\/span><\/a><a href=\"https:\/\/350.org\/pt\/anp-age-sistematicamente-para-barrar-a-entrada-da-sociedade-civil-em-leiloes\/\"><span style=\"font-weight: 400;\">ANP age sistematicamente para barrar a entrada da sociedade civil em leil\u00f5es<\/span><span style=\"font-weight: 400;\"><br \/>\n<\/span><\/a><a href=\"https:\/\/350.org\/pt\/anp-inicia-ciclo-da-oferta-permanente-e-licita-mais-45-blocos-de-exploracao-de-petroleo-e-gas\/\"><span style=\"font-weight: 400;\">ANP inicia ciclo da oferta permanente e licita mais 45 blocos de explora\u00e7\u00e3o de petr\u00f3leo e g\u00e1s<\/span><span style=\"font-weight: 400;\"><br \/>\n<\/span><\/a><a href=\"https:\/\/350.org\/pt\/organizacoes-pedem-a-proibicao-global-do-fracking\/\"><span style=\"font-weight: 400;\">Organiza\u00e7\u00f5es pedem a proibi\u00e7\u00e3o global do fracking<\/span><span style=\"font-weight: 400;\"><br \/>\n<\/span><\/a><a href=\"https:\/\/350.org\/pt\/banir-o-fracking-e-uma-das-maneiras-mais-eficientes-de-frear-o-aquecimento-global\/\"><span style=\"font-weight: 400;\">Banir o fracking \u00e9 uma das maneiras mais eficientes de frear o aquecimento global<\/span><span style=\"font-weight: 400;\"><br \/>\n<\/span><\/a><a href=\"https:\/\/350.org\/pt\/desenvolvimento-economico-e-fracking-uma-conta-que-nao-fecha\/\"><span style=\"font-weight: 400;\">Desenvolvimento econ\u00f4mico do fracking: uma conta que n\u00e3o fecha<\/span><\/a><\/p>\n<div id=\"attachment_135173\" style=\"width: 760px\" class=\"wp-caption aligncenter\"><img loading=\"lazy\" decoding=\"async\" aria-describedby=\"caption-attachment-135173\" class=\"wp-image-135173\" src=\"https:\/\/350.org\/pt\/wp-content\/uploads\/sites\/12\/2019\/10\/PalestraSuelitaITSC_dia2210_Sucena350mat\u00e9ria231019-16-300x225.jpg\" alt=\"Palestra Suelita Rocker - N\u00e3o Fracking Brasil - Santa Catarina - 22\/10\/19\" width=\"750\" height=\"563\" srcset=\"https:\/\/350.org\/pt\/wp-content\/uploads\/sites\/12\/2019\/10\/PalestraSuelitaITSC_dia2210_Sucena350mat\u00e9ria231019-16-300x225.jpg 300w, https:\/\/350.org\/pt\/wp-content\/uploads\/sites\/12\/2019\/10\/PalestraSuelitaITSC_dia2210_Sucena350mat\u00e9ria231019-16-200x150.jpg 200w, https:\/\/350.org\/pt\/wp-content\/uploads\/sites\/12\/2019\/10\/PalestraSuelitaITSC_dia2210_Sucena350mat\u00e9ria231019-16-768x576.jpg 768w, https:\/\/350.org\/pt\/wp-content\/uploads\/sites\/12\/2019\/10\/PalestraSuelitaITSC_dia2210_Sucena350mat\u00e9ria231019-16-1024x768.jpg 1024w, https:\/\/350.org\/pt\/wp-content\/uploads\/sites\/12\/2019\/10\/PalestraSuelitaITSC_dia2210_Sucena350mat\u00e9ria231019-16-430x323.jpg 430w, https:\/\/350.org\/pt\/wp-content\/uploads\/sites\/12\/2019\/10\/PalestraSuelitaITSC_dia2210_Sucena350mat\u00e9ria231019-16-20x15.jpg 20w, https:\/\/350.org\/pt\/wp-content\/uploads\/sites\/12\/2019\/10\/PalestraSuelitaITSC_dia2210_Sucena350mat\u00e9ria231019-16-1067x800.jpg 1067w, https:\/\/350.org\/pt\/wp-content\/uploads\/sites\/12\/2019\/10\/PalestraSuelitaITSC_dia2210_Sucena350mat\u00e9ria231019-16.jpg 1280w\" sizes=\"auto, (max-width: 750px) 100vw, 750px\" \/><p id=\"caption-attachment-135173\" class=\"wp-caption-text\">Foto: Osvaldo Mishima\/N\u00e3oFrackingBrasil<\/p><\/div>\n","protected":false},"excerpt":{"rendered":"<p>Uma das conquistas da mobiliza\u00e7\u00e3o resultou na san\u00e7\u00e3o de lei, que pro\u00edbe a extra\u00e7\u00e3o de g\u00e1s de xisto por fraturamento hidr\u00e1ulico no estado<\/p>\n","protected":false},"author":10012196,"featured_media":135169,"comment_status":"closed","ping_status":"closed","sticky":false,"template":"","format":"standard","meta":{"_acf_changed":false,"footnotes":""},"categories":[15,83,735,22],"tags":[148,128],"class_list":["post-135168","post","type-post","status-publish","format-standard","has-post-thumbnail","hentry","category-impacts","category-danos-ambientais","category-kiitg","category-latin-america","tag-nao-fracking-america-latina","tag-nao-fracking-brasil"],"acf":[],"yoast_head":"<!-- This site is optimized with the Yoast SEO Premium plugin v26.9 (Yoast SEO v27.5) - https:\/\/yoast.com\/product\/yoast-seo-premium-wordpress\/ -->\n<title>Campanha N\u00e3o Fracking \u00e9 tema de palestra no Instituto Federal de Santa Catarina - 350 Portugu\u00eas<\/title>\n<meta name=\"robots\" content=\"index, follow, max-snippet:-1, max-image-preview:large, max-video-preview:-1\" \/>\n<link rel=\"canonical\" href=\"https:\/\/350.org\/pt\/campanha-nao-fracking-e-tema-de-palestra-no-instituto-federal-de-santa-catarina\/\" \/>\n<meta property=\"og:locale\" content=\"pt_BR\" \/>\n<meta property=\"og:type\" content=\"article\" \/>\n<meta property=\"og:title\" content=\"Campanha N\u00e3o Fracking \u00e9 tema de palestra no Instituto Federal de Santa Catarina\" \/>\n<meta property=\"og:description\" content=\"Uma das conquistas da mobiliza\u00e7\u00e3o resultou na san\u00e7\u00e3o de lei, que pro\u00edbe a extra\u00e7\u00e3o de g\u00e1s de xisto por fraturamento hidr\u00e1ulico no estado\" \/>\n<meta property=\"og:url\" content=\"https:\/\/350.org\/pt\/campanha-nao-fracking-e-tema-de-palestra-no-instituto-federal-de-santa-catarina\/\" \/>\n<meta property=\"og:site_name\" content=\"350 Portugu\u00eas\" \/>\n<meta property=\"article:published_time\" content=\"2019-10-23T15:35:39+00:00\" \/>\n<meta property=\"article:modified_time\" content=\"2023-10-03T11:39:54+00:00\" \/>\n<meta property=\"og:image\" content=\"https:\/\/350.org\/pt\/wp-content\/uploads\/sites\/12\/2019\/10\/PalestraSuelitaITSC_dia2210_Sucena350mat\u00e9ria231019-27-e1571843819811.jpg\" \/>\n\t<meta property=\"og:image:width\" content=\"750\" \/>\n\t<meta property=\"og:image:height\" content=\"563\" \/>\n\t<meta property=\"og:image:type\" content=\"image\/jpeg\" \/>\n<meta name=\"twitter:card\" content=\"summary_large_image\" \/>\n<meta name=\"twitter:label1\" content=\"Escrito por\" \/>\n\t<meta name=\"twitter:data1\" content=\"\" \/>\n\t<meta name=\"twitter:label2\" content=\"Est. tempo de leitura\" \/>\n\t<meta name=\"twitter:data2\" content=\"4 minutos\" \/>\n<script type=\"application\/ld+json\" class=\"yoast-schema-graph\">{\"@context\":\"https:\\\/\\\/schema.org\",\"@graph\":[{\"@type\":\"Article\",\"@id\":\"https:\\\/\\\/350.org\\\/pt\\\/campanha-nao-fracking-e-tema-de-palestra-no-instituto-federal-de-santa-catarina\\\/#article\",\"isPartOf\":{\"@id\":\"https:\\\/\\\/350.org\\\/pt\\\/campanha-nao-fracking-e-tema-de-palestra-no-instituto-federal-de-santa-catarina\\\/\"},\"author\":{\"name\":\"\",\"@id\":\"\"},\"headline\":\"Campanha N\u00e3o Fracking \u00e9 tema de palestra no Instituto Federal de Santa Catarina\",\"datePublished\":\"2019-10-23T15:35:39+00:00\",\"dateModified\":\"2023-10-03T11:39:54+00:00\",\"mainEntityOfPage\":{\"@id\":\"https:\\\/\\\/350.org\\\/pt\\\/campanha-nao-fracking-e-tema-de-palestra-no-instituto-federal-de-santa-catarina\\\/\"},\"wordCount\":727,\"image\":{\"@id\":\"https:\\\/\\\/350.org\\\/pt\\\/campanha-nao-fracking-e-tema-de-palestra-no-instituto-federal-de-santa-catarina\\\/#primaryimage\"},\"thumbnailUrl\":\"https:\\\/\\\/350.org\\\/pt\\\/wp-content\\\/uploads\\\/sites\\\/12\\\/2019\\\/10\\\/PalestraSuelitaITSC_dia2210_Sucena350mat\u00e9ria231019-27-e1571843819811.jpg\",\"keywords\":[\"N\u00e3o Fracking Am\u00e9rica Latina\",\"N\u00e3o Fracking Brasil\"],\"articleSection\":[\"Climate Impacts\",\"Danos ambientais\",\"KIITG\",\"Latin America\"],\"inLanguage\":\"pt-BR\"},{\"@type\":\"WebPage\",\"@id\":\"https:\\\/\\\/350.org\\\/pt\\\/campanha-nao-fracking-e-tema-de-palestra-no-instituto-federal-de-santa-catarina\\\/\",\"url\":\"https:\\\/\\\/350.org\\\/pt\\\/campanha-nao-fracking-e-tema-de-palestra-no-instituto-federal-de-santa-catarina\\\/\",\"name\":\"Campanha N\u00e3o Fracking \u00e9 tema de palestra no Instituto Federal de Santa Catarina - 350 Portugu\u00eas\",\"isPartOf\":{\"@id\":\"https:\\\/\\\/350.org\\\/pt\\\/#website\"},\"primaryImageOfPage\":{\"@id\":\"https:\\\/\\\/350.org\\\/pt\\\/campanha-nao-fracking-e-tema-de-palestra-no-instituto-federal-de-santa-catarina\\\/#primaryimage\"},\"image\":{\"@id\":\"https:\\\/\\\/350.org\\\/pt\\\/campanha-nao-fracking-e-tema-de-palestra-no-instituto-federal-de-santa-catarina\\\/#primaryimage\"},\"thumbnailUrl\":\"https:\\\/\\\/350.org\\\/pt\\\/wp-content\\\/uploads\\\/sites\\\/12\\\/2019\\\/10\\\/PalestraSuelitaITSC_dia2210_Sucena350mat\u00e9ria231019-27-e1571843819811.jpg\",\"datePublished\":\"2019-10-23T15:35:39+00:00\",\"dateModified\":\"2023-10-03T11:39:54+00:00\",\"author\":{\"@id\":\"\"},\"breadcrumb\":{\"@id\":\"https:\\\/\\\/350.org\\\/pt\\\/campanha-nao-fracking-e-tema-de-palestra-no-instituto-federal-de-santa-catarina\\\/#breadcrumb\"},\"inLanguage\":\"pt-BR\",\"potentialAction\":[{\"@type\":\"ReadAction\",\"target\":[\"https:\\\/\\\/350.org\\\/pt\\\/campanha-nao-fracking-e-tema-de-palestra-no-instituto-federal-de-santa-catarina\\\/\"]}]},{\"@type\":\"ImageObject\",\"inLanguage\":\"pt-BR\",\"@id\":\"https:\\\/\\\/350.org\\\/pt\\\/campanha-nao-fracking-e-tema-de-palestra-no-instituto-federal-de-santa-catarina\\\/#primaryimage\",\"url\":\"https:\\\/\\\/350.org\\\/pt\\\/wp-content\\\/uploads\\\/sites\\\/12\\\/2019\\\/10\\\/PalestraSuelitaITSC_dia2210_Sucena350mat\u00e9ria231019-27-e1571843819811.jpg\",\"contentUrl\":\"https:\\\/\\\/350.org\\\/pt\\\/wp-content\\\/uploads\\\/sites\\\/12\\\/2019\\\/10\\\/PalestraSuelitaITSC_dia2210_Sucena350mat\u00e9ria231019-27-e1571843819811.jpg\",\"width\":750,\"height\":563,\"caption\":\"Foto: Osvaldo Mishima\\\/N\u00e3oFrackingBrasil\"},{\"@type\":\"BreadcrumbList\",\"@id\":\"https:\\\/\\\/350.org\\\/pt\\\/campanha-nao-fracking-e-tema-de-palestra-no-instituto-federal-de-santa-catarina\\\/#breadcrumb\",\"itemListElement\":[{\"@type\":\"ListItem\",\"position\":1,\"name\":\"Home\",\"item\":\"https:\\\/\\\/350.org\\\/pt\\\/\"},{\"@type\":\"ListItem\",\"position\":2,\"name\":\"Campanha N\u00e3o Fracking \u00e9 tema de palestra no Instituto Federal de Santa Catarina\"}]},{\"@type\":\"WebSite\",\"@id\":\"https:\\\/\\\/350.org\\\/pt\\\/#website\",\"url\":\"https:\\\/\\\/350.org\\\/pt\\\/\",\"name\":\"350 Portugu\u00eas\",\"description\":\"\",\"potentialAction\":[{\"@type\":\"SearchAction\",\"target\":{\"@type\":\"EntryPoint\",\"urlTemplate\":\"https:\\\/\\\/350.org\\\/pt\\\/?s={search_term_string}\"},\"query-input\":{\"@type\":\"PropertyValueSpecification\",\"valueRequired\":true,\"valueName\":\"search_term_string\"}}],\"inLanguage\":\"pt-BR\"},{\"@type\":\"Person\",\"@id\":\"\",\"url\":\"https:\\\/\\\/350.org\\\/pt\\\/author\\\/\"}]}<\/script>\n<!-- \/ Yoast SEO Premium plugin. -->","yoast_head_json":{"title":"Campanha N\u00e3o Fracking \u00e9 tema de palestra no Instituto Federal de Santa Catarina - 350 Portugu\u00eas","robots":{"index":"index","follow":"follow","max-snippet":"max-snippet:-1","max-image-preview":"max-image-preview:large","max-video-preview":"max-video-preview:-1"},"canonical":"https:\/\/350.org\/pt\/campanha-nao-fracking-e-tema-de-palestra-no-instituto-federal-de-santa-catarina\/","og_locale":"pt_BR","og_type":"article","og_title":"Campanha N\u00e3o Fracking \u00e9 tema de palestra no Instituto Federal de Santa Catarina","og_description":"Uma das conquistas da mobiliza\u00e7\u00e3o resultou na san\u00e7\u00e3o de lei, que pro\u00edbe a extra\u00e7\u00e3o de g\u00e1s de xisto por fraturamento hidr\u00e1ulico no estado","og_url":"https:\/\/350.org\/pt\/campanha-nao-fracking-e-tema-de-palestra-no-instituto-federal-de-santa-catarina\/","og_site_name":"350 Portugu\u00eas","article_published_time":"2019-10-23T15:35:39+00:00","article_modified_time":"2023-10-03T11:39:54+00:00","og_image":[{"width":750,"height":563,"url":"https:\/\/350.org\/pt\/wp-content\/uploads\/sites\/12\/2019\/10\/PalestraSuelitaITSC_dia2210_Sucena350mat\u00e9ria231019-27-e1571843819811.jpg","type":"image\/jpeg"}],"twitter_card":"summary_large_image","twitter_misc":{"Escrito por":"","Est. tempo de leitura":"4 minutos"},"schema":{"@context":"https:\/\/schema.org","@graph":[{"@type":"Article","@id":"https:\/\/350.org\/pt\/campanha-nao-fracking-e-tema-de-palestra-no-instituto-federal-de-santa-catarina\/#article","isPartOf":{"@id":"https:\/\/350.org\/pt\/campanha-nao-fracking-e-tema-de-palestra-no-instituto-federal-de-santa-catarina\/"},"author":{"name":"","@id":""},"headline":"Campanha N\u00e3o Fracking \u00e9 tema de palestra no Instituto Federal de Santa Catarina","datePublished":"2019-10-23T15:35:39+00:00","dateModified":"2023-10-03T11:39:54+00:00","mainEntityOfPage":{"@id":"https:\/\/350.org\/pt\/campanha-nao-fracking-e-tema-de-palestra-no-instituto-federal-de-santa-catarina\/"},"wordCount":727,"image":{"@id":"https:\/\/350.org\/pt\/campanha-nao-fracking-e-tema-de-palestra-no-instituto-federal-de-santa-catarina\/#primaryimage"},"thumbnailUrl":"https:\/\/350.org\/pt\/wp-content\/uploads\/sites\/12\/2019\/10\/PalestraSuelitaITSC_dia2210_Sucena350mat\u00e9ria231019-27-e1571843819811.jpg","keywords":["N\u00e3o Fracking Am\u00e9rica Latina","N\u00e3o Fracking Brasil"],"articleSection":["Climate Impacts","Danos ambientais","KIITG","Latin America"],"inLanguage":"pt-BR"},{"@type":"WebPage","@id":"https:\/\/350.org\/pt\/campanha-nao-fracking-e-tema-de-palestra-no-instituto-federal-de-santa-catarina\/","url":"https:\/\/350.org\/pt\/campanha-nao-fracking-e-tema-de-palestra-no-instituto-federal-de-santa-catarina\/","name":"Campanha N\u00e3o Fracking \u00e9 tema de palestra no Instituto Federal de Santa Catarina - 350 Portugu\u00eas","isPartOf":{"@id":"https:\/\/350.org\/pt\/#website"},"primaryImageOfPage":{"@id":"https:\/\/350.org\/pt\/campanha-nao-fracking-e-tema-de-palestra-no-instituto-federal-de-santa-catarina\/#primaryimage"},"image":{"@id":"https:\/\/350.org\/pt\/campanha-nao-fracking-e-tema-de-palestra-no-instituto-federal-de-santa-catarina\/#primaryimage"},"thumbnailUrl":"https:\/\/350.org\/pt\/wp-content\/uploads\/sites\/12\/2019\/10\/PalestraSuelitaITSC_dia2210_Sucena350mat\u00e9ria231019-27-e1571843819811.jpg","datePublished":"2019-10-23T15:35:39+00:00","dateModified":"2023-10-03T11:39:54+00:00","author":{"@id":""},"breadcrumb":{"@id":"https:\/\/350.org\/pt\/campanha-nao-fracking-e-tema-de-palestra-no-instituto-federal-de-santa-catarina\/#breadcrumb"},"inLanguage":"pt-BR","potentialAction":[{"@type":"ReadAction","target":["https:\/\/350.org\/pt\/campanha-nao-fracking-e-tema-de-palestra-no-instituto-federal-de-santa-catarina\/"]}]},{"@type":"ImageObject","inLanguage":"pt-BR","@id":"https:\/\/350.org\/pt\/campanha-nao-fracking-e-tema-de-palestra-no-instituto-federal-de-santa-catarina\/#primaryimage","url":"https:\/\/350.org\/pt\/wp-content\/uploads\/sites\/12\/2019\/10\/PalestraSuelitaITSC_dia2210_Sucena350mat\u00e9ria231019-27-e1571843819811.jpg","contentUrl":"https:\/\/350.org\/pt\/wp-content\/uploads\/sites\/12\/2019\/10\/PalestraSuelitaITSC_dia2210_Sucena350mat\u00e9ria231019-27-e1571843819811.jpg","width":750,"height":563,"caption":"Foto: Osvaldo Mishima\/N\u00e3oFrackingBrasil"},{"@type":"BreadcrumbList","@id":"https:\/\/350.org\/pt\/campanha-nao-fracking-e-tema-de-palestra-no-instituto-federal-de-santa-catarina\/#breadcrumb","itemListElement":[{"@type":"ListItem","position":1,"name":"Home","item":"https:\/\/350.org\/pt\/"},{"@type":"ListItem","position":2,"name":"Campanha N\u00e3o Fracking \u00e9 tema de palestra no Instituto Federal de Santa Catarina"}]},{"@type":"WebSite","@id":"https:\/\/350.org\/pt\/#website","url":"https:\/\/350.org\/pt\/","name":"350 Portugu\u00eas","description":"","potentialAction":[{"@type":"SearchAction","target":{"@type":"EntryPoint","urlTemplate":"https:\/\/350.org\/pt\/?s={search_term_string}"},"query-input":{"@type":"PropertyValueSpecification","valueRequired":true,"valueName":"search_term_string"}}],"inLanguage":"pt-BR"},{"@type":"Person","@id":"","url":"https:\/\/350.org\/pt\/author\/"}]}},"_links":{"self":[{"href":"https:\/\/350.org\/pt\/wp-json\/wp\/v2\/posts\/135168","targetHints":{"allow":["GET"]}}],"collection":[{"href":"https:\/\/350.org\/pt\/wp-json\/wp\/v2\/posts"}],"about":[{"href":"https:\/\/350.org\/pt\/wp-json\/wp\/v2\/types\/post"}],"author":[{"embeddable":true,"href":"https:\/\/350.org\/pt\/wp-json\/wp\/v2\/users\/10012196"}],"replies":[{"embeddable":true,"href":"https:\/\/350.org\/pt\/wp-json\/wp\/v2\/comments?post=135168"}],"version-history":[{"count":0,"href":"https:\/\/350.org\/pt\/wp-json\/wp\/v2\/posts\/135168\/revisions"}],"wp:featuredmedia":[{"embeddable":true,"href":"https:\/\/350.org\/pt\/wp-json\/wp\/v2\/media\/135169"}],"wp:attachment":[{"href":"https:\/\/350.org\/pt\/wp-json\/wp\/v2\/media?parent=135168"}],"wp:term":[{"taxonomy":"category","embeddable":true,"href":"https:\/\/350.org\/pt\/wp-json\/wp\/v2\/categories?post=135168"},{"taxonomy":"post_tag","embeddable":true,"href":"https:\/\/350.org\/pt\/wp-json\/wp\/v2\/tags?post=135168"}],"curies":[{"name":"wp","href":"https:\/\/api.w.org\/{rel}","templated":true}]}}