{"id":136172,"date":"2020-06-19T21:07:05","date_gmt":"2020-06-20T00:07:05","guid":{"rendered":"https:\/\/350.org\/pt\/?p=136172"},"modified":"2023-10-03T08:05:26","modified_gmt":"2023-10-03T11:05:26","slug":"vaticano-evitem-apoiar-empresas-que-prejudiquem-a-ecologia-humana-ou-social-e-a-ecologia-ambiental","status":"publish","type":"post","link":"https:\/\/350.org\/pt\/vaticano-evitem-apoiar-empresas-que-prejudiquem-a-ecologia-humana-ou-social-e-a-ecologia-ambiental\/","title":{"rendered":"Vaticano: &#8220;Evitem apoiar empresas que prejudiquem a ecologia humana ou social e a ecologia ambiental&#8221;"},"content":{"rendered":"<p><span style=\"font-weight: 400;\">Num movimento sem precedentes, o Vaticano publicou hoje o seu primeiro conjunto de orienta\u00e7\u00f5es ambientais globais de hist\u00f3ria. O documento \u00e9 fruto de uma colabora\u00e7\u00e3o entre todos os departamentos do Vaticano e sugere formas concretas para a Igreja implementar a enc\u00edclica do Papa Francisco &#8220;Laudato Si&#8221;, incluindo um apelo a todas as institui\u00e7\u00f5es cat\u00f3licas para que &#8220;evitem apoiar empresas que prejudiquem a ecologia humana ou social e a ecologia ambiental (por exemplo, os combust\u00edveis f\u00f3sseis)&#8221;.<\/span><\/p>\n<p><span style=\"font-weight: 400;\">Em resposta ao an\u00fancio, Bill McKibben, escritor e fundador da 350.org, afirmou:<\/span><\/p>\n<blockquote><p><span style=\"font-weight: 400;\">&#8220;O apelo do Vaticano ao desinvestimento \u00e9 um sopro de esperan\u00e7a em tempos em que a f\u00e9 \u00e9 mais necess\u00e1ria do que nunca&#8221;. \u00c9 tamb\u00e9m um dos grandes momentos desta campanha de uma d\u00e9cada&#8221;. \u00c9 uma afirma\u00e7\u00e3o poderosa que tentar lucrar com a destrui\u00e7\u00e3o do planeta \u00e9 pura e simplesmente imoral e pouco \u00e9tico&#8221;<\/span><\/p><\/blockquote>\n<p><span style=\"font-weight: 400;\">Este \u00e9 o primeiro apoio da hist\u00f3ria ao movimento de desinvestimento proveniente do Vaticano, e vem na sequ\u00eancia do <\/span><a href=\"https:\/\/catholicclimatemovement.global\/pt\/faith-institutions-divest-from-fossil-fuels-pt\/\" target=\"_blank\" rel=\"noopener noreferrer\"><span style=\"font-weight: 400;\">maior an\u00fancio de desinvestimento feito pelas institui\u00e7\u00f5es religiosas.<\/span><\/a><span style=\"font-weight: 400;\"> Em Maio, 42 institui\u00e7\u00f5es em 14 pa\u00edses anunciaram o seu compromisso de abandonar os combust\u00edveis f\u00f3sseis.<\/span><\/p>\n<blockquote><p>&#8220;\u00c9 de extrema import\u00e2ncia esse posicionamento da Igreja Cat\u00f3lica em um momento t\u00e3o grave do planeta. O investimento em f\u00f3sseis \u00e9 o principal causador das mudan\u00e7as clim\u00e1ticas que s\u00f3 tendem a agravar situa\u00e7\u00f5es de pandemia como a que estamos vivendo. Que todos tenham a mesma consci\u00eancia e cuidado com a nossa casa comum.&#8221;, afirmou Renan Andrade, campaigner da 350.org Brasil.<\/p><\/blockquote>\n<h2><\/h2>\n<h2>Veja tamb\u00e9m:<\/h2>\n<p id=\"post-title\"><a href=\"https:\/\/350.org\/pt\/10-frases-de-papa-francisco-contra-o-aquecimento-global\/\" target=\"_blank\" rel=\"noopener noreferrer\">10 frases de Papa Francisco contra o aquecimento global<\/a><\/p>\n<p id=\"post-title\"><a href=\"https:\/\/350.org\/pt\/papa-francisco-pede-mais-poder-popular-em-conferencia-no-vaticano\/\" target=\"_blank\" rel=\"noopener noreferrer\">Papa Francisco pede mais poder popular em Confer\u00eancia no Vaticano<\/a><\/p>\n<p>&nbsp;<\/p>\n","protected":false},"excerpt":{"rendered":"<p>&#8220;O apelo do Vaticano ao desinvestimento \u00e9 um sopro de esperan\u00e7a numa \u00e9poca em que qualquer tipo de f\u00e9 \u00e9 mais necess\u00e1ria do que nunca&#8221;.<\/p>\n","protected":false},"author":10012113,"featured_media":136173,"comment_status":"closed","ping_status":"closed","sticky":false,"template":"","format":"standard","meta":{"_acf_changed":false,"footnotes":""},"categories":[15,16,473,694,22],"tags":[],"class_list":["post-136172","post","type-post","status-publish","format-standard","has-post-thumbnail","hentry","category-impacts","category-justice","category-fe-paz-e-clima","category-finance","category-latin-america"],"acf":[],"yoast_head":"<!-- This site is optimized with the Yoast SEO Premium plugin v26.9 (Yoast SEO v28.3) - https:\/\/yoast.com\/product\/yoast-seo-premium-wordpress\/ -->\n<title>Vaticano: &quot;Evitem apoiar empresas que prejudiquem a ecologia humana ou social e a ecologia ambiental&quot; - 350 Portugu\u00eas<\/title>\n<meta name=\"robots\" content=\"index, follow, max-snippet:-1, max-image-preview:large, max-video-preview:-1\" \/>\n<link rel=\"canonical\" href=\"https:\/\/350.org\/pt\/vaticano-evitem-apoiar-empresas-que-prejudiquem-a-ecologia-humana-ou-social-e-a-ecologia-ambiental\/\" \/>\n<meta property=\"og:locale\" content=\"pt_BR\" \/>\n<meta property=\"og:type\" content=\"article\" \/>\n<meta property=\"og:title\" content=\"Vaticano: &quot;Evitem apoiar empresas que prejudiquem a ecologia humana ou social e a ecologia ambiental&quot;\" \/>\n<meta property=\"og:description\" content=\"&quot;O apelo do Vaticano ao desinvestimento \u00e9 um sopro de esperan\u00e7a numa \u00e9poca em que qualquer tipo de f\u00e9 \u00e9 mais necess\u00e1ria do que nunca&quot;.\" \/>\n<meta property=\"og:url\" content=\"https:\/\/350.org\/pt\/vaticano-evitem-apoiar-empresas-que-prejudiquem-a-ecologia-humana-ou-social-e-a-ecologia-ambiental\/\" \/>\n<meta property=\"og:site_name\" content=\"350 Portugu\u00eas\" \/>\n<meta property=\"article:published_time\" content=\"2020-06-20T00:07:05+00:00\" \/>\n<meta property=\"article:modified_time\" content=\"2023-10-03T11:05:26+00:00\" \/>\n<meta property=\"og:image\" content=\"https:\/\/350.org\/pt\/wp-content\/uploads\/sites\/12\/2020\/06\/papafrancisco.jpg\" \/>\n\t<meta property=\"og:image:width\" content=\"1400\" \/>\n\t<meta property=\"og:image:height\" content=\"939\" \/>\n\t<meta property=\"og:image:type\" content=\"image\/jpeg\" \/>\n<meta name=\"author\" content=\"livialie\" \/>\n<meta name=\"twitter:card\" content=\"summary_large_image\" \/>\n<meta name=\"twitter:label1\" content=\"Escrito por\" \/>\n\t<meta name=\"twitter:data1\" content=\"livialie\" \/>\n\t<meta name=\"twitter:label2\" content=\"Est. tempo de leitura\" \/>\n\t<meta name=\"twitter:data2\" content=\"1 minuto\" \/>\n<script type=\"application\/ld+json\" class=\"yoast-schema-graph\">{\"@context\":\"https:\\\/\\\/schema.org\",\"@graph\":[{\"@type\":\"Article\",\"@id\":\"https:\\\/\\\/350.org\\\/pt\\\/vaticano-evitem-apoiar-empresas-que-prejudiquem-a-ecologia-humana-ou-social-e-a-ecologia-ambiental\\\/#article\",\"isPartOf\":{\"@id\":\"https:\\\/\\\/350.org\\\/pt\\\/vaticano-evitem-apoiar-empresas-que-prejudiquem-a-ecologia-humana-ou-social-e-a-ecologia-ambiental\\\/\"},\"author\":{\"name\":\"livialie\",\"@id\":\"https:\\\/\\\/350.org\\\/pt\\\/#\\\/schema\\\/person\\\/0041cedf5d8cc3ea7e7bb78777cdcd48\"},\"headline\":\"Vaticano: &#8220;Evitem apoiar empresas que prejudiquem a ecologia humana ou social e a ecologia ambiental&#8221;\",\"datePublished\":\"2020-06-20T00:07:05+00:00\",\"dateModified\":\"2023-10-03T11:05:26+00:00\",\"mainEntityOfPage\":{\"@id\":\"https:\\\/\\\/350.org\\\/pt\\\/vaticano-evitem-apoiar-empresas-que-prejudiquem-a-ecologia-humana-ou-social-e-a-ecologia-ambiental\\\/\"},\"wordCount\":302,\"image\":{\"@id\":\"https:\\\/\\\/350.org\\\/pt\\\/vaticano-evitem-apoiar-empresas-que-prejudiquem-a-ecologia-humana-ou-social-e-a-ecologia-ambiental\\\/#primaryimage\"},\"thumbnailUrl\":\"https:\\\/\\\/350.org\\\/pt\\\/wp-content\\\/uploads\\\/sites\\\/12\\\/2020\\\/06\\\/papafrancisco.jpg\",\"articleSection\":[\"Climate Impacts\",\"Climate Justice\",\"F\u00e9 Paz e Clima\",\"Finance\",\"Latin America\"],\"inLanguage\":\"pt-BR\"},{\"@type\":\"WebPage\",\"@id\":\"https:\\\/\\\/350.org\\\/pt\\\/vaticano-evitem-apoiar-empresas-que-prejudiquem-a-ecologia-humana-ou-social-e-a-ecologia-ambiental\\\/\",\"url\":\"https:\\\/\\\/350.org\\\/pt\\\/vaticano-evitem-apoiar-empresas-que-prejudiquem-a-ecologia-humana-ou-social-e-a-ecologia-ambiental\\\/\",\"name\":\"Vaticano: \\\"Evitem apoiar empresas que prejudiquem a ecologia humana ou social e a ecologia ambiental\\\" - 350 Portugu\u00eas\",\"isPartOf\":{\"@id\":\"https:\\\/\\\/350.org\\\/pt\\\/#website\"},\"primaryImageOfPage\":{\"@id\":\"https:\\\/\\\/350.org\\\/pt\\\/vaticano-evitem-apoiar-empresas-que-prejudiquem-a-ecologia-humana-ou-social-e-a-ecologia-ambiental\\\/#primaryimage\"},\"image\":{\"@id\":\"https:\\\/\\\/350.org\\\/pt\\\/vaticano-evitem-apoiar-empresas-que-prejudiquem-a-ecologia-humana-ou-social-e-a-ecologia-ambiental\\\/#primaryimage\"},\"thumbnailUrl\":\"https:\\\/\\\/350.org\\\/pt\\\/wp-content\\\/uploads\\\/sites\\\/12\\\/2020\\\/06\\\/papafrancisco.jpg\",\"datePublished\":\"2020-06-20T00:07:05+00:00\",\"dateModified\":\"2023-10-03T11:05:26+00:00\",\"author\":{\"@id\":\"https:\\\/\\\/350.org\\\/pt\\\/#\\\/schema\\\/person\\\/0041cedf5d8cc3ea7e7bb78777cdcd48\"},\"breadcrumb\":{\"@id\":\"https:\\\/\\\/350.org\\\/pt\\\/vaticano-evitem-apoiar-empresas-que-prejudiquem-a-ecologia-humana-ou-social-e-a-ecologia-ambiental\\\/#breadcrumb\"},\"inLanguage\":\"pt-BR\",\"potentialAction\":[{\"@type\":\"ReadAction\",\"target\":[\"https:\\\/\\\/350.org\\\/pt\\\/vaticano-evitem-apoiar-empresas-que-prejudiquem-a-ecologia-humana-ou-social-e-a-ecologia-ambiental\\\/\"]}]},{\"@type\":\"ImageObject\",\"inLanguage\":\"pt-BR\",\"@id\":\"https:\\\/\\\/350.org\\\/pt\\\/vaticano-evitem-apoiar-empresas-que-prejudiquem-a-ecologia-humana-ou-social-e-a-ecologia-ambiental\\\/#primaryimage\",\"url\":\"https:\\\/\\\/350.org\\\/pt\\\/wp-content\\\/uploads\\\/sites\\\/12\\\/2020\\\/06\\\/papafrancisco.jpg\",\"contentUrl\":\"https:\\\/\\\/350.org\\\/pt\\\/wp-content\\\/uploads\\\/sites\\\/12\\\/2020\\\/06\\\/papafrancisco.jpg\",\"width\":1400,\"height\":939,\"caption\":\"Papa francisco pede por desinvestimento f\u00f3ssil\"},{\"@type\":\"BreadcrumbList\",\"@id\":\"https:\\\/\\\/350.org\\\/pt\\\/vaticano-evitem-apoiar-empresas-que-prejudiquem-a-ecologia-humana-ou-social-e-a-ecologia-ambiental\\\/#breadcrumb\",\"itemListElement\":[{\"@type\":\"ListItem\",\"position\":1,\"name\":\"Home\",\"item\":\"https:\\\/\\\/350.org\\\/pt\\\/\"},{\"@type\":\"ListItem\",\"position\":2,\"name\":\"Vaticano: &#8220;Evitem apoiar empresas que prejudiquem a ecologia humana ou social e a ecologia ambiental&#8221;\"}]},{\"@type\":\"WebSite\",\"@id\":\"https:\\\/\\\/350.org\\\/pt\\\/#website\",\"url\":\"https:\\\/\\\/350.org\\\/pt\\\/\",\"name\":\"350 Portugu\u00eas\",\"description\":\"\",\"potentialAction\":[{\"@type\":\"SearchAction\",\"target\":{\"@type\":\"EntryPoint\",\"urlTemplate\":\"https:\\\/\\\/350.org\\\/pt\\\/?s={search_term_string}\"},\"query-input\":{\"@type\":\"PropertyValueSpecification\",\"valueRequired\":true,\"valueName\":\"search_term_string\"}}],\"inLanguage\":\"pt-BR\"},{\"@type\":\"Person\",\"@id\":\"https:\\\/\\\/350.org\\\/pt\\\/#\\\/schema\\\/person\\\/0041cedf5d8cc3ea7e7bb78777cdcd48\",\"name\":\"livialie\",\"image\":{\"@type\":\"ImageObject\",\"inLanguage\":\"pt-BR\",\"@id\":\"https:\\\/\\\/350.org\\\/wp-content\\\/uploads\\\/2021\\\/07\\\/LiviaLie_av-96x96.png\",\"url\":\"https:\\\/\\\/350.org\\\/wp-content\\\/uploads\\\/2021\\\/07\\\/LiviaLie_av-96x96.png\",\"contentUrl\":\"https:\\\/\\\/350.org\\\/wp-content\\\/uploads\\\/2021\\\/07\\\/LiviaLie_av-96x96.png\",\"caption\":\"livialie\"},\"url\":\"https:\\\/\\\/350.org\\\/pt\\\/author\\\/livialie\\\/\"}]}<\/script>\n<!-- \/ Yoast SEO Premium plugin. -->","yoast_head_json":{"title":"Vaticano: \"Evitem apoiar empresas que prejudiquem a ecologia humana ou social e a ecologia ambiental\" - 350 Portugu\u00eas","robots":{"index":"index","follow":"follow","max-snippet":"max-snippet:-1","max-image-preview":"max-image-preview:large","max-video-preview":"max-video-preview:-1"},"canonical":"https:\/\/350.org\/pt\/vaticano-evitem-apoiar-empresas-que-prejudiquem-a-ecologia-humana-ou-social-e-a-ecologia-ambiental\/","og_locale":"pt_BR","og_type":"article","og_title":"Vaticano: \"Evitem apoiar empresas que prejudiquem a ecologia humana ou social e a ecologia ambiental\"","og_description":"\"O apelo do Vaticano ao desinvestimento \u00e9 um sopro de esperan\u00e7a numa \u00e9poca em que qualquer tipo de f\u00e9 \u00e9 mais necess\u00e1ria do que nunca\".","og_url":"https:\/\/350.org\/pt\/vaticano-evitem-apoiar-empresas-que-prejudiquem-a-ecologia-humana-ou-social-e-a-ecologia-ambiental\/","og_site_name":"350 Portugu\u00eas","article_published_time":"2020-06-20T00:07:05+00:00","article_modified_time":"2023-10-03T11:05:26+00:00","og_image":[{"width":1400,"height":939,"url":"https:\/\/350.org\/pt\/wp-content\/uploads\/sites\/12\/2020\/06\/papafrancisco.jpg","type":"image\/jpeg"}],"author":"livialie","twitter_card":"summary_large_image","twitter_misc":{"Escrito por":"livialie","Est. tempo de leitura":"1 minuto"},"schema":{"@context":"https:\/\/schema.org","@graph":[{"@type":"Article","@id":"https:\/\/350.org\/pt\/vaticano-evitem-apoiar-empresas-que-prejudiquem-a-ecologia-humana-ou-social-e-a-ecologia-ambiental\/#article","isPartOf":{"@id":"https:\/\/350.org\/pt\/vaticano-evitem-apoiar-empresas-que-prejudiquem-a-ecologia-humana-ou-social-e-a-ecologia-ambiental\/"},"author":{"name":"livialie","@id":"https:\/\/350.org\/pt\/#\/schema\/person\/0041cedf5d8cc3ea7e7bb78777cdcd48"},"headline":"Vaticano: &#8220;Evitem apoiar empresas que prejudiquem a ecologia humana ou social e a ecologia ambiental&#8221;","datePublished":"2020-06-20T00:07:05+00:00","dateModified":"2023-10-03T11:05:26+00:00","mainEntityOfPage":{"@id":"https:\/\/350.org\/pt\/vaticano-evitem-apoiar-empresas-que-prejudiquem-a-ecologia-humana-ou-social-e-a-ecologia-ambiental\/"},"wordCount":302,"image":{"@id":"https:\/\/350.org\/pt\/vaticano-evitem-apoiar-empresas-que-prejudiquem-a-ecologia-humana-ou-social-e-a-ecologia-ambiental\/#primaryimage"},"thumbnailUrl":"https:\/\/350.org\/pt\/wp-content\/uploads\/sites\/12\/2020\/06\/papafrancisco.jpg","articleSection":["Climate Impacts","Climate Justice","F\u00e9 Paz e Clima","Finance","Latin America"],"inLanguage":"pt-BR"},{"@type":"WebPage","@id":"https:\/\/350.org\/pt\/vaticano-evitem-apoiar-empresas-que-prejudiquem-a-ecologia-humana-ou-social-e-a-ecologia-ambiental\/","url":"https:\/\/350.org\/pt\/vaticano-evitem-apoiar-empresas-que-prejudiquem-a-ecologia-humana-ou-social-e-a-ecologia-ambiental\/","name":"Vaticano: \"Evitem apoiar empresas que prejudiquem a ecologia humana ou social e a ecologia ambiental\" - 350 Portugu\u00eas","isPartOf":{"@id":"https:\/\/350.org\/pt\/#website"},"primaryImageOfPage":{"@id":"https:\/\/350.org\/pt\/vaticano-evitem-apoiar-empresas-que-prejudiquem-a-ecologia-humana-ou-social-e-a-ecologia-ambiental\/#primaryimage"},"image":{"@id":"https:\/\/350.org\/pt\/vaticano-evitem-apoiar-empresas-que-prejudiquem-a-ecologia-humana-ou-social-e-a-ecologia-ambiental\/#primaryimage"},"thumbnailUrl":"https:\/\/350.org\/pt\/wp-content\/uploads\/sites\/12\/2020\/06\/papafrancisco.jpg","datePublished":"2020-06-20T00:07:05+00:00","dateModified":"2023-10-03T11:05:26+00:00","author":{"@id":"https:\/\/350.org\/pt\/#\/schema\/person\/0041cedf5d8cc3ea7e7bb78777cdcd48"},"breadcrumb":{"@id":"https:\/\/350.org\/pt\/vaticano-evitem-apoiar-empresas-que-prejudiquem-a-ecologia-humana-ou-social-e-a-ecologia-ambiental\/#breadcrumb"},"inLanguage":"pt-BR","potentialAction":[{"@type":"ReadAction","target":["https:\/\/350.org\/pt\/vaticano-evitem-apoiar-empresas-que-prejudiquem-a-ecologia-humana-ou-social-e-a-ecologia-ambiental\/"]}]},{"@type":"ImageObject","inLanguage":"pt-BR","@id":"https:\/\/350.org\/pt\/vaticano-evitem-apoiar-empresas-que-prejudiquem-a-ecologia-humana-ou-social-e-a-ecologia-ambiental\/#primaryimage","url":"https:\/\/350.org\/pt\/wp-content\/uploads\/sites\/12\/2020\/06\/papafrancisco.jpg","contentUrl":"https:\/\/350.org\/pt\/wp-content\/uploads\/sites\/12\/2020\/06\/papafrancisco.jpg","width":1400,"height":939,"caption":"Papa francisco pede por desinvestimento f\u00f3ssil"},{"@type":"BreadcrumbList","@id":"https:\/\/350.org\/pt\/vaticano-evitem-apoiar-empresas-que-prejudiquem-a-ecologia-humana-ou-social-e-a-ecologia-ambiental\/#breadcrumb","itemListElement":[{"@type":"ListItem","position":1,"name":"Home","item":"https:\/\/350.org\/pt\/"},{"@type":"ListItem","position":2,"name":"Vaticano: &#8220;Evitem apoiar empresas que prejudiquem a ecologia humana ou social e a ecologia ambiental&#8221;"}]},{"@type":"WebSite","@id":"https:\/\/350.org\/pt\/#website","url":"https:\/\/350.org\/pt\/","name":"350 Portugu\u00eas","description":"","potentialAction":[{"@type":"SearchAction","target":{"@type":"EntryPoint","urlTemplate":"https:\/\/350.org\/pt\/?s={search_term_string}"},"query-input":{"@type":"PropertyValueSpecification","valueRequired":true,"valueName":"search_term_string"}}],"inLanguage":"pt-BR"},{"@type":"Person","@id":"https:\/\/350.org\/pt\/#\/schema\/person\/0041cedf5d8cc3ea7e7bb78777cdcd48","name":"livialie","image":{"@type":"ImageObject","inLanguage":"pt-BR","@id":"https:\/\/350.org\/wp-content\/uploads\/2021\/07\/LiviaLie_av-96x96.png","url":"https:\/\/350.org\/wp-content\/uploads\/2021\/07\/LiviaLie_av-96x96.png","contentUrl":"https:\/\/350.org\/wp-content\/uploads\/2021\/07\/LiviaLie_av-96x96.png","caption":"livialie"},"url":"https:\/\/350.org\/pt\/author\/livialie\/"}]}},"_links":{"self":[{"href":"https:\/\/350.org\/pt\/wp-json\/wp\/v2\/posts\/136172","targetHints":{"allow":["GET"]}}],"collection":[{"href":"https:\/\/350.org\/pt\/wp-json\/wp\/v2\/posts"}],"about":[{"href":"https:\/\/350.org\/pt\/wp-json\/wp\/v2\/types\/post"}],"author":[{"embeddable":true,"href":"https:\/\/350.org\/pt\/wp-json\/wp\/v2\/users\/10012113"}],"replies":[{"embeddable":true,"href":"https:\/\/350.org\/pt\/wp-json\/wp\/v2\/comments?post=136172"}],"version-history":[{"count":0,"href":"https:\/\/350.org\/pt\/wp-json\/wp\/v2\/posts\/136172\/revisions"}],"wp:featuredmedia":[{"embeddable":true,"href":"https:\/\/350.org\/pt\/wp-json\/wp\/v2\/media\/136173"}],"wp:attachment":[{"href":"https:\/\/350.org\/pt\/wp-json\/wp\/v2\/media?parent=136172"}],"wp:term":[{"taxonomy":"category","embeddable":true,"href":"https:\/\/350.org\/pt\/wp-json\/wp\/v2\/categories?post=136172"},{"taxonomy":"post_tag","embeddable":true,"href":"https:\/\/350.org\/pt\/wp-json\/wp\/v2\/tags?post=136172"}],"curies":[{"name":"wp","href":"https:\/\/api.w.org\/{rel}","templated":true}]}}