{"id":136344,"date":"2020-07-23T11:19:04","date_gmt":"2020-07-23T14:19:04","guid":{"rendered":"https:\/\/350.org\/pt\/?p=136344"},"modified":"2023-10-01T05:44:15","modified_gmt":"2023-10-01T08:44:15","slug":"o-mundo-alertou-o-g20","status":"publish","type":"post","link":"https:\/\/350.org\/pt\/o-mundo-alertou-o-g20\/","title":{"rendered":"O mundo alertou o G20"},"content":{"rendered":"<p>Quando trilh\u00f5es de d\u00f3lares de dinheiro p\u00fablico e a seguran\u00e7a do nosso futuro est\u00e3o em jogo, as pessoas se mobilizam para serem ouvidas.<\/p>\n<p>Em <strong>uma onda de a\u00e7\u00f5es e protestos, comunidades do mundo todo, da \u00c1frica do Sul \u00e0s Filipinas, enviaram uma mensagem clara aos ministros de finan\u00e7as do G20 e aos gestores de banco centrais <\/strong> reunidos em 18 de julho para discutir est\u00edmulos econ\u00f4micos em resposta ao coronav\u00edrus.<\/p>\n<p>Em vez do habitual socorro a empresas de combust\u00edveis f\u00f3sseis, ind\u00fastrias poluentes e grandes empresas, precisamos de uma verdadeira <a href=\"https:\/\/350.org\/pt\/just-recovery\" target=\"_blank\" rel=\"noopener noreferrer\">Recupera\u00e7\u00e3o Justa<\/a> , visando um futuro digno, habit\u00e1vel e acess\u00edvel para todos.<\/p>\n<p>Reunimos alguns desses momentos impactantes que aconteceram ao redor do planeta:<\/p>\n<h3>Bangladesh<\/h3>\n<p>Mesmo em meio \u00e0s piores inunda\u00e7\u00f5es da hist\u00f3ria recente, ativistas de todo o pa\u00eds usaram m\u00e1scaras com a mensagem \u201cRecupera\u00e7\u00e3o Justa\u201d e realizaram a\u00e7\u00f5es de impacto em locais amea\u00e7ados pelos combust\u00edveis f\u00f3sseis e pela eleva\u00e7\u00e3o n\u00edvel do mar.<\/p>\n<blockquote class=\"twitter-tweet\" data-width=\"500\" data-dnt=\"true\">\n<p lang=\"en\" dir=\"ltr\">Today in Sundarbans, Bangladesh frontline climate activists sends out a message to <a href=\"https:\/\/twitter.com\/hashtag\/G20?src=hash&amp;ref_src=twsrc%5Etfw\">#G20<\/a> ministers meeting in Saudi Arabia:<br \/>&quot; We demand a <a href=\"https:\/\/twitter.com\/hashtag\/JustRecovery?src=hash&amp;ref_src=twsrc%5Etfw\">#JustRecovery<\/a> and a dignified, liveable future for all&quot;. \u270a\u270a<\/p>\n<p>Photo: Noor Alam, Bangladesh Poribesh Andolan <a href=\"https:\/\/t.co\/Crn81Fx7p2\">pic.twitter.com\/Crn81Fx7p2<\/a><\/p>\n<p>&mdash; 350 Bangladesh (@350_bangladesh) <a href=\"https:\/\/twitter.com\/350_bangladesh\/status\/1284468585650434051?ref_src=twsrc%5Etfw\">July 18, 2020<\/a><\/p><\/blockquote>\n<p><script async src=\"https:\/\/platform.twitter.com\/widgets.js\" charset=\"utf-8\"><\/script><\/p>\n<h3><strong><br \/>\nEuropa<\/strong><\/h3>\n<p>Na Inglaterra, na Alemanha e na B\u00e9lgica, manifestantes protestaram em frente \u00e0s sedes de algumas das institui\u00e7\u00f5es econ\u00f4micas mais influentes da Europa, exigindo que elas atuem melhor a partir de agora.<\/p>\n<blockquote class=\"twitter-tweet\" data-width=\"500\" data-dnt=\"true\">\n<p lang=\"en\" dir=\"ltr\">Yesterday in Brussels we addressed the EU Council <a href=\"https:\/\/twitter.com\/hashtag\/EUCO?src=hash&amp;ref_src=twsrc%5Etfw\">#EUCO<\/a> and <a href=\"https:\/\/twitter.com\/hashtag\/G20?src=hash&amp;ref_src=twsrc%5Etfw\">#G20<\/a> with our message:<\/p>\n<p>It&#39;s our money &amp; our future!<br \/>We want a green &amp; just recovery!<a href=\"https:\/\/twitter.com\/hashtag\/PeopleNotPolluters?src=hash&amp;ref_src=twsrc%5Etfw\">#PeopleNotPolluters<\/a> <a href=\"https:\/\/twitter.com\/hashtag\/JustRecovery?src=hash&amp;ref_src=twsrc%5Etfw\">#JustRecovery<\/a> <a href=\"https:\/\/t.co\/NkD63p3qJx\">pic.twitter.com\/NkD63p3qJx<\/a><\/p>\n<p>&mdash; 350 Europe (@350Europe) <a href=\"https:\/\/twitter.com\/350Europe\/status\/1284444296972730369?ref_src=twsrc%5Etfw\">July 18, 2020<\/a><\/p><\/blockquote>\n<p><script async src=\"https:\/\/platform.twitter.com\/widgets.js\" charset=\"utf-8\"><\/script><\/p>\n<p>Vestindo macac\u00f5es, ativistas do movimento Ende Gel\u00e4nde bloquearam a entrada do Banco Central Europeu, em Frankfurt, enquanto em Londres pessoas acordavam cedo para projetar um v\u00eddeo de alerta nas paredes do Tesouro e do Banco da Inglaterra.<\/p>\n<blockquote class=\"twitter-tweet\" data-width=\"500\" data-dnt=\"true\">\n<p lang=\"en\" dir=\"ltr\">HUGE amounts of money are flowing from the European Central Bank to some of the dirtiest fossil fuel companies in the world \ud83d\ude21. <\/p>\n<p>That&#39;s why activists in Frankfurt are demanding <a href=\"https:\/\/twitter.com\/hashtag\/climatejustice?src=hash&amp;ref_src=twsrc%5Etfw\">#climatejustice<\/a> by blocking the ECB headquarters today! <a href=\"https:\/\/twitter.com\/hashtag\/RageAgainstECB?src=hash&amp;ref_src=twsrc%5Etfw\">#RageAgainstECB<\/a> <a href=\"https:\/\/twitter.com\/hashtag\/G20?src=hash&amp;ref_src=twsrc%5Etfw\">#G20<\/a> <br \/>Photo: <a href=\"https:\/\/twitter.com\/FFF_Frankfurt?ref_src=twsrc%5Etfw\">@FFF_Frankfurt<\/a> <a href=\"https:\/\/t.co\/inOmqCrtI6\">pic.twitter.com\/inOmqCrtI6<\/a><\/p>\n<p>&mdash; 350.org Deutschland (@350Deutschland) <a href=\"https:\/\/twitter.com\/350Deutschland\/status\/1283711768586575872?ref_src=twsrc%5Etfw\">July 16, 2020<\/a><\/p><\/blockquote>\n<p><script async src=\"https:\/\/platform.twitter.com\/widgets.js\" charset=\"utf-8\"><\/script><\/p>\n<p>https:\/\/twitter.com\/350Europe\/status\/1284049636295155712<\/p>\n<h3>\u00c1frica do Sul<\/h3>\n<p>Na \u00c1frica do Sul, faixas foram estendidas em pr\u00e9dios exigindo aten\u00e7\u00e3o \u00e0s popula\u00e7\u00f5es vulner\u00e1veis, redu\u00e7\u00e3o das emiss\u00f5es de carbono e o fim do financiamento de combust\u00edveis f\u00f3sseis.<\/p>\n<div class=\"mceTemp\"><\/div>\n<p>&nbsp;<\/p>\n<div id=\"attachment_128662\" style=\"width: 560px\" class=\"wp-caption aligncenter\"><a href=\"https:\/\/350.org\/wp-content\/uploads\/2020\/07\/20200716_Just_Recovery_G20_Klerksdorp_South_Africa_8-scaled.jpg\"><img loading=\"lazy\" decoding=\"async\" aria-describedby=\"caption-attachment-128662\" class=\"wp-image-128662\" src=\"https:\/\/350.org\/wp-content\/uploads\/2020\/07\/20200716_Just_Recovery_G20_Klerksdorp_South_Africa_8-1024x683.jpg\" alt=\"\" width=\"550\" height=\"367\" \/><\/a><p id=\"caption-attachment-128662\" class=\"wp-caption-text\">Klerksdorp<\/p><\/div>\n<h3><\/h3>\n<div id=\"attachment_128663\" style=\"width: 572px\" class=\"wp-caption aligncenter\"><a href=\"https:\/\/350.org\/wp-content\/uploads\/2020\/07\/20200716_Just_Recovery_G20_Pretoria_South_Africa_16-scaled.jpg\"><img loading=\"lazy\" decoding=\"async\" aria-describedby=\"caption-attachment-128663\" class=\"wp-image-128663\" src=\"https:\/\/350.org\/wp-content\/uploads\/2020\/07\/20200716_Just_Recovery_G20_Pretoria_South_Africa_16-1024x683.jpg\" alt=\"\" width=\"562\" height=\"375\" \/><\/a><p id=\"caption-attachment-128663\" class=\"wp-caption-text\">Pretoria<\/p><\/div>\n<h3>Filipinas<\/h3>\n<blockquote class=\"twitter-tweet\" data-width=\"500\" data-dnt=\"true\">\n<p lang=\"en\" dir=\"ltr\">Climate activists from 350 Pilipinas wielded pixelsticks and fairy lights in Manila, Philippines to call on the <a href=\"https:\/\/twitter.com\/hashtag\/G20?src=hash&amp;ref_src=twsrc%5Etfw\">#G20<\/a> leaders to prioritize <a href=\"https:\/\/twitter.com\/hashtag\/JustRecovery?src=hash&amp;ref_src=twsrc%5Etfw\">#JustRecovery<\/a> \u2013 demanding justice and a dignified, liveable future for all. <a href=\"https:\/\/t.co\/UUVS0luYeP\">pic.twitter.com\/UUVS0luYeP<\/a><\/p>\n<p>&mdash; 350 Asia (@350_asia) <a href=\"https:\/\/twitter.com\/350_asia\/status\/1284127066263154689?ref_src=twsrc%5Etfw\">July 17, 2020<\/a><\/p><\/blockquote>\n<p><script async src=\"https:\/\/platform.twitter.com\/widgets.js\" charset=\"utf-8\"><\/script><\/p>\n<p>&nbsp;<\/p>\n<h3>Brasil<\/h3>\n<p>Em Porto Alegre, ativistas projetaram uma mensagem contra o financiamento da energia \u00e0 base de carv\u00e3o nas paredes do maior banco da regi\u00e3o Sul.<br \/>\n<a href=\"https:\/\/350.org\/wp-content\/uploads\/2020\/07\/20200716_Just_Recovery_G20_Porto_Allegre_Brazil_FLM10-1-scaled.jpg\"><img loading=\"lazy\" decoding=\"async\" class=\"wp-image-128666 aligncenter\" src=\"https:\/\/350.org\/wp-content\/uploads\/2020\/07\/20200716_Just_Recovery_G20_Porto_Allegre_Brazil_FLM10-1-683x1024.jpg\" alt=\"\" width=\"442\" height=\"663\" \/><\/a><\/p>\n<p>Essas s\u00e3o somente algumas das muitas a\u00e7\u00f5es que aconteceram on e offline. E isso \u00e9 apenas o come\u00e7o. O movimento em prol de uma Recupera\u00e7\u00e3o Justa se torna mais forte a cada dia. Voc\u00ea pode se envolver com grupos locais, exigindo um futuro de justi\u00e7a e seguran\u00e7a clim\u00e1tica para todos. <a href=\"https:\/\/350.org\/pt\/g20\/#region\">Encontre a campanha mais pr\u00f3xima de onde voc\u00ea vive aqui.<\/a><\/p>\n","protected":false},"excerpt":{"rendered":"<p>A\u00e7\u00f5es mundiais coordenadas exigem que l\u00edderes econ\u00f4micos respondam \u00e0 pandemia com uma Recupera\u00e7\u00e3o Justa. Confira os destaques.<\/p>\n","protected":false},"author":10012072,"featured_media":136358,"comment_status":"closed","ping_status":"closed","sticky":false,"template":"","format":"standard","meta":{"_acf_changed":false,"footnotes":""},"categories":[694],"tags":[],"class_list":["post-136344","post","type-post","status-publish","format-standard","has-post-thumbnail","hentry","category-finance"],"acf":[],"yoast_head":"<!-- This site is optimized with the Yoast SEO Premium plugin v26.9 (Yoast SEO v28.3) - https:\/\/yoast.com\/product\/yoast-seo-premium-wordpress\/ -->\n<title>O mundo alertou o G20 - 350 Portugu\u00eas<\/title>\n<meta name=\"robots\" content=\"index, follow, max-snippet:-1, max-image-preview:large, max-video-preview:-1\" \/>\n<link rel=\"canonical\" href=\"https:\/\/350.org\/pt\/o-mundo-alertou-o-g20\/\" \/>\n<meta property=\"og:locale\" content=\"pt_BR\" \/>\n<meta property=\"og:type\" content=\"article\" \/>\n<meta property=\"og:title\" content=\"O mundo alertou o G20\" \/>\n<meta property=\"og:description\" content=\"A\u00e7\u00f5es mundiais coordenadas exigem que l\u00edderes econ\u00f4micos respondam \u00e0 pandemia com uma Recupera\u00e7\u00e3o Justa. Confira os destaques.\" \/>\n<meta property=\"og:url\" content=\"https:\/\/350.org\/pt\/o-mundo-alertou-o-g20\/\" \/>\n<meta property=\"og:site_name\" content=\"350 Portugu\u00eas\" \/>\n<meta property=\"article:published_time\" content=\"2020-07-23T14:19:04+00:00\" \/>\n<meta property=\"article:modified_time\" content=\"2023-10-01T08:44:15+00:00\" \/>\n<meta property=\"og:image\" content=\"https:\/\/350.org\/pt\/wp-content\/uploads\/sites\/12\/2020\/07\/bangladesh.jpg\" \/>\n\t<meta property=\"og:image:width\" content=\"960\" \/>\n\t<meta property=\"og:image:height\" content=\"640\" \/>\n\t<meta property=\"og:image:type\" content=\"image\/jpeg\" \/>\n<meta name=\"author\" content=\"Marie Rousseau\" \/>\n<meta name=\"twitter:card\" content=\"summary_large_image\" \/>\n<meta name=\"twitter:label1\" content=\"Escrito por\" \/>\n\t<meta name=\"twitter:data1\" content=\"Marie Rousseau\" \/>\n\t<meta name=\"twitter:label2\" content=\"Est. tempo de leitura\" \/>\n\t<meta name=\"twitter:data2\" content=\"2 minutos\" \/>\n<script type=\"application\/ld+json\" class=\"yoast-schema-graph\">{\"@context\":\"https:\\\/\\\/schema.org\",\"@graph\":[{\"@type\":\"Article\",\"@id\":\"https:\\\/\\\/350.org\\\/pt\\\/o-mundo-alertou-o-g20\\\/#article\",\"isPartOf\":{\"@id\":\"https:\\\/\\\/350.org\\\/pt\\\/o-mundo-alertou-o-g20\\\/\"},\"author\":{\"name\":\"Marie Rousseau\",\"@id\":\"https:\\\/\\\/350.org\\\/pt\\\/#\\\/schema\\\/person\\\/ed55ed4fbcf92f7aa643f6360a8e8f1d\"},\"headline\":\"O mundo alertou o G20\",\"datePublished\":\"2020-07-23T14:19:04+00:00\",\"dateModified\":\"2023-10-01T08:44:15+00:00\",\"mainEntityOfPage\":{\"@id\":\"https:\\\/\\\/350.org\\\/pt\\\/o-mundo-alertou-o-g20\\\/\"},\"wordCount\":430,\"image\":{\"@id\":\"https:\\\/\\\/350.org\\\/pt\\\/o-mundo-alertou-o-g20\\\/#primaryimage\"},\"thumbnailUrl\":\"https:\\\/\\\/350.org\\\/pt\\\/wp-content\\\/uploads\\\/sites\\\/12\\\/2020\\\/07\\\/bangladesh.jpg\",\"articleSection\":[\"Finance\"],\"inLanguage\":\"pt-BR\"},{\"@type\":\"WebPage\",\"@id\":\"https:\\\/\\\/350.org\\\/pt\\\/o-mundo-alertou-o-g20\\\/\",\"url\":\"https:\\\/\\\/350.org\\\/pt\\\/o-mundo-alertou-o-g20\\\/\",\"name\":\"O mundo alertou o G20 - 350 Portugu\u00eas\",\"isPartOf\":{\"@id\":\"https:\\\/\\\/350.org\\\/pt\\\/#website\"},\"primaryImageOfPage\":{\"@id\":\"https:\\\/\\\/350.org\\\/pt\\\/o-mundo-alertou-o-g20\\\/#primaryimage\"},\"image\":{\"@id\":\"https:\\\/\\\/350.org\\\/pt\\\/o-mundo-alertou-o-g20\\\/#primaryimage\"},\"thumbnailUrl\":\"https:\\\/\\\/350.org\\\/pt\\\/wp-content\\\/uploads\\\/sites\\\/12\\\/2020\\\/07\\\/bangladesh.jpg\",\"datePublished\":\"2020-07-23T14:19:04+00:00\",\"dateModified\":\"2023-10-01T08:44:15+00:00\",\"author\":{\"@id\":\"https:\\\/\\\/350.org\\\/pt\\\/#\\\/schema\\\/person\\\/ed55ed4fbcf92f7aa643f6360a8e8f1d\"},\"breadcrumb\":{\"@id\":\"https:\\\/\\\/350.org\\\/pt\\\/o-mundo-alertou-o-g20\\\/#breadcrumb\"},\"inLanguage\":\"pt-BR\",\"potentialAction\":[{\"@type\":\"ReadAction\",\"target\":[\"https:\\\/\\\/350.org\\\/pt\\\/o-mundo-alertou-o-g20\\\/\"]}]},{\"@type\":\"ImageObject\",\"inLanguage\":\"pt-BR\",\"@id\":\"https:\\\/\\\/350.org\\\/pt\\\/o-mundo-alertou-o-g20\\\/#primaryimage\",\"url\":\"https:\\\/\\\/350.org\\\/pt\\\/wp-content\\\/uploads\\\/sites\\\/12\\\/2020\\\/07\\\/bangladesh.jpg\",\"contentUrl\":\"https:\\\/\\\/350.org\\\/pt\\\/wp-content\\\/uploads\\\/sites\\\/12\\\/2020\\\/07\\\/bangladesh.jpg\",\"width\":960,\"height\":640},{\"@type\":\"BreadcrumbList\",\"@id\":\"https:\\\/\\\/350.org\\\/pt\\\/o-mundo-alertou-o-g20\\\/#breadcrumb\",\"itemListElement\":[{\"@type\":\"ListItem\",\"position\":1,\"name\":\"Home\",\"item\":\"https:\\\/\\\/350.org\\\/pt\\\/\"},{\"@type\":\"ListItem\",\"position\":2,\"name\":\"O mundo alertou o G20\"}]},{\"@type\":\"WebSite\",\"@id\":\"https:\\\/\\\/350.org\\\/pt\\\/#website\",\"url\":\"https:\\\/\\\/350.org\\\/pt\\\/\",\"name\":\"350 Portugu\u00eas\",\"description\":\"\",\"potentialAction\":[{\"@type\":\"SearchAction\",\"target\":{\"@type\":\"EntryPoint\",\"urlTemplate\":\"https:\\\/\\\/350.org\\\/pt\\\/?s={search_term_string}\"},\"query-input\":{\"@type\":\"PropertyValueSpecification\",\"valueRequired\":true,\"valueName\":\"search_term_string\"}}],\"inLanguage\":\"pt-BR\"},{\"@type\":\"Person\",\"@id\":\"https:\\\/\\\/350.org\\\/pt\\\/#\\\/schema\\\/person\\\/ed55ed4fbcf92f7aa643f6360a8e8f1d\",\"name\":\"Marie Rousseau\",\"image\":{\"@type\":\"ImageObject\",\"inLanguage\":\"pt-BR\",\"@id\":\"https:\\\/\\\/350.org\\\/wp-content\\\/uploads\\\/2017\\\/09\\\/Marie-Rousseau_avatar_1505222921-96x96.jpg\",\"url\":\"https:\\\/\\\/350.org\\\/wp-content\\\/uploads\\\/2017\\\/09\\\/Marie-Rousseau_avatar_1505222921-96x96.jpg\",\"contentUrl\":\"https:\\\/\\\/350.org\\\/wp-content\\\/uploads\\\/2017\\\/09\\\/Marie-Rousseau_avatar_1505222921-96x96.jpg\",\"caption\":\"Marie Rousseau\"},\"url\":\"https:\\\/\\\/350.org\\\/pt\\\/author\\\/marierousseau\\\/\"}]}<\/script>\n<!-- \/ Yoast SEO Premium plugin. -->","yoast_head_json":{"title":"O mundo alertou o G20 - 350 Portugu\u00eas","robots":{"index":"index","follow":"follow","max-snippet":"max-snippet:-1","max-image-preview":"max-image-preview:large","max-video-preview":"max-video-preview:-1"},"canonical":"https:\/\/350.org\/pt\/o-mundo-alertou-o-g20\/","og_locale":"pt_BR","og_type":"article","og_title":"O mundo alertou o G20","og_description":"A\u00e7\u00f5es mundiais coordenadas exigem que l\u00edderes econ\u00f4micos respondam \u00e0 pandemia com uma Recupera\u00e7\u00e3o Justa. Confira os destaques.","og_url":"https:\/\/350.org\/pt\/o-mundo-alertou-o-g20\/","og_site_name":"350 Portugu\u00eas","article_published_time":"2020-07-23T14:19:04+00:00","article_modified_time":"2023-10-01T08:44:15+00:00","og_image":[{"width":960,"height":640,"url":"https:\/\/350.org\/pt\/wp-content\/uploads\/sites\/12\/2020\/07\/bangladesh.jpg","type":"image\/jpeg"}],"author":"Marie Rousseau","twitter_card":"summary_large_image","twitter_misc":{"Escrito por":"Marie Rousseau","Est. tempo de leitura":"2 minutos"},"schema":{"@context":"https:\/\/schema.org","@graph":[{"@type":"Article","@id":"https:\/\/350.org\/pt\/o-mundo-alertou-o-g20\/#article","isPartOf":{"@id":"https:\/\/350.org\/pt\/o-mundo-alertou-o-g20\/"},"author":{"name":"Marie Rousseau","@id":"https:\/\/350.org\/pt\/#\/schema\/person\/ed55ed4fbcf92f7aa643f6360a8e8f1d"},"headline":"O mundo alertou o G20","datePublished":"2020-07-23T14:19:04+00:00","dateModified":"2023-10-01T08:44:15+00:00","mainEntityOfPage":{"@id":"https:\/\/350.org\/pt\/o-mundo-alertou-o-g20\/"},"wordCount":430,"image":{"@id":"https:\/\/350.org\/pt\/o-mundo-alertou-o-g20\/#primaryimage"},"thumbnailUrl":"https:\/\/350.org\/pt\/wp-content\/uploads\/sites\/12\/2020\/07\/bangladesh.jpg","articleSection":["Finance"],"inLanguage":"pt-BR"},{"@type":"WebPage","@id":"https:\/\/350.org\/pt\/o-mundo-alertou-o-g20\/","url":"https:\/\/350.org\/pt\/o-mundo-alertou-o-g20\/","name":"O mundo alertou o G20 - 350 Portugu\u00eas","isPartOf":{"@id":"https:\/\/350.org\/pt\/#website"},"primaryImageOfPage":{"@id":"https:\/\/350.org\/pt\/o-mundo-alertou-o-g20\/#primaryimage"},"image":{"@id":"https:\/\/350.org\/pt\/o-mundo-alertou-o-g20\/#primaryimage"},"thumbnailUrl":"https:\/\/350.org\/pt\/wp-content\/uploads\/sites\/12\/2020\/07\/bangladesh.jpg","datePublished":"2020-07-23T14:19:04+00:00","dateModified":"2023-10-01T08:44:15+00:00","author":{"@id":"https:\/\/350.org\/pt\/#\/schema\/person\/ed55ed4fbcf92f7aa643f6360a8e8f1d"},"breadcrumb":{"@id":"https:\/\/350.org\/pt\/o-mundo-alertou-o-g20\/#breadcrumb"},"inLanguage":"pt-BR","potentialAction":[{"@type":"ReadAction","target":["https:\/\/350.org\/pt\/o-mundo-alertou-o-g20\/"]}]},{"@type":"ImageObject","inLanguage":"pt-BR","@id":"https:\/\/350.org\/pt\/o-mundo-alertou-o-g20\/#primaryimage","url":"https:\/\/350.org\/pt\/wp-content\/uploads\/sites\/12\/2020\/07\/bangladesh.jpg","contentUrl":"https:\/\/350.org\/pt\/wp-content\/uploads\/sites\/12\/2020\/07\/bangladesh.jpg","width":960,"height":640},{"@type":"BreadcrumbList","@id":"https:\/\/350.org\/pt\/o-mundo-alertou-o-g20\/#breadcrumb","itemListElement":[{"@type":"ListItem","position":1,"name":"Home","item":"https:\/\/350.org\/pt\/"},{"@type":"ListItem","position":2,"name":"O mundo alertou o G20"}]},{"@type":"WebSite","@id":"https:\/\/350.org\/pt\/#website","url":"https:\/\/350.org\/pt\/","name":"350 Portugu\u00eas","description":"","potentialAction":[{"@type":"SearchAction","target":{"@type":"EntryPoint","urlTemplate":"https:\/\/350.org\/pt\/?s={search_term_string}"},"query-input":{"@type":"PropertyValueSpecification","valueRequired":true,"valueName":"search_term_string"}}],"inLanguage":"pt-BR"},{"@type":"Person","@id":"https:\/\/350.org\/pt\/#\/schema\/person\/ed55ed4fbcf92f7aa643f6360a8e8f1d","name":"Marie Rousseau","image":{"@type":"ImageObject","inLanguage":"pt-BR","@id":"https:\/\/350.org\/wp-content\/uploads\/2017\/09\/Marie-Rousseau_avatar_1505222921-96x96.jpg","url":"https:\/\/350.org\/wp-content\/uploads\/2017\/09\/Marie-Rousseau_avatar_1505222921-96x96.jpg","contentUrl":"https:\/\/350.org\/wp-content\/uploads\/2017\/09\/Marie-Rousseau_avatar_1505222921-96x96.jpg","caption":"Marie Rousseau"},"url":"https:\/\/350.org\/pt\/author\/marierousseau\/"}]}},"_links":{"self":[{"href":"https:\/\/350.org\/pt\/wp-json\/wp\/v2\/posts\/136344","targetHints":{"allow":["GET"]}}],"collection":[{"href":"https:\/\/350.org\/pt\/wp-json\/wp\/v2\/posts"}],"about":[{"href":"https:\/\/350.org\/pt\/wp-json\/wp\/v2\/types\/post"}],"author":[{"embeddable":true,"href":"https:\/\/350.org\/pt\/wp-json\/wp\/v2\/users\/10012072"}],"replies":[{"embeddable":true,"href":"https:\/\/350.org\/pt\/wp-json\/wp\/v2\/comments?post=136344"}],"version-history":[{"count":0,"href":"https:\/\/350.org\/pt\/wp-json\/wp\/v2\/posts\/136344\/revisions"}],"wp:featuredmedia":[{"embeddable":true,"href":"https:\/\/350.org\/pt\/wp-json\/wp\/v2\/media\/136358"}],"wp:attachment":[{"href":"https:\/\/350.org\/pt\/wp-json\/wp\/v2\/media?parent=136344"}],"wp:term":[{"taxonomy":"category","embeddable":true,"href":"https:\/\/350.org\/pt\/wp-json\/wp\/v2\/categories?post=136344"},{"taxonomy":"post_tag","embeddable":true,"href":"https:\/\/350.org\/pt\/wp-json\/wp\/v2\/tags?post=136344"}],"curies":[{"name":"wp","href":"https:\/\/api.w.org\/{rel}","templated":true}]}}