{"id":138260,"date":"2023-04-12T17:57:53","date_gmt":"2023-04-12T20:57:53","guid":{"rendered":"https:\/\/350.org\/pt\/?p=138260"},"modified":"2024-09-10T08:21:17","modified_gmt":"2024-09-10T11:21:17","slug":"a-ciencia-trabalha-com-fatos-temos-as-ferramentas-para-resolver-a-crise-climatica","status":"publish","type":"post","link":"https:\/\/350.org\/pt\/a-ciencia-trabalha-com-fatos-temos-as-ferramentas-para-resolver-a-crise-climatica\/","title":{"rendered":"A ci\u00eancia trabalha com fatos: temos as ferramentas para resolver a crise clim\u00e1tica"},"content":{"rendered":"<p>Os relat\u00f3rios do IPCC parecem um pesadelo para quem acompanha as not\u00edcias clim\u00e1ticas nesta \u00faltima d\u00e9cada. Outro alerta sobre o fim de uma janela de oportunidade, outra chance para que alarmistas da desgra\u00e7a gritem &#8220;Estamos perdidos!&#8221; do alto de suas casas nas redes sociais. Mas, ao observar o relat\u00f3rio real, a mensagem pode ser bem diferente. A ci\u00eancia \u00e9 muito clara: temos as solu\u00e7\u00f5es de que necessitamos. S\u00f3 precisamos aplic\u00e1-las!<\/p>\n<h5>As solu\u00e7\u00f5es est\u00e3o dispon\u00edveise<\/h5>\n<p><span style=\"font-weight: 400;\">Estamos com sorte: n\u00e3o precisamos esperar por avan\u00e7os tecnol\u00f3gicos inovadores! N\u00e3o precisamos aguardar solu\u00e7\u00f5es milagrosas, pois j\u00e1 temos as solu\u00e7\u00f5es. <strong>O IPCC at\u00e9 as menciona e, sim, as energias solar e e\u00f3lica est\u00e3o no topo da lista.<\/strong> Al\u00e9m disso, cientistas do mundo todo indicam outras solu\u00e7\u00f5es vi\u00e1veis, replic\u00e1veis em larga escala e acess\u00edveis que podem ser implementadas na comunidade, como a eletrifica\u00e7\u00e3o de sistemas urbanos e o aumento da efici\u00eancia energ\u00e9tica, entre outras.<\/span><\/p>\n<p><span style=\"font-weight: 400;\">N\u00e3o precisamos de milagres tecnol\u00f3gicos para resolver a crise clim\u00e1tica. Precisamos reduzir as emiss\u00f5es e fazer o necess\u00e1rio para parar de queimar combust\u00edveis f\u00f3sseis. Em setores para os quais j\u00e1 h\u00e1 substitutos dispon\u00edveis, como a produ\u00e7\u00e3o de energia (respons\u00e1vel pela maior parte das emiss\u00f5es), isso deve ser feito imediatamente.<\/span><\/p>\n<blockquote><p>A ci\u00eancia \u00e9 clara: as energias solar e e\u00f3lica est\u00e3o dispon\u00edveis, s\u00e3o baratas e replic\u00e1veis em larga escala.<\/p><\/blockquote>\n<p><span style=\"font-weight: 400;\">A segunda melhor medida de mitiga\u00e7\u00e3o \u00e9 reduzir o metano proveniente do petr\u00f3leo, g\u00e1s e carv\u00e3o. Iniciativas experimentais, como a captura e sequestro de carbono (CSC), a bioeletricidade ou a energia geot\u00e9rmica foram deixadas para tr\u00e1s, enquanto medidas sujas de baixo carbono, como a energia nuclear, n\u00e3o conseguem competir com as energias solar e e\u00f3lica. O IPCC as menciona como poss\u00edveis medidas de mitiga\u00e7\u00e3o <em>adicionais<\/em>. Mas, na verdade, elas podem ser um pequeno incentivo a mais para a solu\u00e7\u00e3o real, que \u00e9 mudar radicalmente nossos sistemas de energia ao investir em fontes renov\u00e1veis. <\/span><\/p>\n<div id=\"attachment_191690\" style=\"width: 609px\" class=\"wp-caption aligncenter\"><img loading=\"lazy\" decoding=\"async\" aria-describedby=\"caption-attachment-191690\" class=\"size-full wp-image-191690\" src=\"https:\/\/350.org\/wp-content\/uploads\/2023\/03\/solutions-figure.jpg\" alt=\"gr\u00e1fico que mostra diferentes medidas de mitiga\u00e7\u00e3o, com as energias solar e e\u00f3lica como as melhores\" width=\"599\" height=\"376\" \/><p id=\"caption-attachment-191690\" class=\"wp-caption-text\"><em>Solu\u00e7\u00f5es de mitiga\u00e7\u00e3o, classificadas por potencial contribui\u00e7\u00e3o. De cima para baixo: Solar; E\u00f3lica; Redu\u00e7\u00e3o do metano proveniente do carv\u00e3o, petr\u00f3leo e g\u00e1s; Bioeletricidade (inclui BECCS); Energia geot\u00e9rmica e hidrel\u00e9trica; Nuclear; Captura e sequestro de carbono (CSC) f\u00f3ssil. O c\u00f3digo de cores representa os custos l\u00edquidos ao longo da vida de cada op\u00e7\u00e3o (sendo azul a mais barata e vermelho escuro a mais cara) \/\/ Fonte: Sexto Relat\u00f3rio de Avalia\u00e7\u00e3o do IPCC. Relat\u00f3rio de S\u00edntese. Sum\u00e1rio para os Formuladores de Pol\u00edticas. (adapta\u00e7\u00e3o)<\/em><\/p><\/div>\n<h5><\/h5>\n<h5>As solu\u00e7\u00f5es s\u00e3o urgentes e valem a pena<\/h5>\n<p><span style=\"font-weight: 400;\">A meta de 1.5 \u00baC ainda est\u00e1 viva e, para alcan\u00e7\u00e1-la, \u00e9 necess\u00e1ria uma redu\u00e7\u00e3o profunda e imediata das emiss\u00f5es globais de gases de efeito estufa. A ci\u00eancia afirma que podemos continuar com um aquecimento abaixo de 1.5 \u00baC e, se conseguirmos, salvaremos incont\u00e1veis vidas e meios de subsist\u00eancia, a maioria no Hemisf\u00e9rio Sul. N\u00e3o vale o esfor\u00e7o?<\/span><\/p>\n<p><span style=\"font-weight: 400;\">O IPCC afirma que algumas mudan\u00e7as s\u00e3o inevit\u00e1veis, mas podem ser limitadas se agirmos de maneira r\u00e1pida e ousada para reduzir<\/span><span style=\"font-weight: 400;\"> as emiss\u00f5es globais de gases de efeito estufa.<\/span><\/p>\n<blockquote><p><span style=\"font-weight: 400;\">&#8220;A mitiga\u00e7\u00e3o profunda, r\u00e1pida e constante e a implementa\u00e7\u00e3o acelerada de a\u00e7\u00f5es de adapta\u00e7\u00e3o nesta <\/span><span style=\"font-weight: 400;\">d\u00e9cada reduzir\u00e3o as perdas e danos previstos para os seres humanos e os ecossistemas [&#8230;] e trar\u00e3o muitos benef\u00edcios, principalmente para a qualidade do ar e a sa\u00fade [&#8230;]. O atraso na mitiga\u00e7\u00e3o e nas a\u00e7\u00f5es de adapta\u00e7\u00e3o comprometeria a infraestrutura de altas emiss\u00f5es, elevaria os riscos de ativos ociosos e o aumento de custos, reduziria a viabilidade e aumentaria as perdas e danos [&#8230;].&#8221;<\/span><\/p><\/blockquote>\n<h5><b>As solu\u00e7\u00f5es s\u00e3o de interesse de todos<\/b><\/h5>\n<p><span style=\"font-weight: 400;\">Exceto as pessoas que enchem os bolsos com a ind\u00fastria dos combust\u00edveis f\u00f3sseis e pessoas aliadas, as solu\u00e7\u00f5es melhorar\u00e3o a condi\u00e7\u00e3o de vida em comunidades do mundo todo. Elas garantir\u00e3o um mundo mais justo e equitativo, acesso a energia limpa e abundante a todes e um meio-ambiente mais saud\u00e1vel. <\/span><\/p>\n<p><span style=\"font-weight: 400;\">De acordo com o IPCC, &#8220;muitas a\u00e7\u00f5es de mitiga\u00e7\u00e3o trariam benef\u00edcios para a sa\u00fade por meio da redu\u00e7\u00e3o da polui\u00e7\u00e3o atmosf\u00e9rica, mobilidade ativa (ex.: caminhar, andar de bicicleta) e mudan\u00e7a para dietas saud\u00e1veis sustent\u00e1veis. [&#8230;] A adapta\u00e7\u00e3o pode gerar v\u00e1rios benef\u00edcios adicionais, como melhora na produtividade agr\u00edcola, inova\u00e7\u00e3o, sa\u00fade e bem-estar, seguran\u00e7a alimentar, meios de subsist\u00eancia e conserva\u00e7\u00e3o da biodiversidade&#8221;.<\/span><\/p>\n<div id=\"attachment_191911\" style=\"width: 710px\" class=\"wp-caption aligncenter\"><img loading=\"lazy\" decoding=\"async\" aria-describedby=\"caption-attachment-191911\" class=\"wp-image-191911 size-medium\" src=\"https:\/\/350.org\/wp-content\/uploads\/2023\/03\/20220422_Earth_Day_Ministry_of_Investment_Jakarta_Indonesia_JS_21-700x467.jpg\" alt=\"\" width=\"700\" height=\"467\" \/><p id=\"caption-attachment-191911\" class=\"wp-caption-text\"><em>Defensores do clima, a 350.org e parceiros protestam em frente ao Minist\u00e9rio do Investimento da Indon\u00e9sia em abril de 2022, exigindo que o governo suspenda os investimentos em projetos de combust\u00edveis f\u00f3sseis. Cr\u00e9ditos da foto: Jurnasyanto Soekarno<\/em><\/p><\/div>\n<p>&nbsp;<\/p>\n<h5>Os compromissos<b> atuais n\u00e3o s\u00e3o suficientes<\/b><\/h5>\n<p><span style=\"font-weight: 400;\">Temos as solu\u00e7\u00f5es de que precisamos. Se n\u00e3o as implementamos na escala necess\u00e1ria, n\u00e3o \u00e9 porque n\u00e3o podemos: \u00e9 porque decidimos n\u00e3o fazer isso. <strong>O relat\u00f3rio do IPCC ressalta que a falta de implementa\u00e7\u00e3o ocorre, principalmente, por limita\u00e7\u00f5es financeiras, de desenvolvimento e transfer\u00eancia de tecnologia e de capacidade.<\/strong> Isso \u00e9 particularmente verdadeiro para pa\u00edses mais pobres (aqueles que, historicamente, s\u00e3o menos respons\u00e1veis pelo aquecimento global).<\/span><\/p>\n<p><span style=\"font-weight: 400;\">As solu\u00e7\u00f5es dependem de governos, organiza\u00e7\u00f5es intergovernamentais, sociedade civil e setor privado. Todos temos um papel a desempenhar, mas, para come\u00e7ar, o IPCC deixa algo claro: os governos do mundo precisam melhorar. Seus compromissos atuais (conhecidos na diplomacia clim\u00e1tica como &#8220;Contribui\u00e7\u00f5es Nacionalmente Determinadas&#8221;, ou NDCs) simplesmente n\u00e3o est\u00e3o alinhados com um futuro vi\u00e1vel, justo e equitativo para todes. Estamos na dire\u00e7\u00e3o certa, mas n\u00e3o com a velocidade suficiente.<\/span><\/p>\n<p><span style=\"font-weight: 400;\">\u00c9 nossa responsabilidade pressionar as pessoas que tomam decis\u00f5es para que abandonem os combust\u00edveis f\u00f3sseis e implementem energias renov\u00e1veis o mais r\u00e1pido poss\u00edvel. \u00c9 isso que n\u00f3s, da 350.org, estamos fazendo. <a href=\"https:\/\/350.org\/get-involved\/\">Junte-se a n\u00f3s<\/a>!<\/span><\/p>\n<hr \/>\n<p><em><strong><span class=\"Y2IQFc\" lang=\"pt\">Mais sobre solu\u00e7\u00f5es renov\u00e1veis \u200b\u200bpara uma transi\u00e7\u00e3o justa:<br \/>\n<\/span><\/strong><\/em><\/p>\n<ul>\n<li style=\"list-style-type: none;\">\n<ul>\n<li id=\"tw-target-text\" class=\"tw-data-text tw-text-large tw-ta\" dir=\"ltr\" data-placeholder=\"Translation\" aria-label=\"Translated text\" data-ved=\"2ahUKEwi7nOCNnbiIAxWISfEDHQOmCr0Q3ewLegQIBxAU\"><strong><em><a href=\"https:\/\/350.org\/pt\/utilizar-o-poder-da-comunidade-para-moldar-nosso-futuro-climatico-historias-de-impacto-e-resiliencia\/\"><span class=\"Y2IQFc\" lang=\"pt\">Poder Comunit\u00e1rio: hist\u00f3rias de impacto e resili\u00eancia<\/span><\/a><\/em><\/strong><\/li>\n<li class=\"tw-data-text tw-text-large tw-ta\" dir=\"ltr\" data-placeholder=\"Translation\" aria-label=\"Translated text\" data-ved=\"2ahUKEwi7nOCNnbiIAxWISfEDHQOmCr0Q3ewLegQIBxAU\"><em style=\"font-family: Menlo, Monaco, Consolas, 'Lucida Console', 'Liberation Mono', 'DejaVu Sans Mono', 'Bitstream Vera Sans Mono', 'Courier New', monospace, serif; white-space-collapse: preserve-breaks;\"><a href=\"https:\/\/350.org\/pt\/seu-guia-para-energia-renovavel-energia-eolica\/\"><span class=\"Y2IQFc\" lang=\"pt\">Energia E\u00f3lica<\/span><\/a><\/em><\/li>\n<\/ul>\n<\/li>\n<\/ul>\n","protected":false},"excerpt":{"rendered":"<p>As solu\u00e7\u00f5es est\u00e3o em nossas m\u00e3os. As fontes de energia renov\u00e1vel est\u00e3o no topo da lista, e precisamos implement\u00e1-las rapidamente.<\/p>\n","protected":false},"author":10012089,"featured_media":138265,"comment_status":"closed","ping_status":"closed","sticky":false,"template":"","format":"standard","meta":{"_acf_changed":false,"footnotes":""},"categories":[16,4,731],"tags":[728,569,729,730],"class_list":["post-138260","post","type-post","status-publish","format-standard","has-post-thumbnail","hentry","category-justice","category-featured","category-solutions","tag-climate-justice","tag-ipcc","tag-science","tag-solutions"],"acf":[],"yoast_head":"<!-- This site is optimized with the Yoast SEO Premium plugin v26.9 (Yoast SEO v27.5) - https:\/\/yoast.com\/product\/yoast-seo-premium-wordpress\/ -->\n<title>A ci\u00eancia trabalha com fatos: temos as ferramentas para resolver a crise clim\u00e1tica - 350 Portugu\u00eas<\/title>\n<meta name=\"robots\" content=\"index, follow, max-snippet:-1, max-image-preview:large, max-video-preview:-1\" \/>\n<link rel=\"canonical\" href=\"https:\/\/350.org\/pt\/a-ciencia-trabalha-com-fatos-temos-as-ferramentas-para-resolver-a-crise-climatica\/\" \/>\n<meta property=\"og:locale\" content=\"pt_BR\" \/>\n<meta property=\"og:type\" content=\"article\" \/>\n<meta property=\"og:title\" content=\"A ci\u00eancia trabalha com fatos: temos as ferramentas para resolver a crise clim\u00e1tica\" \/>\n<meta property=\"og:description\" content=\"As solu\u00e7\u00f5es est\u00e3o em nossas m\u00e3os. As fontes de energia renov\u00e1vel est\u00e3o no topo da lista, e precisamos implement\u00e1-las rapidamente.\" \/>\n<meta property=\"og:url\" content=\"https:\/\/350.org\/pt\/a-ciencia-trabalha-com-fatos-temos-as-ferramentas-para-resolver-a-crise-climatica\/\" \/>\n<meta property=\"og:site_name\" content=\"350 Portugu\u00eas\" \/>\n<meta property=\"article:published_time\" content=\"2023-04-12T20:57:53+00:00\" \/>\n<meta property=\"article:modified_time\" content=\"2024-09-10T11:21:17+00:00\" \/>\n<meta property=\"og:image\" content=\"https:\/\/350.org\/pt\/wp-content\/uploads\/sites\/12\/2023\/04\/20220301_PV_Turn_Over_Limasawa_KLL_24.jpg\" \/>\n\t<meta property=\"og:image:width\" content=\"2250\" \/>\n\t<meta property=\"og:image:height\" content=\"1500\" \/>\n\t<meta property=\"og:image:type\" content=\"image\/jpeg\" \/>\n<meta name=\"author\" content=\"santiago\" \/>\n<meta name=\"twitter:card\" content=\"summary_large_image\" \/>\n<meta name=\"twitter:label1\" content=\"Escrito por\" \/>\n\t<meta name=\"twitter:data1\" content=\"santiago\" \/>\n\t<meta name=\"twitter:label2\" content=\"Est. tempo de leitura\" \/>\n\t<meta name=\"twitter:data2\" content=\"5 minutos\" \/>\n<script type=\"application\/ld+json\" class=\"yoast-schema-graph\">{\"@context\":\"https:\\\/\\\/schema.org\",\"@graph\":[{\"@type\":\"Article\",\"@id\":\"https:\\\/\\\/350.org\\\/pt\\\/a-ciencia-trabalha-com-fatos-temos-as-ferramentas-para-resolver-a-crise-climatica\\\/#article\",\"isPartOf\":{\"@id\":\"https:\\\/\\\/350.org\\\/pt\\\/a-ciencia-trabalha-com-fatos-temos-as-ferramentas-para-resolver-a-crise-climatica\\\/\"},\"author\":{\"name\":\"santiago\",\"@id\":\"https:\\\/\\\/350.org\\\/pt\\\/#\\\/schema\\\/person\\\/4521a6c0ad724d2f86ad0cbc1c0502bb\"},\"headline\":\"A ci\u00eancia trabalha com fatos: temos as ferramentas para resolver a crise clim\u00e1tica\",\"datePublished\":\"2023-04-12T20:57:53+00:00\",\"dateModified\":\"2024-09-10T11:21:17+00:00\",\"mainEntityOfPage\":{\"@id\":\"https:\\\/\\\/350.org\\\/pt\\\/a-ciencia-trabalha-com-fatos-temos-as-ferramentas-para-resolver-a-crise-climatica\\\/\"},\"wordCount\":1101,\"image\":{\"@id\":\"https:\\\/\\\/350.org\\\/pt\\\/a-ciencia-trabalha-com-fatos-temos-as-ferramentas-para-resolver-a-crise-climatica\\\/#primaryimage\"},\"thumbnailUrl\":\"https:\\\/\\\/350.org\\\/pt\\\/wp-content\\\/uploads\\\/sites\\\/12\\\/2023\\\/04\\\/20220301_PV_Turn_Over_Limasawa_KLL_24.jpg\",\"keywords\":[\"Climate Justice\",\"IPCC\",\"science\",\"solutions\"],\"articleSection\":[\"Climate Justice\",\"Featured\",\"Solutions\"],\"inLanguage\":\"pt-BR\"},{\"@type\":\"WebPage\",\"@id\":\"https:\\\/\\\/350.org\\\/pt\\\/a-ciencia-trabalha-com-fatos-temos-as-ferramentas-para-resolver-a-crise-climatica\\\/\",\"url\":\"https:\\\/\\\/350.org\\\/pt\\\/a-ciencia-trabalha-com-fatos-temos-as-ferramentas-para-resolver-a-crise-climatica\\\/\",\"name\":\"A ci\u00eancia trabalha com fatos: temos as ferramentas para resolver a crise clim\u00e1tica - 350 Portugu\u00eas\",\"isPartOf\":{\"@id\":\"https:\\\/\\\/350.org\\\/pt\\\/#website\"},\"primaryImageOfPage\":{\"@id\":\"https:\\\/\\\/350.org\\\/pt\\\/a-ciencia-trabalha-com-fatos-temos-as-ferramentas-para-resolver-a-crise-climatica\\\/#primaryimage\"},\"image\":{\"@id\":\"https:\\\/\\\/350.org\\\/pt\\\/a-ciencia-trabalha-com-fatos-temos-as-ferramentas-para-resolver-a-crise-climatica\\\/#primaryimage\"},\"thumbnailUrl\":\"https:\\\/\\\/350.org\\\/pt\\\/wp-content\\\/uploads\\\/sites\\\/12\\\/2023\\\/04\\\/20220301_PV_Turn_Over_Limasawa_KLL_24.jpg\",\"datePublished\":\"2023-04-12T20:57:53+00:00\",\"dateModified\":\"2024-09-10T11:21:17+00:00\",\"author\":{\"@id\":\"https:\\\/\\\/350.org\\\/pt\\\/#\\\/schema\\\/person\\\/4521a6c0ad724d2f86ad0cbc1c0502bb\"},\"breadcrumb\":{\"@id\":\"https:\\\/\\\/350.org\\\/pt\\\/a-ciencia-trabalha-com-fatos-temos-as-ferramentas-para-resolver-a-crise-climatica\\\/#breadcrumb\"},\"inLanguage\":\"pt-BR\",\"potentialAction\":[{\"@type\":\"ReadAction\",\"target\":[\"https:\\\/\\\/350.org\\\/pt\\\/a-ciencia-trabalha-com-fatos-temos-as-ferramentas-para-resolver-a-crise-climatica\\\/\"]}]},{\"@type\":\"ImageObject\",\"inLanguage\":\"pt-BR\",\"@id\":\"https:\\\/\\\/350.org\\\/pt\\\/a-ciencia-trabalha-com-fatos-temos-as-ferramentas-para-resolver-a-crise-climatica\\\/#primaryimage\",\"url\":\"https:\\\/\\\/350.org\\\/pt\\\/wp-content\\\/uploads\\\/sites\\\/12\\\/2023\\\/04\\\/20220301_PV_Turn_Over_Limasawa_KLL_24.jpg\",\"contentUrl\":\"https:\\\/\\\/350.org\\\/pt\\\/wp-content\\\/uploads\\\/sites\\\/12\\\/2023\\\/04\\\/20220301_PV_Turn_Over_Limasawa_KLL_24.jpg\",\"width\":2250,\"height\":1500,\"caption\":\"RE-serve Corps volunteer assists the installation of solar panels on top of San Agustin Barangay Hall.\"},{\"@type\":\"BreadcrumbList\",\"@id\":\"https:\\\/\\\/350.org\\\/pt\\\/a-ciencia-trabalha-com-fatos-temos-as-ferramentas-para-resolver-a-crise-climatica\\\/#breadcrumb\",\"itemListElement\":[{\"@type\":\"ListItem\",\"position\":1,\"name\":\"Home\",\"item\":\"https:\\\/\\\/350.org\\\/pt\\\/\"},{\"@type\":\"ListItem\",\"position\":2,\"name\":\"A ci\u00eancia trabalha com fatos: temos as ferramentas para resolver a crise clim\u00e1tica\"}]},{\"@type\":\"WebSite\",\"@id\":\"https:\\\/\\\/350.org\\\/pt\\\/#website\",\"url\":\"https:\\\/\\\/350.org\\\/pt\\\/\",\"name\":\"350 Portugu\u00eas\",\"description\":\"\",\"potentialAction\":[{\"@type\":\"SearchAction\",\"target\":{\"@type\":\"EntryPoint\",\"urlTemplate\":\"https:\\\/\\\/350.org\\\/pt\\\/?s={search_term_string}\"},\"query-input\":{\"@type\":\"PropertyValueSpecification\",\"valueRequired\":true,\"valueName\":\"search_term_string\"}}],\"inLanguage\":\"pt-BR\"},{\"@type\":\"Person\",\"@id\":\"https:\\\/\\\/350.org\\\/pt\\\/#\\\/schema\\\/person\\\/4521a6c0ad724d2f86ad0cbc1c0502bb\",\"name\":\"santiago\",\"image\":{\"@type\":\"ImageObject\",\"inLanguage\":\"pt-BR\",\"@id\":\"https:\\\/\\\/secure.gravatar.com\\\/avatar\\\/a23fe01f4353420aa60b4c4a41e4a4dece65384f1ea1908a97b5f2fe1e4924ce?s=96&d=mm&r=g\",\"url\":\"https:\\\/\\\/secure.gravatar.com\\\/avatar\\\/a23fe01f4353420aa60b4c4a41e4a4dece65384f1ea1908a97b5f2fe1e4924ce?s=96&d=mm&r=g\",\"contentUrl\":\"https:\\\/\\\/secure.gravatar.com\\\/avatar\\\/a23fe01f4353420aa60b4c4a41e4a4dece65384f1ea1908a97b5f2fe1e4924ce?s=96&d=mm&r=g\",\"caption\":\"santiago\"},\"url\":\"https:\\\/\\\/350.org\\\/pt\\\/author\\\/santiago\\\/\"}]}<\/script>\n<!-- \/ Yoast SEO Premium plugin. -->","yoast_head_json":{"title":"A ci\u00eancia trabalha com fatos: temos as ferramentas para resolver a crise clim\u00e1tica - 350 Portugu\u00eas","robots":{"index":"index","follow":"follow","max-snippet":"max-snippet:-1","max-image-preview":"max-image-preview:large","max-video-preview":"max-video-preview:-1"},"canonical":"https:\/\/350.org\/pt\/a-ciencia-trabalha-com-fatos-temos-as-ferramentas-para-resolver-a-crise-climatica\/","og_locale":"pt_BR","og_type":"article","og_title":"A ci\u00eancia trabalha com fatos: temos as ferramentas para resolver a crise clim\u00e1tica","og_description":"As solu\u00e7\u00f5es est\u00e3o em nossas m\u00e3os. As fontes de energia renov\u00e1vel est\u00e3o no topo da lista, e precisamos implement\u00e1-las rapidamente.","og_url":"https:\/\/350.org\/pt\/a-ciencia-trabalha-com-fatos-temos-as-ferramentas-para-resolver-a-crise-climatica\/","og_site_name":"350 Portugu\u00eas","article_published_time":"2023-04-12T20:57:53+00:00","article_modified_time":"2024-09-10T11:21:17+00:00","og_image":[{"width":2250,"height":1500,"url":"https:\/\/350.org\/pt\/wp-content\/uploads\/sites\/12\/2023\/04\/20220301_PV_Turn_Over_Limasawa_KLL_24.jpg","type":"image\/jpeg"}],"author":"santiago","twitter_card":"summary_large_image","twitter_misc":{"Escrito por":"santiago","Est. tempo de leitura":"5 minutos"},"schema":{"@context":"https:\/\/schema.org","@graph":[{"@type":"Article","@id":"https:\/\/350.org\/pt\/a-ciencia-trabalha-com-fatos-temos-as-ferramentas-para-resolver-a-crise-climatica\/#article","isPartOf":{"@id":"https:\/\/350.org\/pt\/a-ciencia-trabalha-com-fatos-temos-as-ferramentas-para-resolver-a-crise-climatica\/"},"author":{"name":"santiago","@id":"https:\/\/350.org\/pt\/#\/schema\/person\/4521a6c0ad724d2f86ad0cbc1c0502bb"},"headline":"A ci\u00eancia trabalha com fatos: temos as ferramentas para resolver a crise clim\u00e1tica","datePublished":"2023-04-12T20:57:53+00:00","dateModified":"2024-09-10T11:21:17+00:00","mainEntityOfPage":{"@id":"https:\/\/350.org\/pt\/a-ciencia-trabalha-com-fatos-temos-as-ferramentas-para-resolver-a-crise-climatica\/"},"wordCount":1101,"image":{"@id":"https:\/\/350.org\/pt\/a-ciencia-trabalha-com-fatos-temos-as-ferramentas-para-resolver-a-crise-climatica\/#primaryimage"},"thumbnailUrl":"https:\/\/350.org\/pt\/wp-content\/uploads\/sites\/12\/2023\/04\/20220301_PV_Turn_Over_Limasawa_KLL_24.jpg","keywords":["Climate Justice","IPCC","science","solutions"],"articleSection":["Climate Justice","Featured","Solutions"],"inLanguage":"pt-BR"},{"@type":"WebPage","@id":"https:\/\/350.org\/pt\/a-ciencia-trabalha-com-fatos-temos-as-ferramentas-para-resolver-a-crise-climatica\/","url":"https:\/\/350.org\/pt\/a-ciencia-trabalha-com-fatos-temos-as-ferramentas-para-resolver-a-crise-climatica\/","name":"A ci\u00eancia trabalha com fatos: temos as ferramentas para resolver a crise clim\u00e1tica - 350 Portugu\u00eas","isPartOf":{"@id":"https:\/\/350.org\/pt\/#website"},"primaryImageOfPage":{"@id":"https:\/\/350.org\/pt\/a-ciencia-trabalha-com-fatos-temos-as-ferramentas-para-resolver-a-crise-climatica\/#primaryimage"},"image":{"@id":"https:\/\/350.org\/pt\/a-ciencia-trabalha-com-fatos-temos-as-ferramentas-para-resolver-a-crise-climatica\/#primaryimage"},"thumbnailUrl":"https:\/\/350.org\/pt\/wp-content\/uploads\/sites\/12\/2023\/04\/20220301_PV_Turn_Over_Limasawa_KLL_24.jpg","datePublished":"2023-04-12T20:57:53+00:00","dateModified":"2024-09-10T11:21:17+00:00","author":{"@id":"https:\/\/350.org\/pt\/#\/schema\/person\/4521a6c0ad724d2f86ad0cbc1c0502bb"},"breadcrumb":{"@id":"https:\/\/350.org\/pt\/a-ciencia-trabalha-com-fatos-temos-as-ferramentas-para-resolver-a-crise-climatica\/#breadcrumb"},"inLanguage":"pt-BR","potentialAction":[{"@type":"ReadAction","target":["https:\/\/350.org\/pt\/a-ciencia-trabalha-com-fatos-temos-as-ferramentas-para-resolver-a-crise-climatica\/"]}]},{"@type":"ImageObject","inLanguage":"pt-BR","@id":"https:\/\/350.org\/pt\/a-ciencia-trabalha-com-fatos-temos-as-ferramentas-para-resolver-a-crise-climatica\/#primaryimage","url":"https:\/\/350.org\/pt\/wp-content\/uploads\/sites\/12\/2023\/04\/20220301_PV_Turn_Over_Limasawa_KLL_24.jpg","contentUrl":"https:\/\/350.org\/pt\/wp-content\/uploads\/sites\/12\/2023\/04\/20220301_PV_Turn_Over_Limasawa_KLL_24.jpg","width":2250,"height":1500,"caption":"RE-serve Corps volunteer assists the installation of solar panels on top of San Agustin Barangay Hall."},{"@type":"BreadcrumbList","@id":"https:\/\/350.org\/pt\/a-ciencia-trabalha-com-fatos-temos-as-ferramentas-para-resolver-a-crise-climatica\/#breadcrumb","itemListElement":[{"@type":"ListItem","position":1,"name":"Home","item":"https:\/\/350.org\/pt\/"},{"@type":"ListItem","position":2,"name":"A ci\u00eancia trabalha com fatos: temos as ferramentas para resolver a crise clim\u00e1tica"}]},{"@type":"WebSite","@id":"https:\/\/350.org\/pt\/#website","url":"https:\/\/350.org\/pt\/","name":"350 Portugu\u00eas","description":"","potentialAction":[{"@type":"SearchAction","target":{"@type":"EntryPoint","urlTemplate":"https:\/\/350.org\/pt\/?s={search_term_string}"},"query-input":{"@type":"PropertyValueSpecification","valueRequired":true,"valueName":"search_term_string"}}],"inLanguage":"pt-BR"},{"@type":"Person","@id":"https:\/\/350.org\/pt\/#\/schema\/person\/4521a6c0ad724d2f86ad0cbc1c0502bb","name":"santiago","image":{"@type":"ImageObject","inLanguage":"pt-BR","@id":"https:\/\/secure.gravatar.com\/avatar\/a23fe01f4353420aa60b4c4a41e4a4dece65384f1ea1908a97b5f2fe1e4924ce?s=96&d=mm&r=g","url":"https:\/\/secure.gravatar.com\/avatar\/a23fe01f4353420aa60b4c4a41e4a4dece65384f1ea1908a97b5f2fe1e4924ce?s=96&d=mm&r=g","contentUrl":"https:\/\/secure.gravatar.com\/avatar\/a23fe01f4353420aa60b4c4a41e4a4dece65384f1ea1908a97b5f2fe1e4924ce?s=96&d=mm&r=g","caption":"santiago"},"url":"https:\/\/350.org\/pt\/author\/santiago\/"}]}},"_links":{"self":[{"href":"https:\/\/350.org\/pt\/wp-json\/wp\/v2\/posts\/138260","targetHints":{"allow":["GET"]}}],"collection":[{"href":"https:\/\/350.org\/pt\/wp-json\/wp\/v2\/posts"}],"about":[{"href":"https:\/\/350.org\/pt\/wp-json\/wp\/v2\/types\/post"}],"author":[{"embeddable":true,"href":"https:\/\/350.org\/pt\/wp-json\/wp\/v2\/users\/10012089"}],"replies":[{"embeddable":true,"href":"https:\/\/350.org\/pt\/wp-json\/wp\/v2\/comments?post=138260"}],"version-history":[{"count":0,"href":"https:\/\/350.org\/pt\/wp-json\/wp\/v2\/posts\/138260\/revisions"}],"wp:featuredmedia":[{"embeddable":true,"href":"https:\/\/350.org\/pt\/wp-json\/wp\/v2\/media\/138265"}],"wp:attachment":[{"href":"https:\/\/350.org\/pt\/wp-json\/wp\/v2\/media?parent=138260"}],"wp:term":[{"taxonomy":"category","embeddable":true,"href":"https:\/\/350.org\/pt\/wp-json\/wp\/v2\/categories?post=138260"},{"taxonomy":"post_tag","embeddable":true,"href":"https:\/\/350.org\/pt\/wp-json\/wp\/v2\/tags?post=138260"}],"curies":[{"name":"wp","href":"https:\/\/api.w.org\/{rel}","templated":true}]}}