{"id":175521798,"date":"2025-11-21T10:55:22","date_gmt":"2025-11-21T13:55:22","guid":{"rendered":"https:\/\/350.org\/pt\/?p=175521798"},"modified":"2026-01-07T16:14:32","modified_gmt":"2026-01-07T19:14:32","slug":"350-org-alerta-que-os-textos-preliminares-da-cop30-ficam-aquem-na-eliminacao-dos-combustiveis-fosseis-e-no-financiamento-climatico-mesmo-diante-do-forte-impulso-global","status":"publish","type":"post","link":"https:\/\/350.org\/pt\/350-org-alerta-que-os-textos-preliminares-da-cop30-ficam-aquem-na-eliminacao-dos-combustiveis-fosseis-e-no-financiamento-climatico-mesmo-diante-do-forte-impulso-global\/","title":{"rendered":"350.org: \u00e0s v\u00e9speras do encerramento, textos da COP30 ainda falham sobre f\u00f3sseis e financiamento"},"content":{"rendered":"<p><span style=\"font-weight: 400;\">21 de novembro, Bel\u00e9m, PA \u2013 Em resposta \u00e0 segunda vers\u00e3o dos textos preliminares divulgada na manh\u00e3 de hoje, a 350.org alerta que os documentos ainda carecem da ambi\u00e7\u00e3o necess\u00e1ria para fechar as lacunas de clima e financiamento, mesmo em um momento em que o impulso global por um roteiro de elimina\u00e7\u00e3o dos combust\u00edveis f\u00f3sseis ganha for\u00e7a rapidamente.<\/span><\/p>\n<p><i><span style=\"font-weight: 400;\">\u201cOs rascunhos das decis\u00f5es da COP30 divulgados esta manh\u00e3 ficam muito aqu\u00e9m do salto necess\u00e1rio para fechar a lacuna de ambi\u00e7\u00e3o clim\u00e1tica. O principal problema \u00e9 que eles n\u00e3o apresentam um plano claro e forte para acabar com os combust\u00edveis f\u00f3sseis. A cria\u00e7\u00e3o de um mecanismo de Transi\u00e7\u00e3o Justa \u00e9 uma conquista importante, com potencial real para melhorar a implementa\u00e7\u00e3o na pr\u00e1tica, de forma justa, mas sem um plano para deixar o petr\u00f3leo, o g\u00e1s e o carv\u00e3o para tr\u00e1s, continuamos alimentando o fogo desse inc\u00eandio. Na parte de financiamento (especialmente com o enfraquecimento do compromisso de triplicar o apoio \u00e0 adapta\u00e7\u00e3o) os textos n\u00e3o oferecem o apoio essencial que as comunidades j\u00e1 afetadas pela crise clim\u00e1tica precisam urgentemente. N\u00e3o d\u00e1 para alcan\u00e7ar justi\u00e7a sem o dinheiro necess\u00e1rio&#8221;<\/span><\/i><span style=\"font-weight: 400;\">, afirmou <\/span><b>Andreas Sieber, diretor associado de pol\u00edticas e campanhas da 350.org<\/b><span style=\"font-weight: 400;\">.<\/span><\/p>\n<p><i><span style=\"font-weight: 400;\">\u201cEstamos num ponto em que as nossas ilhas simplesmente n\u00e3o t\u00eam margem para mais atrasos. O Mecanismo de Transi\u00e7\u00e3o Justa \u00e9, sim, uma conquista importante, mas o fato de o texto preliminar divulgado esta manh\u00e3 nem sequer mencionar um plano para superar os combust\u00edveis f\u00f3sseis acaba ofuscando esse avan\u00e7o aqui em Bel\u00e9m. A COP30 precisa enfrentar de frente a causa da crise clim\u00e1tica e garantir os recursos necess\u00e1rios para que possamos nos adaptar. Vivemos na fronteira entre a sobreviv\u00eancia e a cat\u00e1strofe, e, nestas horas decisivas, espero poder voltar para nossas comunidades com algum sinal de que o mundo considera nossos lares valiosos e dignos de prote\u00e7\u00e3o\u201d<\/span><\/i><span style=\"font-weight: 400;\">, disse <\/span><b>Fenton Lutunatabua, coordenador da equipe do Pac\u00edfico da 350.org<\/b><span style=\"font-weight: 400;\">.<\/span><\/p>\n<p><span style=\"font-weight: 400;\">A falta de clareza sobre combust\u00edveis f\u00f3sseis persiste <\/span><b>apesar de mais de 80 pa\u00edses apoiarem publicamente o Mapa do Caminho para o fim dos Combust\u00edveis F\u00f3sseis<\/b><span style=\"font-weight: 400;\">. Ainda assim, a se\u00e7\u00e3o de mitiga\u00e7\u00e3o do rascunho n\u00e3o menciona combust\u00edveis f\u00f3sseis, apostando em iniciativas volunt\u00e1rias fr\u00e1geis e planos vagos, bem como n\u00e3o vinculantes para reduzir petr\u00f3leo, g\u00e1s e carv\u00e3o.<\/span><\/p>\n<p><span style=\"font-weight: 400;\">Sobre financiamento, o texto segue muito distante do pacote centrado em justi\u00e7a que o mundo precisa entregar:<\/span><\/p>\n<ul>\n<li style=\"font-weight: 400;\" aria-level=\"1\"><span style=\"font-weight: 400;\">O chamado para triplicar o financiamento de adapta\u00e7\u00e3o foi dilu\u00eddo\u00a0 e continua sem qualquer clareza sobre quem deve cumprir essa meta.<\/span><\/li>\n<li style=\"font-weight: 400;\" aria-level=\"1\"><span style=\"font-weight: 400;\">A nova meta coletiva quantificada (NCQG) segue sem um plano concreto de implementa\u00e7\u00e3o.<\/span><\/li>\n<li style=\"font-weight: 400;\" aria-level=\"1\"><span style=\"font-weight: 400;\">N\u00e3o h\u00e1 avan\u00e7os reais sobre novas fontes inovadoras de financiamento, nem sobre como garantir acesso direto para Povos Ind\u00edgenas, tampouco sobre definir uma base de contribuintes justa.<\/span><\/li>\n<li style=\"font-weight: 400;\" aria-level=\"1\"><span style=\"font-weight: 400;\">A refer\u00eancia ao fim dos subs\u00eddios aos combust\u00edveis f\u00f3sseis simplesmente desapareceu do texto.<\/span><\/li>\n<\/ul>\n<p><span style=\"font-weight: 400;\">O lan\u00e7amento do <\/span><b>Mecanismo de Transi\u00e7\u00e3o Justa<\/b><span style=\"font-weight: 400;\"> \u00e9 um passo significativo e bem-vindo, mas sem um plano de elimina\u00e7\u00e3o dos combust\u00edveis f\u00f3sseis e sem financiamento real, o mundo continuar\u00e1 adicionando lenha ao fogo.<\/span><\/p>\n<p><span style=\"font-weight: 400;\">A 350.org clama aos pa\u00edses negociadores a seguirem o forte momento global e a entregarem um resultado final da COP30 que seja justo, equitativo e plenamente alinhado com a ci\u00eancia e com a justi\u00e7a clim\u00e1tica. <\/span><b>Um acordo robusto para esta COP precisa, necessariamente, unir tr\u00eas pilares: financiamento justo, adapta\u00e7\u00e3o real e um chamado claro para um mapa que visa o fim dos combust\u00edveis f\u00f3sseis<\/b><span style=\"font-weight: 400;\">. Sem esses tr\u00eas elementos, o pacto simplesmente n\u00e3o se sustenta.<\/span><\/p>\n<p><b>Contato para a imprensa:<\/b><\/p>\n<p><span style=\"font-weight: 400;\">Mariana Abdalla<\/span><span style=\"font-weight: 400;\"><br \/>\n<\/span><span style=\"font-weight: 400;\"> +55 21 99823 5563<\/span><span style=\"font-weight: 400;\"><br \/>\n<\/span><span style=\"font-weight: 400;\"><br \/>\n<\/span><span style=\"font-weight: 400;\">Rachel Brabbins <\/span><span style=\"font-weight: 400;\"><br \/>\n<\/span><span style=\"font-weight: 400;\"> +55 21 98299 8251<\/span><\/p>\n<p>&nbsp;<\/p>\n","protected":false},"excerpt":{"rendered":"<p>21 de novembro, Bel\u00e9m, PA \u2013 Em resposta \u00e0 segunda vers\u00e3o dos textos preliminares divulgada na manh\u00e3 de hoje, a<span class=\"text-cutoff\">&#8230;<\/span><\/p>\n","protected":false},"author":10012329,"featured_media":0,"comment_status":"closed","ping_status":"closed","sticky":false,"template":"","format":"standard","meta":{"_acf_changed":false,"footnotes":""},"categories":[4],"tags":[],"class_list":["post-175521798","post","type-post","status-publish","format-standard","hentry","category-featured"],"acf":[],"yoast_head":"<!-- This site is optimized with the Yoast SEO Premium plugin v26.9 (Yoast SEO v27.5) - https:\/\/yoast.com\/product\/yoast-seo-premium-wordpress\/ -->\n<title>350.org: \u00e0s v\u00e9speras do encerramento, textos da COP30 ainda falham sobre f\u00f3sseis e financiamento - 350 Portugu\u00eas<\/title>\n<meta name=\"robots\" content=\"index, follow, max-snippet:-1, max-image-preview:large, max-video-preview:-1\" \/>\n<link rel=\"canonical\" href=\"https:\/\/350.org\/pt\/350-org-alerta-que-os-textos-preliminares-da-cop30-ficam-aquem-na-eliminacao-dos-combustiveis-fosseis-e-no-financiamento-climatico-mesmo-diante-do-forte-impulso-global\/\" \/>\n<meta property=\"og:locale\" content=\"pt_BR\" \/>\n<meta property=\"og:type\" content=\"article\" \/>\n<meta property=\"og:title\" content=\"350.org: \u00e0s v\u00e9speras do encerramento, textos da COP30 ainda falham sobre f\u00f3sseis e financiamento\" \/>\n<meta property=\"og:description\" content=\"21 de novembro, Bel\u00e9m, PA \u2013 Em resposta \u00e0 segunda vers\u00e3o dos textos preliminares divulgada na manh\u00e3 de hoje, a...\" \/>\n<meta property=\"og:url\" content=\"https:\/\/350.org\/pt\/350-org-alerta-que-os-textos-preliminares-da-cop30-ficam-aquem-na-eliminacao-dos-combustiveis-fosseis-e-no-financiamento-climatico-mesmo-diante-do-forte-impulso-global\/\" \/>\n<meta property=\"og:site_name\" content=\"350 Portugu\u00eas\" \/>\n<meta property=\"article:published_time\" content=\"2025-11-21T13:55:22+00:00\" \/>\n<meta property=\"article:modified_time\" content=\"2026-01-07T19:14:32+00:00\" \/>\n<meta name=\"author\" content=\"marianaabdalla\" \/>\n<meta name=\"twitter:card\" content=\"summary_large_image\" \/>\n<meta name=\"twitter:label1\" content=\"Escrito por\" \/>\n\t<meta name=\"twitter:data1\" content=\"marianaabdalla\" \/>\n\t<meta name=\"twitter:label2\" content=\"Est. tempo de leitura\" \/>\n\t<meta name=\"twitter:data2\" content=\"4 minutos\" \/>\n<script type=\"application\/ld+json\" class=\"yoast-schema-graph\">{\"@context\":\"https:\\\/\\\/schema.org\",\"@graph\":[{\"@type\":\"Article\",\"@id\":\"https:\\\/\\\/350.org\\\/pt\\\/350-org-alerta-que-os-textos-preliminares-da-cop30-ficam-aquem-na-eliminacao-dos-combustiveis-fosseis-e-no-financiamento-climatico-mesmo-diante-do-forte-impulso-global\\\/#article\",\"isPartOf\":{\"@id\":\"https:\\\/\\\/350.org\\\/pt\\\/350-org-alerta-que-os-textos-preliminares-da-cop30-ficam-aquem-na-eliminacao-dos-combustiveis-fosseis-e-no-financiamento-climatico-mesmo-diante-do-forte-impulso-global\\\/\"},\"author\":{\"name\":\"marianaabdalla\",\"@id\":\"https:\\\/\\\/350.org\\\/pt\\\/#\\\/schema\\\/person\\\/a29eab039ee4442db245381f771e6567\"},\"headline\":\"350.org: \u00e0s v\u00e9speras do encerramento, textos da COP30 ainda falham sobre f\u00f3sseis e financiamento\",\"datePublished\":\"2025-11-21T13:55:22+00:00\",\"dateModified\":\"2026-01-07T19:14:32+00:00\",\"mainEntityOfPage\":{\"@id\":\"https:\\\/\\\/350.org\\\/pt\\\/350-org-alerta-que-os-textos-preliminares-da-cop30-ficam-aquem-na-eliminacao-dos-combustiveis-fosseis-e-no-financiamento-climatico-mesmo-diante-do-forte-impulso-global\\\/\"},\"wordCount\":672,\"articleSection\":[\"Featured\"],\"inLanguage\":\"pt-BR\"},{\"@type\":\"WebPage\",\"@id\":\"https:\\\/\\\/350.org\\\/pt\\\/350-org-alerta-que-os-textos-preliminares-da-cop30-ficam-aquem-na-eliminacao-dos-combustiveis-fosseis-e-no-financiamento-climatico-mesmo-diante-do-forte-impulso-global\\\/\",\"url\":\"https:\\\/\\\/350.org\\\/pt\\\/350-org-alerta-que-os-textos-preliminares-da-cop30-ficam-aquem-na-eliminacao-dos-combustiveis-fosseis-e-no-financiamento-climatico-mesmo-diante-do-forte-impulso-global\\\/\",\"name\":\"350.org: \u00e0s v\u00e9speras do encerramento, textos da COP30 ainda falham sobre f\u00f3sseis e financiamento - 350 Portugu\u00eas\",\"isPartOf\":{\"@id\":\"https:\\\/\\\/350.org\\\/pt\\\/#website\"},\"datePublished\":\"2025-11-21T13:55:22+00:00\",\"dateModified\":\"2026-01-07T19:14:32+00:00\",\"author\":{\"@id\":\"https:\\\/\\\/350.org\\\/pt\\\/#\\\/schema\\\/person\\\/a29eab039ee4442db245381f771e6567\"},\"breadcrumb\":{\"@id\":\"https:\\\/\\\/350.org\\\/pt\\\/350-org-alerta-que-os-textos-preliminares-da-cop30-ficam-aquem-na-eliminacao-dos-combustiveis-fosseis-e-no-financiamento-climatico-mesmo-diante-do-forte-impulso-global\\\/#breadcrumb\"},\"inLanguage\":\"pt-BR\",\"potentialAction\":[{\"@type\":\"ReadAction\",\"target\":[\"https:\\\/\\\/350.org\\\/pt\\\/350-org-alerta-que-os-textos-preliminares-da-cop30-ficam-aquem-na-eliminacao-dos-combustiveis-fosseis-e-no-financiamento-climatico-mesmo-diante-do-forte-impulso-global\\\/\"]}]},{\"@type\":\"BreadcrumbList\",\"@id\":\"https:\\\/\\\/350.org\\\/pt\\\/350-org-alerta-que-os-textos-preliminares-da-cop30-ficam-aquem-na-eliminacao-dos-combustiveis-fosseis-e-no-financiamento-climatico-mesmo-diante-do-forte-impulso-global\\\/#breadcrumb\",\"itemListElement\":[{\"@type\":\"ListItem\",\"position\":1,\"name\":\"Home\",\"item\":\"https:\\\/\\\/350.org\\\/pt\\\/\"},{\"@type\":\"ListItem\",\"position\":2,\"name\":\"350.org: \u00e0s v\u00e9speras do encerramento, textos da COP30 ainda falham sobre f\u00f3sseis e financiamento\"}]},{\"@type\":\"WebSite\",\"@id\":\"https:\\\/\\\/350.org\\\/pt\\\/#website\",\"url\":\"https:\\\/\\\/350.org\\\/pt\\\/\",\"name\":\"350 Portugu\u00eas\",\"description\":\"\",\"potentialAction\":[{\"@type\":\"SearchAction\",\"target\":{\"@type\":\"EntryPoint\",\"urlTemplate\":\"https:\\\/\\\/350.org\\\/pt\\\/?s={search_term_string}\"},\"query-input\":{\"@type\":\"PropertyValueSpecification\",\"valueRequired\":true,\"valueName\":\"search_term_string\"}}],\"inLanguage\":\"pt-BR\"},{\"@type\":\"Person\",\"@id\":\"https:\\\/\\\/350.org\\\/pt\\\/#\\\/schema\\\/person\\\/a29eab039ee4442db245381f771e6567\",\"name\":\"marianaabdalla\",\"image\":{\"@type\":\"ImageObject\",\"inLanguage\":\"pt-BR\",\"@id\":\"https:\\\/\\\/secure.gravatar.com\\\/avatar\\\/454827eca0667f7568578ddcf106ce7e11805da4eeecb0ece90591a2a49846be?s=96&d=mm&r=g\",\"url\":\"https:\\\/\\\/secure.gravatar.com\\\/avatar\\\/454827eca0667f7568578ddcf106ce7e11805da4eeecb0ece90591a2a49846be?s=96&d=mm&r=g\",\"contentUrl\":\"https:\\\/\\\/secure.gravatar.com\\\/avatar\\\/454827eca0667f7568578ddcf106ce7e11805da4eeecb0ece90591a2a49846be?s=96&d=mm&r=g\",\"caption\":\"marianaabdalla\"},\"url\":\"https:\\\/\\\/350.org\\\/pt\\\/author\\\/marianaabdalla\\\/\"}]}<\/script>\n<!-- \/ Yoast SEO Premium plugin. -->","yoast_head_json":{"title":"350.org: \u00e0s v\u00e9speras do encerramento, textos da COP30 ainda falham sobre f\u00f3sseis e financiamento - 350 Portugu\u00eas","robots":{"index":"index","follow":"follow","max-snippet":"max-snippet:-1","max-image-preview":"max-image-preview:large","max-video-preview":"max-video-preview:-1"},"canonical":"https:\/\/350.org\/pt\/350-org-alerta-que-os-textos-preliminares-da-cop30-ficam-aquem-na-eliminacao-dos-combustiveis-fosseis-e-no-financiamento-climatico-mesmo-diante-do-forte-impulso-global\/","og_locale":"pt_BR","og_type":"article","og_title":"350.org: \u00e0s v\u00e9speras do encerramento, textos da COP30 ainda falham sobre f\u00f3sseis e financiamento","og_description":"21 de novembro, Bel\u00e9m, PA \u2013 Em resposta \u00e0 segunda vers\u00e3o dos textos preliminares divulgada na manh\u00e3 de hoje, a...","og_url":"https:\/\/350.org\/pt\/350-org-alerta-que-os-textos-preliminares-da-cop30-ficam-aquem-na-eliminacao-dos-combustiveis-fosseis-e-no-financiamento-climatico-mesmo-diante-do-forte-impulso-global\/","og_site_name":"350 Portugu\u00eas","article_published_time":"2025-11-21T13:55:22+00:00","article_modified_time":"2026-01-07T19:14:32+00:00","author":"marianaabdalla","twitter_card":"summary_large_image","twitter_misc":{"Escrito por":"marianaabdalla","Est. tempo de leitura":"4 minutos"},"schema":{"@context":"https:\/\/schema.org","@graph":[{"@type":"Article","@id":"https:\/\/350.org\/pt\/350-org-alerta-que-os-textos-preliminares-da-cop30-ficam-aquem-na-eliminacao-dos-combustiveis-fosseis-e-no-financiamento-climatico-mesmo-diante-do-forte-impulso-global\/#article","isPartOf":{"@id":"https:\/\/350.org\/pt\/350-org-alerta-que-os-textos-preliminares-da-cop30-ficam-aquem-na-eliminacao-dos-combustiveis-fosseis-e-no-financiamento-climatico-mesmo-diante-do-forte-impulso-global\/"},"author":{"name":"marianaabdalla","@id":"https:\/\/350.org\/pt\/#\/schema\/person\/a29eab039ee4442db245381f771e6567"},"headline":"350.org: \u00e0s v\u00e9speras do encerramento, textos da COP30 ainda falham sobre f\u00f3sseis e financiamento","datePublished":"2025-11-21T13:55:22+00:00","dateModified":"2026-01-07T19:14:32+00:00","mainEntityOfPage":{"@id":"https:\/\/350.org\/pt\/350-org-alerta-que-os-textos-preliminares-da-cop30-ficam-aquem-na-eliminacao-dos-combustiveis-fosseis-e-no-financiamento-climatico-mesmo-diante-do-forte-impulso-global\/"},"wordCount":672,"articleSection":["Featured"],"inLanguage":"pt-BR"},{"@type":"WebPage","@id":"https:\/\/350.org\/pt\/350-org-alerta-que-os-textos-preliminares-da-cop30-ficam-aquem-na-eliminacao-dos-combustiveis-fosseis-e-no-financiamento-climatico-mesmo-diante-do-forte-impulso-global\/","url":"https:\/\/350.org\/pt\/350-org-alerta-que-os-textos-preliminares-da-cop30-ficam-aquem-na-eliminacao-dos-combustiveis-fosseis-e-no-financiamento-climatico-mesmo-diante-do-forte-impulso-global\/","name":"350.org: \u00e0s v\u00e9speras do encerramento, textos da COP30 ainda falham sobre f\u00f3sseis e financiamento - 350 Portugu\u00eas","isPartOf":{"@id":"https:\/\/350.org\/pt\/#website"},"datePublished":"2025-11-21T13:55:22+00:00","dateModified":"2026-01-07T19:14:32+00:00","author":{"@id":"https:\/\/350.org\/pt\/#\/schema\/person\/a29eab039ee4442db245381f771e6567"},"breadcrumb":{"@id":"https:\/\/350.org\/pt\/350-org-alerta-que-os-textos-preliminares-da-cop30-ficam-aquem-na-eliminacao-dos-combustiveis-fosseis-e-no-financiamento-climatico-mesmo-diante-do-forte-impulso-global\/#breadcrumb"},"inLanguage":"pt-BR","potentialAction":[{"@type":"ReadAction","target":["https:\/\/350.org\/pt\/350-org-alerta-que-os-textos-preliminares-da-cop30-ficam-aquem-na-eliminacao-dos-combustiveis-fosseis-e-no-financiamento-climatico-mesmo-diante-do-forte-impulso-global\/"]}]},{"@type":"BreadcrumbList","@id":"https:\/\/350.org\/pt\/350-org-alerta-que-os-textos-preliminares-da-cop30-ficam-aquem-na-eliminacao-dos-combustiveis-fosseis-e-no-financiamento-climatico-mesmo-diante-do-forte-impulso-global\/#breadcrumb","itemListElement":[{"@type":"ListItem","position":1,"name":"Home","item":"https:\/\/350.org\/pt\/"},{"@type":"ListItem","position":2,"name":"350.org: \u00e0s v\u00e9speras do encerramento, textos da COP30 ainda falham sobre f\u00f3sseis e financiamento"}]},{"@type":"WebSite","@id":"https:\/\/350.org\/pt\/#website","url":"https:\/\/350.org\/pt\/","name":"350 Portugu\u00eas","description":"","potentialAction":[{"@type":"SearchAction","target":{"@type":"EntryPoint","urlTemplate":"https:\/\/350.org\/pt\/?s={search_term_string}"},"query-input":{"@type":"PropertyValueSpecification","valueRequired":true,"valueName":"search_term_string"}}],"inLanguage":"pt-BR"},{"@type":"Person","@id":"https:\/\/350.org\/pt\/#\/schema\/person\/a29eab039ee4442db245381f771e6567","name":"marianaabdalla","image":{"@type":"ImageObject","inLanguage":"pt-BR","@id":"https:\/\/secure.gravatar.com\/avatar\/454827eca0667f7568578ddcf106ce7e11805da4eeecb0ece90591a2a49846be?s=96&d=mm&r=g","url":"https:\/\/secure.gravatar.com\/avatar\/454827eca0667f7568578ddcf106ce7e11805da4eeecb0ece90591a2a49846be?s=96&d=mm&r=g","contentUrl":"https:\/\/secure.gravatar.com\/avatar\/454827eca0667f7568578ddcf106ce7e11805da4eeecb0ece90591a2a49846be?s=96&d=mm&r=g","caption":"marianaabdalla"},"url":"https:\/\/350.org\/pt\/author\/marianaabdalla\/"}]}},"_links":{"self":[{"href":"https:\/\/350.org\/pt\/wp-json\/wp\/v2\/posts\/175521798","targetHints":{"allow":["GET"]}}],"collection":[{"href":"https:\/\/350.org\/pt\/wp-json\/wp\/v2\/posts"}],"about":[{"href":"https:\/\/350.org\/pt\/wp-json\/wp\/v2\/types\/post"}],"author":[{"embeddable":true,"href":"https:\/\/350.org\/pt\/wp-json\/wp\/v2\/users\/10012329"}],"replies":[{"embeddable":true,"href":"https:\/\/350.org\/pt\/wp-json\/wp\/v2\/comments?post=175521798"}],"version-history":[{"count":0,"href":"https:\/\/350.org\/pt\/wp-json\/wp\/v2\/posts\/175521798\/revisions"}],"wp:attachment":[{"href":"https:\/\/350.org\/pt\/wp-json\/wp\/v2\/media?parent=175521798"}],"wp:term":[{"taxonomy":"category","embeddable":true,"href":"https:\/\/350.org\/pt\/wp-json\/wp\/v2\/categories?post=175521798"},{"taxonomy":"post_tag","embeddable":true,"href":"https:\/\/350.org\/pt\/wp-json\/wp\/v2\/tags?post=175521798"}],"curies":[{"name":"wp","href":"https:\/\/api.w.org\/{rel}","templated":true}]}}